{"id":25537,"date":"2014-01-20T17:49:39","date_gmt":"2014-01-20T16:49:39","guid":{"rendered":"http:\/\/stockportal.hu\/?p=25537"},"modified":"2014-01-20T15:30:54","modified_gmt":"2014-01-20T14:30:54","slug":"paksi-eromu-az-lmp-ujabb-kozerdeku-adatigenylessel-el","status":"publish","type":"post","link":"https:\/\/gazdasagportal.hu\/index.php\/paksi-eromu-az-lmp-ujabb-kozerdeku-adatigenylessel-el\/","title":{"rendered":"Paksi er\u0151m\u0171 &#8211; Az LMP \u00fajabb k\u00f6z\u00e9rdek\u0171 adatig\u00e9nyl\u00e9ssel \u00e9l"},"content":{"rendered":"<p><strong>Az LMP \u00fajabb, a paksi atomer\u0151m\u0171 b\u0151v\u00edt\u00e9s\u00e9re vonatkoz\u00f3 \u00f6sszes szerz\u0151d\u00e9s, valamint azok mell\u00e9kleteire \u00e9s hat\u00e1stanulm\u00e1nyaira kiterjed\u0151 k\u00f6z\u00e9rdek\u0171 adatig\u00e9nyl\u00e9ssel fordul a korm\u00e1nyhoz. Ezt Sz\u00e9l Bernadett, az ellenz\u00e9ki p\u00e1rt orsz\u00e1ggy\u0171l\u00e9si k\u00e9pvisel\u0151je, sz\u00f3viv\u0151je jelentette be h\u00e9tf\u0151n Budapesten \u00fajs\u00e1g\u00edr\u00f3knak.<!--more--><\/strong><\/p>\n<div id=\"vid4u\"><\/div>\n<p><script type=\"text\/javascript\">var rid = 100000 + Math.floor(Math.random()*99999); var b = document.createElement(\"div\"); b.setAttribute(\"id\", \"v4u_c_\"+rid+\"_6\"); var r = document.getElementById(\"vid4u\"); r.parentNode.insertBefore(b,r); r.setAttribute(\"id\", \"\"); (function(w, d, s, rid) { function go(){ var js, fjs = d.getElementsByTagName(s)[0], load = function(url, id) { if (d.getElementById(id)) { d.getElementById(id).onload = d.getElementById(id).onreadystatechange = function() { if (typeof vid4u != 'undefined') vid4u.init(728,90,\"d6z4bMg3ln\",\"XFmIrRMrqA\",6, rid);}; return; } js = d.createElement(s); js.src = url; js.id = id; fjs.parentNode.insertBefore(js, fjs); js.onload = js.onreadystatechange = function() { if (typeof vid4u != 'undefined') vid4u.init(728,90,\"d6z4bMg3ln\",\"XFmIrRMrqA\",6, rid); };}; load(\"http:\/\/video.vid4u.org\/vid4ul.js\", \"vjs_\"+rid); } go(); }(window, document, \"script\", rid));<\/script><\/p>\n<p>Hangs\u00falyozta, kor\u00e1bban csak N\u00e9meth L\u00e1szl\u00f3n\u00e9 fejleszt\u00e9si minisztert\u0151l pr\u00f3b\u00e1lt\u00e1k megtudni a Moszkv\u00e1ban al\u00e1\u00edrt szerz\u0151d\u00e9sek r\u00e9szleteit, de most olyan ig\u00e9nyl\u00e9st fogalmaztak meg, amely a teljes meg\u00e1llapod\u00e1sra kiterjed. Az ellenz\u00e9ki politikus szerint erre az\u00e9rt van sz\u00fcks\u00e9g, mert a kabinet felh\u00e1bor\u00edt\u00f3 m\u00f3don semmilyen r\u00e9szletet sem \u00e1rult el a &#8222;Magyarorsz\u00e1g szuverenit\u00e1s\u00e1t s\u00falyosan s\u00e9rt\u0151 paktumb\u00f3l&#8221;.<br \/>\nSz\u00e9l Bernadett al\u00e1h\u00fazta: parlamenti k\u00e9pvisel\u0151k\u00e9nt a titkos\u00edtott adatokat is joga van megismerni, ez\u00e9rt arra sz\u00e1m\u00edt, 15 napon bel\u00fcl minden inform\u00e1ci\u00f3 a rendelkez\u00e9s\u00e9re \u00e1ll majd az \u00fcgyben. Sz\u00f3lt arr\u00f3l is, hogy az Eur\u00f3pai Bizotts\u00e1g energia\u00fcgyi f\u0151igazgat\u00f3s\u00e1g\u00e1n\u00e1l is adatig\u00e9nyl\u00e9ssel \u00e9ltek, tov\u00e1bb\u00e1 k\u00f6z\u00f6lte, \u00c1der J\u00e1nos k\u00f6zt\u00e1rsas\u00e1gi eln\u00f6k jelz\u00e9s\u00e9t is v\u00e1rj\u00e1k, mikor tudja fogadni \u0151ket kor\u00e1bbi megkeres\u00e9s\u00fck alapj\u00e1n.<br \/>\nSz\u00e9l Bernadett emellett ism\u00e9t ny\u00edlt vit\u00e1ra h\u00edvta N\u00e9meth L\u00e1szl\u00f3n\u00e9t, aki szerinte nem v\u00e1laszolt kor\u00e1bbi hasonl\u00f3 felh\u00edv\u00e1s\u00e1ra. A sz\u00f3viv\u0151 az ellenz\u00e9ki p\u00e1rtokat, az MSZP-t, a Jobbikot \u00e9s a DK-t is b\u00edr\u00e1lta, ami\u00e9rt nem voltak hajland\u00f3k vel\u00fck egy\u00fcttm\u0171k\u00f6dni egy, a paksi atomer\u0151m\u0171 b\u0151v\u00edt\u00e9s\u00e9r\u0151l sz\u00f3l\u00f3 vitanap \u00f6sszeh\u00edv\u00e1s\u00e1ban.<br \/>\nAz LMP mindezekre tekintettel tov\u00e1bbra is v\u00e1r mindenkit az er\u0151m\u0171b\u0151v\u00edt\u00e9ssel szembeni szombati demonstr\u00e1ci\u00f3j\u00e1ra &#8211; f\u0171zte hozz\u00e1 Sz\u00e9l Bernadett.(MTI)<\/p>\n","protected":false},"excerpt":{"rendered":"<p>Az LMP \u00fajabb, a paksi atomer\u0151m\u0171 b\u0151v\u00edt\u00e9s\u00e9re vonatkoz\u00f3 \u00f6sszes szerz\u0151d\u00e9s, valamint azok mell\u00e9kleteire \u00e9s hat\u00e1stanulm\u00e1nyaira kiterjed\u0151 k\u00f6z\u00e9rdek\u0171 adatig\u00e9nyl\u00e9ssel fordul a korm\u00e1nyhoz. Ezt Sz\u00e9l Bernadett, az ellenz\u00e9ki p\u00e1rt orsz\u00e1ggy\u0171l\u00e9si k\u00e9pvisel\u0151je, sz\u00f3viv\u0151je jelentette be h\u00e9tf\u0151n Budapesten \u00fajs\u00e1g\u00edr\u00f3knak.<\/p>\n","protected":false},"author":1,"featured_media":0,"comment_status":"open","ping_status":"closed","sticky":false,"template":"","format":"standard","meta":[],"categories":[18],"tags":[],"_links":{"self":[{"href":"https:\/\/gazdasagportal.hu\/index.php\/wp-json\/wp\/v2\/posts\/25537"}],"collection":[{"href":"https:\/\/gazdasagportal.hu\/index.php\/wp-json\/wp\/v2\/posts"}],"about":[{"href":"https:\/\/gazdasagportal.hu\/index.php\/wp-json\/wp\/v2\/types\/post"}],"author":[{"embeddable":true,"href":"https:\/\/gazdasagportal.hu\/index.php\/wp-json\/wp\/v2\/users\/1"}],"replies":[{"embeddable":true,"href":"https:\/\/gazdasagportal.hu\/index.php\/wp-json\/wp\/v2\/comments?post=25537"}],"version-history":[{"count":1,"href":"https:\/\/gazdasagportal.hu\/index.php\/wp-json\/wp\/v2\/posts\/25537\/revisions"}],"predecessor-version":[{"id":25538,"href":"https:\/\/gazdasagportal.hu\/index.php\/wp-json\/wp\/v2\/posts\/25537\/revisions\/25538"}],"wp:attachment":[{"href":"https:\/\/gazdasagportal.hu\/index.php\/wp-json\/wp\/v2\/media?parent=25537"}],"wp:term":[{"taxonomy":"category","embeddable":true,"href":"https:\/\/gazdasagportal.hu\/index.php\/wp-json\/wp\/v2\/categories?post=25537"},{"taxonomy":"post_tag","embeddable":true,"href":"https:\/\/gazdasagportal.hu\/index.php\/wp-json\/wp\/v2\/tags?post=25537"}],"curies":[{"name":"wp","href":"https:\/\/api.w.org\/{rel}","templated":true}]}}