{"id":25373,"date":"2014-01-17T13:27:05","date_gmt":"2014-01-17T12:27:05","guid":{"rendered":"http:\/\/stockportal.hu\/?p=25373"},"modified":"2014-01-17T13:27:05","modified_gmt":"2014-01-17T12:27:05","slug":"szazadveg-a-tobbseg-nem-ert-egyet-a-feltetel-nelkuli-alapjovedelemmel","status":"publish","type":"post","link":"https:\/\/gazdasagportal.hu\/index.php\/szazadveg-a-tobbseg-nem-ert-egyet-a-feltetel-nelkuli-alapjovedelemmel\/","title":{"rendered":"Sz\u00e1zadv\u00e9g: a t\u00f6bbs\u00e9g nem \u00e9rt egyet a felt\u00e9tel n\u00e9lk\u00fcli alapj\u00f6vedelemmel"},"content":{"rendered":"<p><strong>A Sz\u00e1zadv\u00e9g janu\u00e1ri k\u00f6zv\u00e9lem\u00e9ny-kutat\u00e1sa szerint a magyar lakoss\u00e1g t\u00f6bb mint k\u00e9tharmada, vagyis 67 sz\u00e1zal\u00e9ka nem t\u00e1mogatja a L\u00c9T munkacsoport \u00e1ltal kidolgozott alapj\u00f6vedelem-koncepci\u00f3t &#8211; t\u00e1j\u00e9koztatta a kutat\u00e1s eredm\u00e9ny\u00e9r\u0151l a Sz\u00e1zadv\u00e9g kommunik\u00e1ci\u00f3s igazgat\u00f3ja p\u00e9nteken az MTI-t.<!--more--><\/strong><\/p>\n<p>A megk\u00e9rdezettek 78 sz\u00e1zal\u00e9ka \u00fagy gondolja, hogy a felt\u00e9tel n\u00e9lk\u00fcli alapj\u00f6vedelem bevezet\u00e9s\u00e9t nem b\u00edrn\u00e1 el a magyar gazdas\u00e1g &#8211; k\u00f6z\u00f6lte Keresztesi P\u00e9ter.<br \/>\nEml\u00e9keztetnek arra, hogy janu\u00e1r 11-\u00e9n jelent meg a L\u00c9T\u00a0\u00a0tanulm\u00e1nya, amelyben a f\u00fcggetlen munkacsoport az alapj\u00f6vedelem-koncepci\u00f3j\u00e1t mutatja be. A modell l\u00e9nyege, hogy a magyar szoci\u00e1lis ell\u00e1t\u00f3rendszert a felt\u00e9tel n\u00e9lk\u00fcli alapj\u00f6vedelem bevezet\u00e9s\u00e9vel form\u00e1ln\u00e1k \u00e1t, ez &#8211; a feln\u0151ttek eset\u00e9ben 50 ezer forint &#8211; minden tart\u00f3san Magyarorsz\u00e1gon \u00e9l\u0151 embert megilletne.<br \/>\nA Sz\u00e1zadv\u00e9g kutat\u00e1s tan\u00fas\u00e1ga szerint a magyar lakoss\u00e1g csup\u00e1n 30 sz\u00e1zal\u00e9ka \u00e9rt egyet a mindenkinek felt\u00e9tel n\u00e9lk\u00fcli j\u00e1r\u00f3 alapj\u00f6vedelemmel, a v\u00e1laszad\u00f3k 3 sz\u00e1zal\u00e9ka pedig nem tudott vagy nem akart v\u00e1laszolni.<br \/>\nA v\u00e1laszad\u00f3k 72 sz\u00e1zal\u00e9ka akkor sem \u00e9rtene egyet az elk\u00e9pzel\u00e9ssel, ha azt besz\u00e1moln\u00e1k a munkab\u00e9rbe vagy a nyugd\u00edjba.<br \/>\nM\u00e9g t\u00f6bben utas\u00edtj\u00e1k el &#8211; a megk\u00e9rdezettek 78 sz\u00e1zal\u00e9ka &#8211; az alapj\u00f6vedelem bevezet\u00e9s\u00e9t azzal a felt\u00e9tellel, hogy kiv\u00e1ltan\u00e1 a csal\u00e1di ad\u00f3kedvezm\u00e9nyt.<br \/>\nHa pedig a szoci\u00e1lis juttat\u00e1sok, p\u00e9ld\u00e1ul a seg\u00e9lyek, a gyes \u00e9s a gyed megsz\u0171n\u00e9se is k\u00f6vetkezm\u00e9nye volna az int\u00e9zked\u00e9snek, akkor a felm\u00e9r\u00e9s adatai szerint m\u00e1r a lakoss\u00e1g 80 sz\u00e1zal\u00e9ka utas\u00edtja el az elk\u00e9pzel\u00e9st.<br \/>\nA v\u00e1laszad\u00f3k 61 sz\u00e1zal\u00e9ka szerint az int\u00e9zked\u00e9s hat\u00e1s\u00e1ra kevesebben dolgozn\u00e1nak, \u00e9s csup\u00e1n 7 sz\u00e1zal\u00e9kuk gondolja ennek az ellenkez\u0151j\u00e9t. A t\u00f6bbiek szerint nem befoly\u00e1soln\u00e1 az alapj\u00f6vedelem a munkav\u00e1llal\u00e1st.<br \/>\n&#8222;A felm\u00e9r\u00e9s r\u00e1vil\u00e1g\u00edt arra, hogy a magyar emberek \u00e9rt\u00e9krendj\u00e9ben fontos szerepet t\u00f6lt be a munka, a lakoss\u00e1g jelent\u0151s t\u00f6bbs\u00e9ge ki\u00e1ll amellett, hogy \u00e1ltal\u00e1noss\u00e1gban az embereknek ink\u00e1bb munk\u00e1b\u00f3l kellene meg\u00e9lni\u00fck (89 sz\u00e1zal\u00e9k)&#8221; &#8211; t\u00e1j\u00e9koztatott a felm\u00e9r\u00e9s eredm\u00e9nyeir\u0151l a Sz\u00e1zadv\u00e9g.<br \/>\nAz int\u00e9zet 2014. janu\u00e1r 15-16-\u00e1n 1000 v\u00e9letlenszer\u0171en kiv\u00e1lasztott feln\u0151ttet k\u00e9rdezett meg telefonos k\u00e9rd\u0151\u00edves, \u00fagynevezett CATI-m\u00f3dszerrel. Az elemz\u00e9sben k\u00f6z\u00f6lt adatok plusz-m\u00ednusz legfeljebb 3,2 sz\u00e1zal\u00e9kponttal t\u00e9rhetnek el a mintav\u00e9telb\u0151l fakad\u00f3an att\u00f3l az eredm\u00e9nyt\u0151l, amelyet az orsz\u00e1g \u00f6sszes feln\u0151tt lakos\u00e1nak megk\u00e9rdez\u00e9se eredm\u00e9nyezett volna &#8211; k\u00f6z\u00f6lte Keresztesi P\u00e9ter.(MTI)<\/p>\n","protected":false},"excerpt":{"rendered":"<p>A Sz\u00e1zadv\u00e9g janu\u00e1ri k\u00f6zv\u00e9lem\u00e9ny-kutat\u00e1sa szerint a magyar lakoss\u00e1g t\u00f6bb mint k\u00e9tharmada, vagyis 67 sz\u00e1zal\u00e9ka nem t\u00e1mogatja a L\u00c9T munkacsoport \u00e1ltal kidolgozott alapj\u00f6vedelem-koncepci\u00f3t &#8211; t\u00e1j\u00e9koztatta a kutat\u00e1s eredm\u00e9ny\u00e9r\u0151l a Sz\u00e1zadv\u00e9g kommunik\u00e1ci\u00f3s igazgat\u00f3ja p\u00e9nteken az MTI-t.<\/p>\n","protected":false},"author":1,"featured_media":0,"comment_status":"open","ping_status":"closed","sticky":false,"template":"","format":"standard","meta":[],"categories":[48],"tags":[],"_links":{"self":[{"href":"https:\/\/gazdasagportal.hu\/index.php\/wp-json\/wp\/v2\/posts\/25373"}],"collection":[{"href":"https:\/\/gazdasagportal.hu\/index.php\/wp-json\/wp\/v2\/posts"}],"about":[{"href":"https:\/\/gazdasagportal.hu\/index.php\/wp-json\/wp\/v2\/types\/post"}],"author":[{"embeddable":true,"href":"https:\/\/gazdasagportal.hu\/index.php\/wp-json\/wp\/v2\/users\/1"}],"replies":[{"embeddable":true,"href":"https:\/\/gazdasagportal.hu\/index.php\/wp-json\/wp\/v2\/comments?post=25373"}],"version-history":[{"count":1,"href":"https:\/\/gazdasagportal.hu\/index.php\/wp-json\/wp\/v2\/posts\/25373\/revisions"}],"predecessor-version":[{"id":25374,"href":"https:\/\/gazdasagportal.hu\/index.php\/wp-json\/wp\/v2\/posts\/25373\/revisions\/25374"}],"wp:attachment":[{"href":"https:\/\/gazdasagportal.hu\/index.php\/wp-json\/wp\/v2\/media?parent=25373"}],"wp:term":[{"taxonomy":"category","embeddable":true,"href":"https:\/\/gazdasagportal.hu\/index.php\/wp-json\/wp\/v2\/categories?post=25373"},{"taxonomy":"post_tag","embeddable":true,"href":"https:\/\/gazdasagportal.hu\/index.php\/wp-json\/wp\/v2\/tags?post=25373"}],"curies":[{"name":"wp","href":"https:\/\/api.w.org\/{rel}","templated":true}]}}