{"id":25371,"date":"2014-01-17T13:04:52","date_gmt":"2014-01-17T12:04:52","guid":{"rendered":"http:\/\/stockportal.hu\/?p=25371"},"modified":"2014-01-17T13:04:52","modified_gmt":"2014-01-17T12:04:52","slug":"sziria-a-damaszkuszi-kormany-ott-lesz-a-svajci-bekekonferencian","status":"publish","type":"post","link":"https:\/\/gazdasagportal.hu\/index.php\/sziria-a-damaszkuszi-kormany-ott-lesz-a-svajci-bekekonferencian\/","title":{"rendered":"Sz\u00edria &#8211; A damaszkuszi korm\u00e1ny ott lesz a sv\u00e1jci b\u00e9kekonferenci\u00e1n"},"content":{"rendered":"<p><strong>A sz\u00edriai korm\u00e1ny nem \u00fcl fel a provok\u00e1ci\u00f3knak, \u00e9s a k\u00fcld\u00f6tts\u00e9ge ott lesz a sv\u00e1jci b\u00e9kekonferenci\u00e1n &#8211; jelentette ki Val\u00edd Moallem k\u00fcl\u00fcgyminiszter p\u00e9nteken, miut\u00e1n orosz koll\u00e9g\u00e1j\u00e1val t\u00e1rgyalt Moszkv\u00e1ban.<!--more--><\/strong><\/p>\n<p>Szergej Lavrov, az orosz diplom\u00e1cia vezet\u0151je is a provok\u00e1ci\u00f3k elker\u00fcl\u00e9s\u00e9re figyelmeztette sz\u00edriai koll\u00e9g\u00e1j\u00e1t, de r\u00e9szleteket nem mondott. Csak annyit k\u00f6z\u00f6lt, hogy a Genf-2-nek elnevezett, de j\u00f6v\u0151 szerd\u00e1n Montreux-ben kezd\u0151d\u0151 Sz\u00edria-konferencia el\u0151tt &#8222;mesters\u00e9ges akad\u00e1lyok keletkeznek&#8221;. Hozz\u00e1tette, Moszkv\u00e1t aggasztja, hogy az ellenz\u00e9ki Sz\u00edriai Nemzeti Koal\u00edci\u00f3 (SZNK) elh\u00fazza a d\u00f6nt\u00e9st r\u00e9szv\u00e9tel\u00e9r\u0151l, \u00e9s m\u00e9g nem \u00e1ll\u00edtotta \u00f6ssze a k\u00fcld\u00f6tts\u00e9g\u00e9t.<br \/>\nAz orosz k\u00fcl\u00fcgyminiszter \u00fagy tudja, hogy az SZNK \u00e9s m\u00e1s sz\u00edriai ellenz\u00e9ki er\u0151k m\u00e9g nem is kaptak megh\u00edv\u00f3t a sv\u00e1jci tan\u00e1cskoz\u00e1sra, mert az ENSZ f\u0151titk\u00e1ra arra v\u00e1r, hogy a szervezet elhat\u00e1rozza, r\u00e9szt vesz-e az \u00e9rtekezleten. Szerinte a h\u00e1tt\u00e9rben &#8222;valamif\u00e9le j\u00e1tszm\u00e1k folynak az SZNK-nak sz\u00f3l\u00f3 megh\u00edv\u00f3 k\u00f6r\u00fcl&#8221;.<br \/>\nLavrov nehezm\u00e9nyezte, hogy a nyugati \u00e1llamok nem t\u00f6r\u0151dnek a bels\u0151 sz\u00edriai ellenz\u00e9kkel, csak az SZNK-t gy\u0151zk\u00f6dik a montreux-i konferenci\u00e1n val\u00f3 r\u00e9szv\u00e9telr\u0151l. Azt is k\u00f6z\u00f6lte, hogy tudom\u00e1sa szerint az SZNK d\u00f6nt\u00e9se p\u00e9ntekre vagy szombatra v\u00e1rhat\u00f3. A Golosz Rossziji orosz \u00e1llami r\u00e1di\u00f3 azt jelentette, hogy a sz\u00edriai ellenz\u00e9ket \u00f6sszefog\u00f3 nyugatbar\u00e1t erny\u0151szervezet Isztambulban \u00fcl\u00e9sezik. A h\u00edrad\u00e1s szerint ezt az egyik ellenz\u00e9ki csoportosul\u00e1s vezet\u0151je k\u00f6z\u00f6lte.<br \/>\nAz ENSZ \u00e9gisze alatt \u00f6sszeh\u00edvott, Moszkva \u00e9s Washington \u00e1ltal kezdem\u00e9nyezett konferencia r\u00e9sztvev\u0151i a k\u00f6zel-keleti orsz\u00e1g v\u00e1ls\u00e1g\u00e1nak politikai rendez\u00e9s\u00e9t, a 2012. j\u00fanius 30-\u00e1n Genfben elfogadott nyilatkozat v\u00e9grehajt\u00e1s\u00e1t k\u00edv\u00e1nj\u00e1k megvitatni.<br \/>\nSzergej Lavrov ezzel kapcsolatosan elmondta, hogy &#8222;Moszkva, Damaszkusz \u00e9s Teher\u00e1n k\u00f6z\u00f6s \u00e1ll\u00e1spontja, hogy a Genf-2 \u00f6sszeh\u00edv\u00e1s\u00e1ra kell \u00f6sszpontos\u00edtani a genfi nyilatkozat lelkiismeretes v\u00e9grehajt\u00e1sa alapj\u00e1n&#8221;.<br \/>\nCs\u00fct\u00f6rt\u00f6k\u00f6n Mohamad Dzsavad Zarif ir\u00e1ni k\u00fcl\u00fcgyminiszter t\u00e1rgyalt Moszkv\u00e1ban. El\u0151bb orosz koll\u00e9g\u00e1j\u00e1val, majd Vlagyimir Putyin orosz \u00e1llamf\u0151vel folytatott megbesz\u00e9l\u00e9seket. Lavrov c\u00e1folta, hogy l\u00e9tezne k\u00fcl\u00f6n ir\u00e1ni-orosz-sz\u00edriai b\u00e9keterv, \u00e9s azt is tagadta, hogy h\u00e1romoldal\u00fa t\u00e1rgyal\u00e1sokat tartottak volna Moszkv\u00e1ban.<br \/>\nVal\u00edd Moallem sz\u00edriai k\u00fcl\u00fcgyminiszter a mostani megbesz\u00e9l\u00e9seket k\u00f6vet\u0151en elmondta, hogy \u00e1tadta orosz koll\u00e9g\u00e1j\u00e1nak azt a cselekv\u00e9si tervet, amely Damaszkusz elk\u00e9pzel\u00e9s\u00e9t tartalmazza az alepp\u00f3i t\u0171zsz\u00fcnet megval\u00f3s\u00edt\u00e1s\u00e1r\u00f3l.<br \/>\nSzergej Lavrov orosz k\u00fcl\u00fcgyminiszter pedig kijelentette, hogy meg\u00e1llapodtak arr\u00f3l, hogy Damaszkusz Moszkva seg\u00edts\u00e9g\u00e9vel pontosan betartja a vegyi fegyverek Sz\u00edri\u00e1b\u00f3l val\u00f3 elsz\u00e1ll\u00edt\u00e1s\u00e1val kapcsolatos menetrendet.(MTI)<\/p>\n","protected":false},"excerpt":{"rendered":"<p>A sz\u00edriai korm\u00e1ny nem \u00fcl fel a provok\u00e1ci\u00f3knak, \u00e9s a k\u00fcld\u00f6tts\u00e9ge ott lesz a sv\u00e1jci b\u00e9kekonferenci\u00e1n &#8211; jelentette ki Val\u00edd Moallem k\u00fcl\u00fcgyminiszter p\u00e9nteken, miut\u00e1n orosz koll\u00e9g\u00e1j\u00e1val t\u00e1rgyalt Moszkv\u00e1ban.<\/p>\n","protected":false},"author":1,"featured_media":0,"comment_status":"open","ping_status":"closed","sticky":false,"template":"","format":"standard","meta":[],"categories":[16],"tags":[],"_links":{"self":[{"href":"https:\/\/gazdasagportal.hu\/index.php\/wp-json\/wp\/v2\/posts\/25371"}],"collection":[{"href":"https:\/\/gazdasagportal.hu\/index.php\/wp-json\/wp\/v2\/posts"}],"about":[{"href":"https:\/\/gazdasagportal.hu\/index.php\/wp-json\/wp\/v2\/types\/post"}],"author":[{"embeddable":true,"href":"https:\/\/gazdasagportal.hu\/index.php\/wp-json\/wp\/v2\/users\/1"}],"replies":[{"embeddable":true,"href":"https:\/\/gazdasagportal.hu\/index.php\/wp-json\/wp\/v2\/comments?post=25371"}],"version-history":[{"count":1,"href":"https:\/\/gazdasagportal.hu\/index.php\/wp-json\/wp\/v2\/posts\/25371\/revisions"}],"predecessor-version":[{"id":25372,"href":"https:\/\/gazdasagportal.hu\/index.php\/wp-json\/wp\/v2\/posts\/25371\/revisions\/25372"}],"wp:attachment":[{"href":"https:\/\/gazdasagportal.hu\/index.php\/wp-json\/wp\/v2\/media?parent=25371"}],"wp:term":[{"taxonomy":"category","embeddable":true,"href":"https:\/\/gazdasagportal.hu\/index.php\/wp-json\/wp\/v2\/categories?post=25371"},{"taxonomy":"post_tag","embeddable":true,"href":"https:\/\/gazdasagportal.hu\/index.php\/wp-json\/wp\/v2\/tags?post=25371"}],"curies":[{"name":"wp","href":"https:\/\/api.w.org\/{rel}","templated":true}]}}