{"id":25367,"date":"2014-01-17T12:08:41","date_gmt":"2014-01-17T11:08:41","guid":{"rendered":"http:\/\/stockportal.hu\/?p=25367"},"modified":"2014-01-17T12:08:41","modified_gmt":"2014-01-17T11:08:41","slug":"6500-uj-munkahely-jon-letre-tamogatasi-forrasbol-a-vallalkozasoknal","status":"publish","type":"post","link":"https:\/\/gazdasagportal.hu\/index.php\/6500-uj-munkahely-jon-letre-tamogatasi-forrasbol-a-vallalkozasoknal\/","title":{"rendered":"6500 \u00faj munkahely j\u00f6n l\u00e9tre t\u00e1mogat\u00e1si forr\u00e1sb\u00f3l a v\u00e1llalkoz\u00e1sokn\u00e1l"},"content":{"rendered":"<p><strong>V\u00e1rhat\u00f3an mintegy 6500 \u00faj munkahely l\u00e9tes\u00edt\u00e9s\u00e9hez, valamint tov\u00e1bbi 12 ezer m\u00e1r megl\u00e9v\u0151 \u00e1ll\u00e1shely meg\u0151rz\u00e9s\u00e9hez j\u00e1rul hozz\u00e1 a kis- \u00e9s k\u00f6zepes v\u00e1llalkoz\u00e1sok sz\u00e1m\u00e1ra (kkv) ind\u00edtott munkahelyteremt\u0151 p\u00e1ly\u00e1zati program &#8211; k\u00f6z\u00f6lte a Nemzetgazdas\u00e1gi Miniszt\u00e9rium (NGM) foglalkoztat\u00e1spolitik\u00e1\u00e9rt felel\u0151s \u00e1llamtitk\u00e1ra egy munk\u00e1ltat\u00f3i f\u00f3rumot megel\u0151z\u0151 sajt\u00f3t\u00e1j\u00e9koztat\u00f3n p\u00e9nteken, Ny\u00edregyh\u00e1z\u00e1n.<!--more--><\/strong><\/p>\n<p>Czomba S\u00e1ndor elmondta, az NGM a Nemzeti Foglalkoztat\u00e1si Alap terh\u00e9re 13 milli\u00e1rd forintos keret\u00f6sszeggel hirdette meg a programot janu\u00e1r elej\u00e9n, a t\u00e1mogat\u00e1sb\u00f3l k\u00f6r\u00fclbel\u00fcl 1100-1200 v\u00e1llalkoz\u00e1s hozhat l\u00e9tre \u00faj munkahelyeket.<br \/>\nA p\u00e1ly\u00e1zati felt\u00e9telek nem v\u00e1ltoztak l\u00e9nyegesen tavalyhoz k\u00e9pest, a t\u00e1mogat\u00e1s m\u00e9rt\u00e9ke egy-egy munkav\u00e1llal\u00f3 eset\u00e9ben minimum 1,5 milli\u00f3, maximum 3 milli\u00f3 forint lehet &#8211; tette hozz\u00e1 az \u00e1llamtitk\u00e1r.<br \/>\nT\u00e1j\u00e9koztat\u00e1sa szerint a programban olyan, a megl\u00e9v\u0151 munkav\u00e1llal\u00f3i l\u00e9tsz\u00e1mukat b\u0151v\u00edteni akar\u00f3, Magyarorsz\u00e1gon bejegyzett v\u00e1llalkoz\u00e1sok vehetnek r\u00e9szt, amelyek v\u00e1llalj\u00e1k, hogy a t\u00e1mogat\u00e1ssal felvett l\u00e9tsz\u00e1mot legal\u00e1bb k\u00e9t \u00e9vig megtartj\u00e1k, a beszerzett eszk\u00f6z\u00f6ket \u00e9s a l\u00e9trehozott kapacit\u00e1st pedig h\u00e1rom \u00e9vig m\u0171k\u00f6dtetik. A vissza nem t\u00e9r\u00edtend\u0151 t\u00e1mogat\u00e1s keret\u00e9ben \u00faj g\u00e9pek, berendez\u00e9sek, m\u0171szaki eszk\u00f6z\u00f6k, technol\u00f3gi\u00e1k beszerz\u00e9s\u00e9nek, valamint \u00faj l\u00e9tes\u00edtm\u00e9nyek \u00e9p\u00edt\u00e9snek k\u00f6lts\u00e9gei sz\u00e1molhat\u00f3k el.<br \/>\nA t\u00e1mogat\u00e1s \u00f6sszege akkor n\u00f6vekszik, ha az \u00faj munkahelyen a v\u00e1llalkoz\u00e1s nyilv\u00e1ntartott \u00e1ll\u00e1skeres\u0151t, vagy roma munkav\u00e1llal\u00f3t alkalmaz, vagy a v\u00e1llalkoz\u00e1s h\u00e1tr\u00e1nyos helyzet\u0171 t\u00e9rs\u00e9gben, illetve szabad v\u00e1llalkoz\u00e1si z\u00f3n\u00e1ban m\u0171k\u00f6dik. A p\u00e1ly\u00e1zati \u00f6sszeg maximuma 120 milli\u00f3 forint lehet, de ez tov\u00e1bb n\u00f6vekedhet, amennyiben a beruh\u00e1z\u00e1s p\u00e9ld\u00e1ul h\u00e1tr\u00e1nyos helyzet\u0171 t\u00e9rs\u00e9gben, r\u00e9gi\u00f3ban val\u00f3sul meg.<br \/>\nCzomba S\u00e1ndor k\u00f6zl\u00e9se szerint, a kor\u00e1bbi \u00e9vek tapasztalatai alapj\u00e1n, a nyertes p\u00e1ly\u00e1zatok t\u00e1mogat\u00e1si \u00f6sszege \u00e1tlagosan 2-2,2 milli\u00f3 forint k\u00f6z\u00f6tti.<br \/>\nA p\u00e1ly\u00e1zatokat a beruh\u00e1z\u00e1s helye szerinti korm\u00e1nyhivatal munka\u00fcgyi k\u00f6zpontj\u00e1hoz lehet beny\u00fajtani febru\u00e1r 14-ig, azok t\u00e1mogat\u00e1s\u00e1r\u00f3l \u00e1prilis 4-ig sz\u00fcletik miniszteri d\u00f6nt\u00e9s.(MTI)<\/p>\n","protected":false},"excerpt":{"rendered":"<p>V\u00e1rhat\u00f3an mintegy 6500 \u00faj munkahely l\u00e9tes\u00edt\u00e9s\u00e9hez, valamint tov\u00e1bbi 12 ezer m\u00e1r megl\u00e9v\u0151 \u00e1ll\u00e1shely meg\u0151rz\u00e9s\u00e9hez j\u00e1rul hozz\u00e1 a kis- \u00e9s k\u00f6zepes v\u00e1llalkoz\u00e1sok sz\u00e1m\u00e1ra (kkv) ind\u00edtott munkahelyteremt\u0151 p\u00e1ly\u00e1zati program &#8211; k\u00f6z\u00f6lte a Nemzetgazdas\u00e1gi Miniszt\u00e9rium (NGM) foglalkoztat\u00e1spolitik\u00e1\u00e9rt felel\u0151s \u00e1llamtitk\u00e1ra egy munk\u00e1ltat\u00f3i f\u00f3rumot megel\u0151z\u0151 sajt\u00f3t\u00e1j\u00e9koztat\u00f3n p\u00e9nteken, Ny\u00edregyh\u00e1z\u00e1n.<\/p>\n","protected":false},"author":1,"featured_media":0,"comment_status":"open","ping_status":"closed","sticky":false,"template":"","format":"standard","meta":[],"categories":[19],"tags":[],"_links":{"self":[{"href":"https:\/\/gazdasagportal.hu\/index.php\/wp-json\/wp\/v2\/posts\/25367"}],"collection":[{"href":"https:\/\/gazdasagportal.hu\/index.php\/wp-json\/wp\/v2\/posts"}],"about":[{"href":"https:\/\/gazdasagportal.hu\/index.php\/wp-json\/wp\/v2\/types\/post"}],"author":[{"embeddable":true,"href":"https:\/\/gazdasagportal.hu\/index.php\/wp-json\/wp\/v2\/users\/1"}],"replies":[{"embeddable":true,"href":"https:\/\/gazdasagportal.hu\/index.php\/wp-json\/wp\/v2\/comments?post=25367"}],"version-history":[{"count":1,"href":"https:\/\/gazdasagportal.hu\/index.php\/wp-json\/wp\/v2\/posts\/25367\/revisions"}],"predecessor-version":[{"id":25368,"href":"https:\/\/gazdasagportal.hu\/index.php\/wp-json\/wp\/v2\/posts\/25367\/revisions\/25368"}],"wp:attachment":[{"href":"https:\/\/gazdasagportal.hu\/index.php\/wp-json\/wp\/v2\/media?parent=25367"}],"wp:term":[{"taxonomy":"category","embeddable":true,"href":"https:\/\/gazdasagportal.hu\/index.php\/wp-json\/wp\/v2\/categories?post=25367"},{"taxonomy":"post_tag","embeddable":true,"href":"https:\/\/gazdasagportal.hu\/index.php\/wp-json\/wp\/v2\/tags?post=25367"}],"curies":[{"name":"wp","href":"https:\/\/api.w.org\/{rel}","templated":true}]}}