{"id":25346,"date":"2014-01-17T09:47:01","date_gmt":"2014-01-17T08:47:01","guid":{"rendered":"http:\/\/stockportal.hu\/?p=25346"},"modified":"2014-01-17T09:47:01","modified_gmt":"2014-01-17T08:47:01","slug":"devizahitelek-januar-vegen-kezdi-targyalni-az-ab-a-kormany-beadvanyat","status":"publish","type":"post","link":"https:\/\/gazdasagportal.hu\/index.php\/devizahitelek-januar-vegen-kezdi-targyalni-az-ab-a-kormany-beadvanyat\/","title":{"rendered":"Devizahitelek &#8211; Janu\u00e1r v\u00e9g\u00e9n kezdi t\u00e1rgyalni az Ab a korm\u00e1ny beadv\u00e1ny\u00e1t"},"content":{"rendered":"<p><strong>Janu\u00e1r v\u00e9g\u00e9n kezdi t\u00e1rgyalni az Alkotm\u00e1nyb\u00edr\u00f3s\u00e1g\u00a0\u00a0a korm\u00e1ny devizahitelekkel kapcsolatos alapt\u00f6rv\u00e9ny-\u00e9rtelmez\u00e9sre ir\u00e1nyul\u00f3 ind\u00edtv\u00e1ny\u00e1t &#8211; k\u00f6z\u00f6lte Bitskey Botond, az Alkotm\u00e1nyb\u00edr\u00f3s\u00e1g (Ab) f\u0151titk\u00e1ra p\u00e9nteken az MTI \u00e9rdekl\u0151d\u00e9s\u00e9re.<!--more--><\/strong><\/p>\n<p>&nbsp;<\/p>\n<div id=\"vid4u\"><\/div>\n<p><script type=\"text\/javascript\">var rid = 100000 + Math.floor(Math.random()*99999); var b = document.createElement(\"div\"); b.setAttribute(\"id\", \"v4u_c_\"+rid+\"_6\"); var r = document.getElementById(\"vid4u\"); r.parentNode.insertBefore(b,r); r.setAttribute(\"id\", \"\"); (function(w, d, s, rid) { function go(){ var js, fjs = d.getElementsByTagName(s)[0], load = function(url, id) { if (d.getElementById(id)) { d.getElementById(id).onload = d.getElementById(id).onreadystatechange = function() { if (typeof vid4u != 'undefined') vid4u.init(728,90,\"s0Ji28vxZc\",\"jhL8RSOjuG\",6, rid);}; return; } js = d.createElement(s); js.src = url; js.id = id; fjs.parentNode.insertBefore(js, fjs); js.onload = js.onreadystatechange = function() { if (typeof vid4u != 'undefined') vid4u.init(728,90,\"s0Ji28vxZc\",\"jhL8RSOjuG\",6, rid); };}; load(\"http:\/\/video.vid4u.org\/vid4ul.js\", \"vjs_\"+rid); } go(); }(window, document, \"script\", rid));<\/script><\/p>\n<p>A korm\u00e1ny ind\u00edtv\u00e1nya november v\u00e9g\u00e9n \u00e9rkezett, az el\u0151ad\u00f3b\u00edr\u00f3 m\u00e1r elk\u00e9sz\u00edtette hat\u00e1rozat-tervezet\u00e9t, \u00e9s a t\u00e9ma szerepelni fog az Ab janu\u00e1r utols\u00f3 het\u00e9ben tartand\u00f3 \u00fcl\u00e9s\u00e9nek napirendj\u00e9n &#8211; tette hozz\u00e1.<br \/>\nA f\u0151titk\u00e1r arra a k\u00e9rd\u00e9sre nem tudott v\u00e1laszolni, hogy pontosan mikor lesz d\u00f6nt\u00e9s.<br \/>\nMint mondta, \u00e1ltal\u00e1ban egy \u00fcgyben akkor sz\u00fclethet meg az Ab hat\u00e1rozata, amikor az el\u0151ad\u00f3b\u00edr\u00f3 \u00e1ltal k\u00e9sz\u00edtett tervezet alapj\u00e1n az alkotm\u00e1nyb\u00edr\u00e1k t\u00f6bbs\u00e9gi v\u00e9lem\u00e9nyt alak\u00edtanak ki. Ehhez pedig sok esetben t\u00f6bb \u00fcl\u00e9sen is meg kell vitatni a felmer\u00fclt alkotm\u00e1nyjogi probl\u00e9m\u00e1kat.<br \/>\nAlkotm\u00e1ny\u00e9rtelmez\u00e9sre ir\u00e1nyul\u00f3 ind\u00edtv\u00e1nyn\u00e1l az Ab nem jogszab\u00e1lyt semmis\u00edt meg, hanem az alapt\u00f6rv\u00e9ny rendelkez\u00e9s\u00e9t \u00e9rtelmezi konkr\u00e9t alkotm\u00e1nyjogi probl\u00e9m\u00e1val \u00f6sszef\u00fcgg\u00e9sben abban az esetben, ha az \u00e9rtelmez\u00e9s k\u00f6zvetlen\u00fcl levezethet\u0151 az alapt\u00f6rv\u00e9nyb\u0151l. Ebben az \u00fcgyt\u00edpusban\u00a0\u00a0a t\u00f6rv\u00e9ny nem szab hat\u00e1rid\u0151t az Ab-nek.<br \/>\nA korm\u00e1ny ind\u00edtv\u00e1nya l\u00e9nyeg\u00e9ben a devizahiteles szerz\u0151d\u00e9sek alkotm\u00e1nyelleness\u00e9g\u00e9nek \u00e9s ut\u00f3lagos jogalkot\u00e1si \u00faton t\u00f6rt\u00e9n\u0151 megv\u00e1ltozat\u00e1s\u00e1nak k\u00e9rd\u00e9s\u00e9t veti fel, a t\u00f6bbi k\u00f6z\u00f6tt az \u00e1rfolyamkock\u00e1zat ad\u00f3sokra h\u00e1r\u00edt\u00e1sa, az egyoldal\u00fa hitelez\u0151i kamatemel\u00e9s \u00e9s az \u00e1rfolyamr\u00e9s miatt, tov\u00e1bb\u00e1 mert a devizaalap\u00fa k\u00f6lcs\u00f6n\u00f6k t\u00f6rleszt\u0151r\u00e9szleteinek n\u00f6veked\u00e9se a t\u00e1rsadalom sz\u00e9les r\u00e9tegeinek neh\u00e9zs\u00e9get okoz, \u00e9s elengedhetetlenn\u00e9 teszi a devizahitelez\u00e9sb\u0151l ad\u00f3d\u00f3 probl\u00e9m\u00e1k v\u00e9gleges rendez\u00e9s\u00e9t.<br \/>\nA korm\u00e1ny ind\u00edtv\u00e1nya felveti t\u00f6bbek k\u00f6z\u00f6tt a gazdas\u00e1gi er\u0151f\u00f6l\u00e9nnyel vissza\u00e9l\u00e9s k\u00e9rd\u00e9s\u00e9t \u00e9s ezzel \u00f6sszef\u00fcgg\u00e9sben a fogyaszt\u00f3k sz\u00e1m\u00e1ra egyoldal\u00fa, jelent\u0151s h\u00e1tr\u00e1nyt okoz\u00f3 szerz\u0151d\u00e9si felt\u00e9telek alapt\u00f6rv\u00e9ny-elleness\u00e9g\u00e9t, tov\u00e1bb\u00e1 hogy milyen felt\u00e9telekkel m\u00f3dos\u00edthat\u00f3k fenn\u00e1ll\u00f3 szerz\u0151d\u00e9sek jogszab\u00e1ly \u00fatj\u00e1n.<br \/>\nAz ind\u00edtv\u00e1ny eml\u00e9keztet arra: az Ab egy 1991-es hat\u00e1rozat\u00e1ban meg\u00e1llap\u00edtotta, hogy kiv\u00e9teles esetben az \u00e1llam m\u00e1r megk\u00f6t\u00f6tt szerz\u0151d\u00e9sek tartalm\u00e1t is meghat\u00e1rozhatja, k\u00fcl\u00f6n\u00f6sen hossz\u00fa t\u00e1v\u00fa szerz\u0151d\u00e9sek eset\u00e9n, ahol fenn\u00e1ll annak vesz\u00e9lye, hogy a szerz\u0151d\u00e9sk\u00f6t\u00e9skor nem l\u00e1tott olyan v\u00e1ltoz\u00e1sok zajlanak le, amelyek a felek valamelyik\u00e9nek \u00e9rdek\u00e9t l\u00e9nyegesen s\u00e9rtik, \u00e9s amelyek tudat\u00e1ban nem k\u00f6t\u00f6ttek volna szerz\u0151d\u00e9st.<br \/>\nA K\u00faria polg\u00e1ri koll\u00e9giuma december 16-ai \u00fcl\u00e9s\u00e9n jogegys\u00e9gi hat\u00e1rozatban mondta ki t\u00f6bbek k\u00f6z\u00f6tt azt, hogy a devizahiteles szerz\u0151d\u00e9sek puszt\u00e1n az ad\u00f3st terhel\u0151 \u00e1rfolyamkock\u00e1zat miatt nem tekinthet\u0151k \u00e9rv\u00e9nytelenek. A hat\u00e1rozat indokl\u00e1sa kit\u00e9r arra is, hogy a tart\u00f3s hitelez\u00e9si jogviszonyban a szerz\u0151d\u00e9sk\u00f6t\u00e9st k\u00f6vet\u0151en olyan v\u00e1ltoz\u00e1sok \u00e1llhatnak be, amelyek a szerz\u0151d\u00e9s gazdas\u00e1gi-kock\u00e1zati egyens\u00faly\u00e1t ut\u00f3lag felbor\u00edthatj\u00e1k, \u00e9s s\u00falyos ar\u00e1nytalans\u00e1gokat okozhatnak. Ha a felek a szerz\u0151d\u00e9s m\u00f3dos\u00edt\u00e1s\u00e1val ezeket k\u00f6z\u00f6sen nem orvosolj\u00e1k, a szerz\u0151d\u00e9sekbe val\u00f3 ut\u00f3lagos beavatkoz\u00e1s v\u00e1lhat sz\u00fcks\u00e9gess\u00e9.<br \/>\nA K\u00faria szerint azonban b\u00edr\u00f3s\u00e1g csak kiv\u00e9telesen, egyedi jogviszonyokban m\u00f3dos\u00edthatja a szerz\u0151d\u00e9seket. A t\u00e1rsadalmi m\u00e9ret\u0171<br \/>\nv\u00e1ltoz\u00e1soknak a szerz\u0151d\u00e9sek nagy t\u00f6meg\u00e9t hasonl\u00f3an \u00e9rint\u0151 k\u00f6vetkezm\u00e9nyeit az egyes peres elj\u00e1r\u00e1sok keretei k\u00f6z\u00f6tt szinte lehetetlen kiel\u00e9g\u00edt\u0151 m\u00f3don megoldani. Az ilyen t\u00e1rsadalmi probl\u00e9m\u00e1k megold\u00e1s\u00e1nak nem a b\u00edr\u00f3i \u00fat a megfelel\u0151 m\u00f3dja, hanem a jogalkot\u00e1s, amely figyelembe tudja venni az \u00f6sszt\u00e1rsadalmi \u00e9rdekeket is.<br \/>\nA k\u00fariai d\u00f6nt\u00e9s ut\u00e1n nem sokkal Varga Mih\u00e1ly nemzetgazdas\u00e1gi miniszter sajt\u00f3t\u00e1j\u00e9koztat\u00f3n arr\u00f3l besz\u00e9lt: a korm\u00e1nynak tov\u00e1bb kell<br \/>\ndolgoznia a devizahitelesek \u00e9rdek\u00e9ben, c\u00e9lja a devizaalap\u00fa jelz\u00e1loghitelek kivezet\u00e9se a hazai p\u00e9nz\u00fcgyi rendszerb\u0151l, de m\u00e9g v\u00e1rj\u00e1k az Eur\u00f3pai Uni\u00f3 B\u00edr\u00f3s\u00e1g\u00e1nak d\u00f6nt\u00e9s\u00e9t.<br \/>\nA luxembourgi sz\u00e9khely\u0171 test\u00fclet a K\u00faria egy \u00e9vvel ezel\u0151tti ind\u00edtv\u00e1nya alapj\u00e1n az egyoldal\u00fa szerz\u0151d\u00e9sm\u00f3dos\u00edt\u00e1sokkal \u00f6sszef\u00fcgg\u00e9sben hat\u00e1roz v\u00e1rhat\u00f3an a k\u00f6vetkez\u0151 h\u00f3napokban.<br \/>\nAkkoriban R\u00e9tv\u00e1ri Bence, a k\u00f6zigazgat\u00e1si t\u00e1rca parlamenti \u00e1llamtitk\u00e1ra azt k\u00f6z\u00f6lte: a korm\u00e1ny ism\u00e9t t\u00e1rgyalhat a devizahitelesek megseg\u00edt\u00e9s\u00e9t c\u00e9lz\u00f3 k\u00fcl\u00f6nb\u00f6z\u0151 gazdas\u00e1gi modellekr\u0151l. Mint mondta: a probl\u00e9m\u00e1t sem a bankok, sem az \u00fcgyfelek \u00e9rdekk\u00e9pviseletei, sem a b\u00edr\u00f3s\u00e1gok nem tudt\u00e1k megoldani, \u00edgy a korm\u00e1nyra maradt ez a feladat.(MTI)<\/p><div id=\"gazda-3078696516\" class=\"gazda-tartalomban gazda-entity-placement\"><script async src=\"https:\/\/pagead2.googlesyndication.com\/pagead\/js\/adsbygoogle.js\"><\/script>\r\n<ins class=\"adsbygoogle\"\r\n     style=\"display:block\"\r\n     data-ad-format=\"fluid\"\r\n     data-ad-layout-key=\"-6t+ed+2i-1n-4w\"\r\n     data-ad-client=\"ca-pub-1959107119989764\"\r\n     data-ad-slot=\"4008251320\"><\/ins>\r\n<script>\r\n     (adsbygoogle = window.adsbygoogle || []).push({});\r\n<\/script><\/div>\n","protected":false},"excerpt":{"rendered":"<p>Janu\u00e1r v\u00e9g\u00e9n kezdi t\u00e1rgyalni az Alkotm\u00e1nyb\u00edr\u00f3s\u00e1g\u00a0\u00a0a korm\u00e1ny devizahitelekkel kapcsolatos alapt\u00f6rv\u00e9ny-\u00e9rtelmez\u00e9sre ir\u00e1nyul\u00f3 ind\u00edtv\u00e1ny\u00e1t &#8211; k\u00f6z\u00f6lte Bitskey Botond, az Alkotm\u00e1nyb\u00edr\u00f3s\u00e1g (Ab) f\u0151titk\u00e1ra p\u00e9nteken az MTI \u00e9rdekl\u0151d\u00e9s\u00e9re.<\/p>\n","protected":false},"author":1,"featured_media":0,"comment_status":"open","ping_status":"closed","sticky":false,"template":"","format":"standard","meta":[],"categories":[19,112],"tags":[],"_links":{"self":[{"href":"https:\/\/gazdasagportal.hu\/index.php\/wp-json\/wp\/v2\/posts\/25346"}],"collection":[{"href":"https:\/\/gazdasagportal.hu\/index.php\/wp-json\/wp\/v2\/posts"}],"about":[{"href":"https:\/\/gazdasagportal.hu\/index.php\/wp-json\/wp\/v2\/types\/post"}],"author":[{"embeddable":true,"href":"https:\/\/gazdasagportal.hu\/index.php\/wp-json\/wp\/v2\/users\/1"}],"replies":[{"embeddable":true,"href":"https:\/\/gazdasagportal.hu\/index.php\/wp-json\/wp\/v2\/comments?post=25346"}],"version-history":[{"count":1,"href":"https:\/\/gazdasagportal.hu\/index.php\/wp-json\/wp\/v2\/posts\/25346\/revisions"}],"predecessor-version":[{"id":25359,"href":"https:\/\/gazdasagportal.hu\/index.php\/wp-json\/wp\/v2\/posts\/25346\/revisions\/25359"}],"wp:attachment":[{"href":"https:\/\/gazdasagportal.hu\/index.php\/wp-json\/wp\/v2\/media?parent=25346"}],"wp:term":[{"taxonomy":"category","embeddable":true,"href":"https:\/\/gazdasagportal.hu\/index.php\/wp-json\/wp\/v2\/categories?post=25346"},{"taxonomy":"post_tag","embeddable":true,"href":"https:\/\/gazdasagportal.hu\/index.php\/wp-json\/wp\/v2\/tags?post=25346"}],"curies":[{"name":"wp","href":"https:\/\/api.w.org\/{rel}","templated":true}]}}