{"id":25325,"date":"2014-01-16T22:56:22","date_gmt":"2014-01-16T21:56:22","guid":{"rendered":"http:\/\/stockportal.hu\/?p=25325"},"modified":"2014-01-16T22:56:22","modified_gmt":"2014-01-16T21:56:22","slug":"a-kormany-tovabbra-is-megvasarolna-a-dunaferrt","status":"publish","type":"post","link":"https:\/\/gazdasagportal.hu\/index.php\/a-kormany-tovabbra-is-megvasarolna-a-dunaferrt\/","title":{"rendered":"A korm\u00e1ny tov\u00e1bbra is megv\u00e1s\u00e1roln\u00e1 a Dunaferrt"},"content":{"rendered":"<p><strong>A korm\u00e1ny m\u00e9g mindig nem adta fel azt a terv\u00e9t, hogy megv\u00e1s\u00e1rolja az ISD Dunaferr Zrt.-t &#8211; k\u00f6z\u00f6lte a Magyar Energetikai \u00e9s K\u00f6zm\u0171-szab\u00e1lyoz\u00e1si Hivatal eln\u00f6ke egy cs\u00fct\u00f6rt\u00f6ki, duna\u00fajv\u00e1rosi sajt\u00f3esem\u00e9nyen.<!--more--><\/strong><\/p>\n<p>Dorkota Lajos elmondta, hogy a t\u00e1rgyal\u00e1sok folytat\u00f3dni fognak a tulajdonos \u00e9s a magyar \u00e1llam k\u00f6z\u00f6tt. Hozz\u00e1tette: az ISD Dunaferr Zrt. f\u0151 tulajdonosa, az orosz \u00e1llami Vnyesekonombank vezet\u0151je febru\u00e1r elej\u00e9n \u00e9rkezik Magyarorsz\u00e1gra.<br \/>\nMegjegyezte, hogy a menedzsment eddig mereven elz\u00e1rk\u00f3zott a c\u00e9g elad\u00e1s\u00e1t\u00f3l, azonban a tulajdonos m\u00e1sk\u00e9nt is d\u00f6nthet.<br \/>\nDorkota Lajos elmondta, hogy a c\u00e9g helyzete sz\u00f3ba ker\u00fclt Orb\u00e1n Viktor minisztereln\u00f6k \u00e9s Vlagyimir Putyin orosz eln\u00f6k keddi moszkvai t\u00e1rgyal\u00e1sain is.<br \/>\nAz ISD Dunaferr Zrt. tavaly augusztus 12-\u00e9n jelentette be, hogy a kor\u00e1bbi terveknek megfelel\u0151en megkezd\u0151dik egy 1500 dolgoz\u00f3t \u00e9rint\u0151 l\u00e9tsz\u00e1mle\u00e9p\u00edt\u00e9s. A tulajdonosi d\u00f6nt\u00e9s h\u00e1tter\u00e9ben a v\u00e1llalat tart\u00f3s vesztes\u00e9gess\u00e9ge \u00e1llt, amelynek egyik f\u0151 oka a versenyt\u00e1rsakhoz viszony\u00edtottan alacsony m\u0171k\u00f6d\u00e9si hat\u00e9konys\u00e1g.<br \/>\nVarga Mih\u00e1ly nemzetgazdas\u00e1gi miniszter augusztus 21-\u00e9n lev\u00e9lben kezdem\u00e9nyezett t\u00e1rgyal\u00e1sokat a Dunaferr Zrt. tulajdonosaival a c\u00e9g megv\u00e1s\u00e1rl\u00e1s\u00e1r\u00f3l, miut\u00e1n a korm\u00e1ny az augusztus 19-i sz\u00e9kesfeh\u00e9rv\u00e1ri kihelyezett \u00fcl\u00e9s\u00e9n arr\u00f3l d\u00f6nt\u00f6tt, v\u00e9teli aj\u00e1nlatot tesz a duna\u00fajv\u00e1rosi vasm\u0171re.<br \/>\nAugusztus 29-\u00e9n Czomba S\u00e1ndor foglalkoztat\u00e1spolitik\u00e1\u00e9rt felel\u0151s \u00e1llamtitk\u00e1r \u00e9s Evgeny Tankhilevich c\u00e9gvezet\u0151 egyeztetett, majd szeptember 10-\u00e9n az \u00fajabb t\u00e1rgyal\u00e1sokat k\u00f6vet\u0151en csak a t\u00e1rgyal\u00e1sok magasabb szint\u0171 folytat\u00e1s\u00e1t jelentett\u00e9k be.<br \/>\nVarga Mih\u00e1ly nemzetgazdas\u00e1gi miniszter okt\u00f3ber 10-\u00e9n Budapesten t\u00e1rgyalt a Dunaferr-c\u00e9gcsoport j\u00f6v\u0151j\u00e9r\u0151l Evgeny Potapovval, az ISD Korpor\u00e1ci\u00f3 k\u00e9pvisel\u0151j\u00e9vel, \u00e9s arr\u00f3l t\u00e1j\u00e9koztatta, hogy a korm\u00e1ny tov\u00e1bbra is kitart v\u00e9teli sz\u00e1nd\u00e9ka mellett. Emellett jelezte, hogy a korm\u00e1ny mindent megtesz annak \u00e9rdek\u00e9ben, hogy a c\u00e9gcsoportn\u00e1l dolgoz\u00f3k munkahelye megmaradjon.<br \/>\nNovember 7-\u00e9n Czomba S\u00e1ndor az ISD Dunaferr Zrt. vezet\u00e9s\u00e9vel folytatott egyeztet\u00e9st k\u00f6vet\u0151en jelezte, hogy a c\u00e9gvezet\u00e9s mintegy 400 f\u0151s l\u00e9tsz\u00e1mle\u00e9p\u00edt\u00e9st hajt v\u00e9gre, ami a kor\u00e1bban tervezett 1500-as sz\u00e1mhoz k\u00e9pest jelent\u0151s v\u00e1ltoz\u00e1s. Mint mondta, korm\u00e1ny tudom\u00e1sul vette, hogy a c\u00e9g menedzsmentje az elad\u00e1s helyett a t\u00e1rsas\u00e1g hossz\u00fa t\u00e1v\u00fa m\u0171k\u00f6dtet\u00e9s\u00e9ben \u00e9rdekelt, \u00e9s ennek megfelel\u0151en pr\u00f3b\u00e1l m\u00e1s ter\u00fcleteken seg\u00edts\u00e9get ny\u00fajtani a c\u00e9gnek \u00e9s a munkav\u00e1llal\u00f3knak.<br \/>\nNovember 22-\u00e9n a c\u00e9gcsoport HR igazgat\u00f3ja k\u00f6z\u00f6lte az MTI-vel, hogy megkezd\u0151dik a csoportos l\u00e9tsz\u00e1mle\u00e9p\u00edt\u00e9s, miut\u00e1n a v\u00e1llalat vezet\u00e9se nyilv\u00e1noss\u00e1gra hozott egy 158 nevet tartalmaz\u00f3 list\u00e1t, valamint t\u00e1j\u00e9koztatta az elbocs\u00e1t\u00e1sok els\u0151 \u00fctem\u00e9r\u0151l a munka\u00fcgyi k\u00f6zpontot \u00e9s a k\u00f6zponti \u00fczemi tan\u00e1csot.<br \/>\nA N\u00e9pszabads\u00e1g janu\u00e1r 6-i sz\u00e1m\u00e1ban azt \u00edrta, hogy janu\u00e1rban megkezdik a kor\u00e1bban bejelentett 400 f\u0151s elbocs\u00e1t\u00e1s \u00fajabb k\u00f6r\u00e9t. Pontos l\u00e9tsz\u00e1mot azonban nem k\u00f6z\u00f6lt vel\u00fck a c\u00e9g HR igazgat\u00f3ja.(MTI)<\/p>\n","protected":false},"excerpt":{"rendered":"<p>A korm\u00e1ny m\u00e9g mindig nem adta fel azt a terv\u00e9t, hogy megv\u00e1s\u00e1rolja az ISD Dunaferr Zrt.-t &#8211; k\u00f6z\u00f6lte a Magyar Energetikai \u00e9s K\u00f6zm\u0171-szab\u00e1lyoz\u00e1si Hivatal eln\u00f6ke egy cs\u00fct\u00f6rt\u00f6ki, duna\u00fajv\u00e1rosi sajt\u00f3esem\u00e9nyen.<\/p>\n","protected":false},"author":1,"featured_media":0,"comment_status":"open","ping_status":"closed","sticky":false,"template":"","format":"standard","meta":[],"categories":[19],"tags":[],"_links":{"self":[{"href":"https:\/\/gazdasagportal.hu\/index.php\/wp-json\/wp\/v2\/posts\/25325"}],"collection":[{"href":"https:\/\/gazdasagportal.hu\/index.php\/wp-json\/wp\/v2\/posts"}],"about":[{"href":"https:\/\/gazdasagportal.hu\/index.php\/wp-json\/wp\/v2\/types\/post"}],"author":[{"embeddable":true,"href":"https:\/\/gazdasagportal.hu\/index.php\/wp-json\/wp\/v2\/users\/1"}],"replies":[{"embeddable":true,"href":"https:\/\/gazdasagportal.hu\/index.php\/wp-json\/wp\/v2\/comments?post=25325"}],"version-history":[{"count":1,"href":"https:\/\/gazdasagportal.hu\/index.php\/wp-json\/wp\/v2\/posts\/25325\/revisions"}],"predecessor-version":[{"id":25326,"href":"https:\/\/gazdasagportal.hu\/index.php\/wp-json\/wp\/v2\/posts\/25325\/revisions\/25326"}],"wp:attachment":[{"href":"https:\/\/gazdasagportal.hu\/index.php\/wp-json\/wp\/v2\/media?parent=25325"}],"wp:term":[{"taxonomy":"category","embeddable":true,"href":"https:\/\/gazdasagportal.hu\/index.php\/wp-json\/wp\/v2\/categories?post=25325"},{"taxonomy":"post_tag","embeddable":true,"href":"https:\/\/gazdasagportal.hu\/index.php\/wp-json\/wp\/v2\/tags?post=25325"}],"curies":[{"name":"wp","href":"https:\/\/api.w.org\/{rel}","templated":true}]}}