{"id":25318,"date":"2014-01-16T21:33:52","date_gmt":"2014-01-16T20:33:52","guid":{"rendered":"http:\/\/stockportal.hu\/?p=25318"},"modified":"2014-01-16T20:54:43","modified_gmt":"2014-01-16T19:54:43","slug":"sziria-nem-varhato-attores-az-ujabb-genfi-targyalasokon","status":"publish","type":"post","link":"https:\/\/gazdasagportal.hu\/index.php\/sziria-nem-varhato-attores-az-ujabb-genfi-targyalasokon\/","title":{"rendered":"Sz\u00edria &#8211; Nem v\u00e1rhat\u00f3 \u00e1tt\u00f6r\u00e9s az \u00fajabb genfi t\u00e1rgyal\u00e1sokon"},"content":{"rendered":"<p><strong>A genfi tal\u00e1lkoz\u00f3 m\u00e1sodik fordul\u00f3j\u00e1t\u00f3l \u00e1tt\u00f6r\u00e9st nem lehet v\u00e1rni, \u00e9s a j\u00f6v\u0151ben a sz\u00edriai politikai ellenz\u00e9k teljes \u00e1talakul\u00e1s\u00e1ra lesz sz\u00fcks\u00e9g ahhoz, hogy egy\u00e1ltal\u00e1n rem\u00e9ny legyen az \u00e9rdemi t\u00e1rgyal\u00e1sokra &#8211; \u00e1llap\u00edtotta meg elemz\u00e9s\u00e9ben Wagner P\u00e9ter, a Magyar K\u00fcl\u00fcgyi Int\u00e9zet tudom\u00e1nyos f\u0151munkat\u00e1rsa.<!--more--><\/strong><\/p>\n<div id=\"vid4u\"><\/div>\n<p><script type=\"text\/javascript\">var rid = 100000 + Math.floor(Math.random()*99999); var b = document.createElement(\"div\"); b.setAttribute(\"id\", \"v4u_c_\"+rid+\"_6\"); var r = document.getElementById(\"vid4u\"); r.parentNode.insertBefore(b,r); r.setAttribute(\"id\", \"\"); (function(w, d, s, rid) { function go(){ var js, fjs = d.getElementsByTagName(s)[0], load = function(url, id) { if (d.getElementById(id)) { d.getElementById(id).onload = d.getElementById(id).onreadystatechange = function() { if (typeof vid4u != 'undefined') vid4u.init(728,90,\"s0Ji28vxZc\",\"jhL8RSOjuG\",6, rid);}; return; } js = d.createElement(s); js.src = url; js.id = id; fjs.parentNode.insertBefore(js, fjs); js.onload = js.onreadystatechange = function() { if (typeof vid4u != 'undefined') vid4u.init(728,90,\"s0Ji28vxZc\",\"jhL8RSOjuG\",6, rid); };}; load(\"http:\/\/video.vid4u.org\/vid4ul.js\", \"vjs_\"+rid); } go(); }(window, document, \"script\", rid));<\/script><\/p>\n<p>A szak\u00e9rt\u0151 eml\u00e9keztetett: a sz\u00edriai polg\u00e1rh\u00e1bor\u00fa az elm\u00falt \u00e9vek egyik legs\u00falyosabb biztons\u00e1gpolitikai \u00e9s humanit\u00e1rius v\u00e1ls\u00e1g\u00e1v\u00e1 v\u00e1lt, amelyben egyel\u0151re az enyh\u00fcl\u00e9snek vagy a megegyez\u00e9snek nincs jele. Az ENSZ Menek\u00fclt\u00fcgyi F\u0151biztoss\u00e1g\u00e1nak (UNHCR) 2013. decemberi adatai szerint az orsz\u00e1g csaknem 22 milli\u00f3nyi lakos\u00e1b\u00f3l 2,3 milli\u00f3an menek\u00fcltek k\u00fclf\u00f6ldre, \u00e9s tov\u00e1bbi 3,5 milli\u00f3an voltak k\u00e9nytelen elhagyni otthonukat a harcok miatt. A polg\u00e1rh\u00e1bor\u00fanak m\u00e1r t\u00f6bb mint 126 ezer \u00e1ldozata van.<br \/>\nHangs\u00falyozta: a konfliktus s\u00falyos hat\u00e1ssal van a k\u00f6zel-keleti r\u00e9gi\u00f3 stabilit\u00e1s\u00e1ra, de a k\u00fclf\u00f6ldi fegyveresek \u00e9s a menek\u00fclt\u00e1radat r\u00e9v\u00e9n jelent\u0151s probl\u00e9m\u00e1t okoz Eur\u00f3p\u00e1nak is. Sz\u00edria a nagyhatalmi rivaliz\u00e1l\u00e1s sz\u00ednter\u00e9v\u00e9 is v\u00e1lt, mivel a sz\u00edriai rezsim hagyom\u00e1nyos p\u00e1rtfog\u00f3i &#8211; Ir\u00e1n \u00e9s Oroszorsz\u00e1g &#8211; m\u00e1s k\u00e9rd\u00e9sekben is szemben \u00e1llnak az ellenz\u00e9k nyugati \u00e9s \u00f6b\u00f6l-t\u00e9rs\u00e9gbeli t\u00e1mogat\u00f3ival.<br \/>\nJanu\u00e1r 22-\u00e9n, Genf-2 elnevez\u00e9ssel az\u00e9rt rendeznek ism\u00e9t cs\u00facstal\u00e1lkoz\u00f3t, hogy a polg\u00e1rh\u00e1bor\u00fanak diplom\u00e1ciai \u00faton vessenek v\u00e9get &#8211; k\u00f6z\u00f6lte. A kialakult helyzetnek a nemzetk\u00f6zi k\u00f6z\u00f6ss\u00e9g szerint nincs katonai megold\u00e1sa, de ezt a n\u00e9zetet a sz\u00edriai felek nem fogadj\u00e1k el. Ez\u00e9rt a janu\u00e1ri t\u00e1rgyal\u00e1son a sz\u00edriai ellenz\u00e9k csak a nagyhatalmak nyom\u00e1s\u00e1ra hajland\u00f3 t\u00e1rgyal\u00f3asztalhoz \u00fclni.<br \/>\nWagner P\u00e9ter szerint a t\u00e1rgyal\u00e1sok sikeress\u00e9g\u00e9t t\u00f6bb t\u00e9nyez\u0151 is k\u00e9ts\u00e9gess\u00e9 teszi, egyebek mellett Ir\u00e1n t\u00e1volmarad\u00e1sa, \u00e9s a t\u00e1rgyal\u00f3partnerek sem \u00e9rdekeltek abban, hogy a tal\u00e1lkoz\u00f3 eredm\u00e9nyes legyen. Jelenleg az Aszad-rezsim van k\u00f6nnyebb helyzetben, hiszen a vele szemben \u00e1ll\u00f3 er\u0151k annyira sz\u00e9tforg\u00e1csol\u00f3dtak \u00e9s bels\u0151 konfliktusokt\u00f3l terheltek, hogy m\u00e9g egys\u00e9ges \u00e1ll\u00e1spontra sem tudnak jutni. A f\u0151 ellenz\u00e9ki er\u0151nek tekintett Sz\u00edriai Nemzeti Koal\u00edci\u00f3n bel\u00fcl \u00e1ll\u00edt\u00f3lag arr\u00f3l is vita folyik, hogy r\u00e9szt vegyenek-e a t\u00e1rgyal\u00e1sokon.<br \/>\nKiemelte: a Nyugat szempontj\u00e1b\u00f3l tal\u00e1n a legkedvez\u0151tlenebb fordulat, hogy a forradalom let\u00e9tem\u00e9nyes\u00e9nek hitt, kezdetben vezet\u0151 szerepet j\u00e1tsz\u00f3 Szabad Sz\u00edriai Hadsereg poz\u00edci\u00f3i meggyeng\u00fcltek, ez\u00e9rt egyre t\u00e1volodik annak a lehet\u0151s\u00e9ge, hogy a polg\u00e1rh\u00e1bor\u00fa befejezt\u00e9vel szekul\u00e1ris \u00e9s demokratikus berendezked\u00e9s\u0171 rendszer j\u00f6jj\u00f6n l\u00e9tre Sz\u00edri\u00e1ban.<br \/>\nAz elemz\u0151 \u00fagy l\u00e1tja, a leger\u0151sebb fegyveres ellenz\u00e9ki csoportok jelenleg a radik\u00e1lis iszlamista ir\u00e1nyzatokhoz vagy az al-Kaid\u00e1hoz tartoznak. B\u00e1r egyes politikai k\u00e9rd\u00e9sekben fontos k\u00fcl\u00f6nbs\u00e9gek vannak k\u00f6zt\u00fck, abban megegyeznek, hogy \u00e9lesen ellenzik a nyugati orsz\u00e1gok beavatkoz\u00e1s\u00e1t, \u00e9s elutas\u00edtanak mindenfajta demokratikus jelleg\u0171 politikai berendezked\u00e9st.<br \/>\nA szak\u00e9rt\u0151 kit\u00e9rt arra is, hogy a m\u00e9g &#8222;szalonk\u00e9pesnek&#8221; tartott iszlamista ellenz\u00e9k nem tekinti k\u00e9pvisel\u0151j\u00e9nek az egy\u00e9bk\u00e9nt is legitimit\u00e1si probl\u00e9m\u00e1kkal k\u00fcszk\u00f6d\u0151, emigr\u00e1nsokb\u00f3l \u00e1ll\u00f3 politikai ellenz\u00e9ki szervezeteket, \u00edgy a Sz\u00edriai Nemzeti Koal\u00edci\u00f3t sem. A politikai rendez\u00e9st s\u00fcrget\u0151 nagyhatalmak &#8211; az Egyes\u00fclt \u00c1llamok \u00e9s Oroszorsz\u00e1g &#8211; emiatt szinte rem\u00e9nytelen helyzetben vannak, amikor a jelenlegi rezsim \u00e9s a politikai ellenz\u00e9k p\u00e1rbesz\u00e9d\u00e9n kereszt\u00fcl akarnak eljutni a b\u00e9k\u00e9s \u00e1tmenethez.<br \/>\nA genfi tal\u00e1lkoz\u00f3 m\u00e1sodik fordul\u00f3j\u00e1t\u00f3l \u00e9rdemi \u00e1tt\u00f6r\u00e9st nem lehet v\u00e1rni. A j\u00f6v\u0151ben a sz\u00edriai politikai ellenz\u00e9k teljes \u00e1talakul\u00e1s\u00e1ra lesz sz\u00fcks\u00e9g ahhoz, hogy egy\u00e1ltal\u00e1n rem\u00e9ny legyen az \u00e9rdemi t\u00e1rgyal\u00e1sokra. Ennek egyik ir\u00e1nya az lehet, ha a jelenleg leger\u0151sebb iszlamista fegyveres csoportok is bel\u00e1tj\u00e1k a p\u00e1rbesz\u00e9d sz\u00fcks\u00e9gess\u00e9g\u00e9t, \u00e9s megfelel\u0151 helyet kapnak a sz\u00edriai politikai ellenz\u00e9kben. Ez a k\u00f6z\u00f6ss\u00e9g azonban csak akkor lesz hajland\u00f3 a t\u00e1rgyal\u00e1sra, ha a k\u00fcls\u0151 t\u00e1mogat\u00f3ik r\u00e1k\u00e9nyszer\u00edtik \u0151ket a fegyverek \u00e9s a p\u00e9nz\u00fcgyi forr\u00e1sok korl\u00e1toz\u00e1s\u00e1val &#8211; v\u00e9lekedett Wagner P\u00e9ter.(MTI)<\/p>\n","protected":false},"excerpt":{"rendered":"<p>A genfi tal\u00e1lkoz\u00f3 m\u00e1sodik fordul\u00f3j\u00e1t\u00f3l \u00e1tt\u00f6r\u00e9st nem lehet v\u00e1rni, \u00e9s a j\u00f6v\u0151ben a sz\u00edriai politikai ellenz\u00e9k teljes \u00e1talakul\u00e1s\u00e1ra lesz sz\u00fcks\u00e9g ahhoz, hogy egy\u00e1ltal\u00e1n rem\u00e9ny legyen az \u00e9rdemi t\u00e1rgyal\u00e1sokra &#8211; \u00e1llap\u00edtotta meg elemz\u00e9s\u00e9ben Wagner P\u00e9ter, a Magyar K\u00fcl\u00fcgyi Int\u00e9zet tudom\u00e1nyos f\u0151munkat\u00e1rsa.<\/p>\n","protected":false},"author":1,"featured_media":0,"comment_status":"open","ping_status":"closed","sticky":false,"template":"","format":"standard","meta":[],"categories":[16],"tags":[],"_links":{"self":[{"href":"https:\/\/gazdasagportal.hu\/index.php\/wp-json\/wp\/v2\/posts\/25318"}],"collection":[{"href":"https:\/\/gazdasagportal.hu\/index.php\/wp-json\/wp\/v2\/posts"}],"about":[{"href":"https:\/\/gazdasagportal.hu\/index.php\/wp-json\/wp\/v2\/types\/post"}],"author":[{"embeddable":true,"href":"https:\/\/gazdasagportal.hu\/index.php\/wp-json\/wp\/v2\/users\/1"}],"replies":[{"embeddable":true,"href":"https:\/\/gazdasagportal.hu\/index.php\/wp-json\/wp\/v2\/comments?post=25318"}],"version-history":[{"count":1,"href":"https:\/\/gazdasagportal.hu\/index.php\/wp-json\/wp\/v2\/posts\/25318\/revisions"}],"predecessor-version":[{"id":25319,"href":"https:\/\/gazdasagportal.hu\/index.php\/wp-json\/wp\/v2\/posts\/25318\/revisions\/25319"}],"wp:attachment":[{"href":"https:\/\/gazdasagportal.hu\/index.php\/wp-json\/wp\/v2\/media?parent=25318"}],"wp:term":[{"taxonomy":"category","embeddable":true,"href":"https:\/\/gazdasagportal.hu\/index.php\/wp-json\/wp\/v2\/categories?post=25318"},{"taxonomy":"post_tag","embeddable":true,"href":"https:\/\/gazdasagportal.hu\/index.php\/wp-json\/wp\/v2\/tags?post=25318"}],"curies":[{"name":"wp","href":"https:\/\/api.w.org\/{rel}","templated":true}]}}