{"id":25312,"date":"2014-01-16T18:56:30","date_gmt":"2014-01-16T17:56:30","guid":{"rendered":"http:\/\/stockportal.hu\/?p=25312"},"modified":"2014-01-16T17:27:12","modified_gmt":"2014-01-16T16:27:12","slug":"a-francia-iparfejlesztesi-miniszter-2-millio-uj-munkahelyet-remel-az-adocsokkentestol","status":"publish","type":"post","link":"https:\/\/gazdasagportal.hu\/index.php\/a-francia-iparfejlesztesi-miniszter-2-millio-uj-munkahelyet-remel-az-adocsokkentestol\/","title":{"rendered":"A francia iparfejleszt\u00e9si miniszter 2 milli\u00f3 \u00faj munkahelyet rem\u00e9l az ad\u00f3cs\u00f6kkent\u00e9st\u0151l"},"content":{"rendered":"<p><strong>Arnaud Montebourg francia iparfejleszt\u00e9si miniszter 2 milli\u00f3 \u00faj munkahely l\u00e9trehoz\u00e1s\u00e1t k\u00e9rte a v\u00e1llalkoz\u00e1sokt\u00f3l az ad\u00f3terhek cs\u00f6kkent\u00e9s\u00e9rt cser\u00e9be, amelyet a munkav\u00e1llal\u00f3i szervezetek m\u00e1r r\u00e9g\u00f3ta szorgalmaztak Franciaorsz\u00e1g versenyk\u00e9pess\u00e9g\u00e9nek n\u00f6vel\u00e9se \u00e9rdek\u00e9ben.<!--more--><\/strong><\/p>\n<p>&#8222;Drasztikusan cs\u00f6kkenten\u00fcnk kell a munkan\u00e9lk\u00fclis\u00e9get, a 7 sz\u00e1zal\u00e9kos elfogadhat\u00f3 szintre, az Egyes\u00fclt \u00c1llamokhoz vagy N\u00e9metorsz\u00e1ghoz hasonl\u00f3an&#8221; &#8211; mondta cs\u00fct\u00f6rt\u00f6ki sajt\u00f3t\u00e1j\u00e9koztat\u00f3j\u00e1n a miniszter. Ezt a c\u00e9lt szerinte \u00f6t \u00e9v alatt 2 milli\u00f3 \u00faj munkahely l\u00e9trehoz\u00e1s\u00e1val lehet el\u00e9rni (a 66 milli\u00f3 lakos\u00fa orsz\u00e1gban).<br \/>\n&#8222;A nemzet most a felel\u0151ss\u00e9gi paktumban k\u00f6lcs\u00f6n\u00f6s kompromisszumokat v\u00e1r el. Musz\u00e1j, hogy a v\u00e1llalatok, amelyek \u00e9rezni fogj\u00e1k, hogy az eg\u00e9sz nemzet t\u00e1mogatja \u0151ket \u00e9s m\u00f6g\u00f6tt\u00fck \u00e1ll, elk\u00f6telezz\u00e9k magukat jelent\u0151sebb foglalkoztat\u00e1sra&#8221; &#8211; fogalmazott Montebourg. V\u00e9lem\u00e9nye szerint a Pierre Gattaz, a francia munk\u00e1ltat\u00f3i sz\u00f6vets\u00e9g (Medef) eln\u00f6ke \u00e1ltal tett javaslat &#8222;nem kiel\u00e9g\u00edt\u0151&#8221;. A Medef eln\u00f6ke Montebourg t\u00e1j\u00e9koztat\u00e1sa szerint a Francois Hollande \u00e1llamf\u0151 \u00e1ltal elv\u00e1rt egymilli\u00f3 \u00faj munkahely l\u00e9trehoz\u00e1s\u00e1hoz legal\u00e1bb 100 milli\u00e1rd eur\u00f3s (30 ezer milli\u00e1rd forintos) tehercs\u00f6kkent\u00e9st k\u00e9rt a korm\u00e1nyzatt\u00f3l.<br \/>\nFrancois Hollande kedden d\u00e9lut\u00e1n mintegy h\u00e1rom \u00f3r\u00e1n \u00e1t v\u00e1zolta fel hatsz\u00e1z francia \u00e9s k\u00fclf\u00f6ldi \u00fajs\u00e1g\u00edr\u00f3 el\u0151tt \u00faj gazdas\u00e1gpolitik\u00e1j\u00e1t, amelynek l\u00e9nyege a v\u00e1llalati ad\u00f3terhek 30 milli\u00e1rd eur\u00f3s (9 ezer milli\u00e1rd forintos)cs\u00f6kkent\u00e9s\u00e9vel \u00e9s 50 milli\u00e1rd eur\u00f3s (15 ezer milli\u00e1rd forintos) \u00e1llami megtakar\u00edt\u00e1ssal 2017-ig a beruh\u00e1z\u00e1sok \u00f6szt\u00f6nz\u00e9se \u00e9s a foglalkoztat\u00e1s jav\u00edt\u00e1sa a 11 sz\u00e1zal\u00e9kos munkan\u00e9lk\u00fclis\u00e9ggel k\u00fczd\u0151 orsz\u00e1gban. A v\u00e1llalkoz\u00e1soknak aj\u00e1nlott \u00fagynevezett felel\u0151ss\u00e9gi paktum\u00e9rt cser\u00e9be a korm\u00e1ny legal\u00e1bb egymilli\u00f3 \u00faj munkahely l\u00e9trehoz\u00e1s\u00e1t v\u00e1rja el a piact\u00f3l, amely Hollande szerint az elm\u00falt \u00e9vtizedek legjelent\u0151sebb t\u00e1rsadalmi kompromisszuma lehet.<br \/>\nPierre Gattaz szerd\u00e1n \u00fcdv\u00f6z\u00f6lte, hogy az eln\u00f6k j\u00f3 ir\u00e1nyban indult meg \u00e9s hogy Franciaorsz\u00e1g v\u00e9gre r\u00e1eszm\u00e9l a val\u00f3s\u00e1gra. A Medef ugyanakkor pontosan szeretn\u00e9 tudni, hogy mib\u0151l fogja fedezni a korm\u00e1nyzat a v\u00e1llatoknak tett ad\u00f3kedvezm\u00e9nyeket, illetve hogyan k\u00e9pzeli el az \u00e1llami megtakar\u00edt\u00e1sokat. A Medef szerint egymilli\u00f3 \u00faj munkahely l\u00e9trehoz\u00e1s\u00e1hoz 50 milli\u00e1rd eur\u00f3val kellene cs\u00f6kkenteni a v\u00e1llalkoz\u00e1sok j\u00e1rul\u00e9kfizet\u00e9si terheit \u00e9s legal\u00e1bb ugyanennyivel az ad\u00f3terheket.<br \/>\nChristian Noyer, a francia jegybank eln\u00f6ke cs\u00fct\u00f6rt\u00f6k\u00f6n \u00fagy v\u00e9lte, hogy a felel\u0151ss\u00e9gi paktum \u00f6szt\u00f6n\u00f6zni fogja a gazdas\u00e1gi n\u00f6veked\u00e9st \u00e9s a munkahelyteremt\u00e9st, s azt k\u00e9rte a korm\u00e1nyt\u00f3l, hogy min\u00e9l el\u0151bb ind\u00edtsa el a programot. Jean-Marc Ayrault korm\u00e1nyf\u0151 janu\u00e1r 27-re h\u00edvta \u00f6ssze a szakszervezetek \u00e9s a munk\u00e1ltat\u00f3i szervezetek k\u00e9pvisel\u0151it a paktum r\u00e9szleteinek egyeztetet\u00e9s\u00e9re.<br \/>\nArra a k\u00e9rd\u00e9sre, hogy egyet\u00e9rt-e azzal az \u00e9rt\u00e9kel\u00e9ssel, hogy a korm\u00e1ny gazdas\u00e1gpolitik\u00e1t v\u00e1ltott, az iparfejleszt\u00e9si miniszter azt v\u00e1laszolta, hogy a francia korm\u00e1ny &#8222;szoci\u00e1lpatri\u00f3ta&#8221;, s a &#8222;t\u00e1rc\u00e1j\u00e1nak k\u00f6zrem\u0171k\u00f6d\u00e9s\u00e9vel a politika feladata a gazdas\u00e1g rombol\u00f3 hat\u00e1sainak kijav\u00edt\u00e1sa \u00e9s a gazdas\u00e1g j\u00f3t\u00e9kony hat\u00e1sainak \u00f6szt\u00f6nz\u00e9se&#8221;.(MTI)<\/p>\n","protected":false},"excerpt":{"rendered":"<p>Arnaud Montebourg francia iparfejleszt\u00e9si miniszter 2 milli\u00f3 \u00faj munkahely l\u00e9trehoz\u00e1s\u00e1t k\u00e9rte a v\u00e1llalkoz\u00e1sokt\u00f3l az ad\u00f3terhek cs\u00f6kkent\u00e9s\u00e9rt cser\u00e9be, amelyet a munkav\u00e1llal\u00f3i szervezetek m\u00e1r r\u00e9g\u00f3ta szorgalmaztak Franciaorsz\u00e1g versenyk\u00e9pess\u00e9g\u00e9nek n\u00f6vel\u00e9se \u00e9rdek\u00e9ben.<\/p>\n","protected":false},"author":1,"featured_media":0,"comment_status":"open","ping_status":"closed","sticky":false,"template":"","format":"standard","meta":[],"categories":[12],"tags":[],"_links":{"self":[{"href":"https:\/\/gazdasagportal.hu\/index.php\/wp-json\/wp\/v2\/posts\/25312"}],"collection":[{"href":"https:\/\/gazdasagportal.hu\/index.php\/wp-json\/wp\/v2\/posts"}],"about":[{"href":"https:\/\/gazdasagportal.hu\/index.php\/wp-json\/wp\/v2\/types\/post"}],"author":[{"embeddable":true,"href":"https:\/\/gazdasagportal.hu\/index.php\/wp-json\/wp\/v2\/users\/1"}],"replies":[{"embeddable":true,"href":"https:\/\/gazdasagportal.hu\/index.php\/wp-json\/wp\/v2\/comments?post=25312"}],"version-history":[{"count":1,"href":"https:\/\/gazdasagportal.hu\/index.php\/wp-json\/wp\/v2\/posts\/25312\/revisions"}],"predecessor-version":[{"id":25313,"href":"https:\/\/gazdasagportal.hu\/index.php\/wp-json\/wp\/v2\/posts\/25312\/revisions\/25313"}],"wp:attachment":[{"href":"https:\/\/gazdasagportal.hu\/index.php\/wp-json\/wp\/v2\/media?parent=25312"}],"wp:term":[{"taxonomy":"category","embeddable":true,"href":"https:\/\/gazdasagportal.hu\/index.php\/wp-json\/wp\/v2\/categories?post=25312"},{"taxonomy":"post_tag","embeddable":true,"href":"https:\/\/gazdasagportal.hu\/index.php\/wp-json\/wp\/v2\/tags?post=25312"}],"curies":[{"name":"wp","href":"https:\/\/api.w.org\/{rel}","templated":true}]}}