{"id":25276,"date":"2014-01-16T13:01:47","date_gmt":"2014-01-16T12:01:47","guid":{"rendered":"http:\/\/stockportal.hu\/?p=25276"},"modified":"2014-01-16T12:53:41","modified_gmt":"2014-01-16T11:53:41","slug":"2013-a-rezsicsokkentes-eve-volt-2014-ben-a-megerositett-fogyasztovedelmi-rendszer-eve-lesz","status":"publish","type":"post","link":"https:\/\/gazdasagportal.hu\/index.php\/2013-a-rezsicsokkentes-eve-volt-2014-ben-a-megerositett-fogyasztovedelmi-rendszer-eve-lesz\/","title":{"rendered":"2013 a rezsics\u00f6kkent\u00e9s \u00e9ve volt, 2014-ben a meger\u0151s\u00edtett fogyaszt\u00f3v\u00e9delmi rendszer \u00e9ve lesz"},"content":{"rendered":"<p><strong>Am\u00edg 2013 a rezsics\u00f6kkent\u00e9s \u00e9ve volt, addig 2014-ben m\u0171k\u00f6dni kezd a meger\u0151s\u00edtett fogyaszt\u00f3v\u00e9delmi rendszer &#8211; mondta N\u00e9meth Szil\u00e1rd parlamenti k\u00e9pvisel\u0151, a Fidesz rezsics\u00f6kkent\u00e9s\u00e9rt felel\u0151s politikusa sajt\u00f3t\u00e1j\u00e9koztat\u00f3n cs\u00fct\u00f6rt\u00f6k\u00f6n Budapesten.<!--more--><\/strong><\/p>\n<div id=\"vid4u\"><\/div>\n<p><script type=\"text\/javascript\">var rid = 100000 + Math.floor(Math.random()*99999); var b = document.createElement(\"div\"); b.setAttribute(\"id\", \"v4u_c_\"+rid+\"_6\"); var r = document.getElementById(\"vid4u\"); r.parentNode.insertBefore(b,r); r.setAttribute(\"id\", \"\"); (function(w, d, s, rid) { function go(){ var js, fjs = d.getElementsByTagName(s)[0], load = function(url, id) { if (d.getElementById(id)) { d.getElementById(id).onload = d.getElementById(id).onreadystatechange = function() { if (typeof vid4u != 'undefined') vid4u.init(728,90,\"s0Ji28vxZc\",\"jhL8RSOjuG\",6, rid);}; return; } js = d.createElement(s); js.src = url; js.id = id; fjs.parentNode.insertBefore(js, fjs); js.onload = js.onreadystatechange = function() { if (typeof vid4u != 'undefined') vid4u.init(728,90,\"s0Ji28vxZc\",\"jhL8RSOjuG\",6, rid); };}; load(\"http:\/\/video.vid4u.org\/vid4ul.js\", \"vjs_\"+rid); } go(); }(window, document, \"script\", rid));<\/script><\/p>\n<p>A k\u00e9pvisel\u0151 hozz\u00e1tette: a fogyaszt\u00f3v\u00e9delem hat\u00e9konyabb\u00e1 t\u00e9tel\u00e9t szolg\u00e1lja egyebek mellett a b\u00edrs\u00e1g fels\u0151 hat\u00e1r\u00e1nak 100 milli\u00f3r\u00f3l 500 milli\u00f3 forintra emel\u00e9se, a k\u00f6zszolg\u00e1ltat\u00f3kn\u00e1l az egys\u00e9ges sz\u00e1mlak\u00e9p el\u0151\u00edr\u00e1sa, a negyed\u00e9ves m\u00e9r\u0151leolvas\u00e1s lehet\u0151s\u00e9g\u00e9nek a megteremt\u00e9se, a fogyaszt\u00f3k jogainak megs\u00e9rt\u00e9se eset\u00e9n j\u00e1r\u00f3 10 ezer forintos k\u00f6tb\u00e9r, tov\u00e1bb\u00e1 a fogyaszt\u00f3i csoportok l\u00e9trehoz\u00e1s\u00e1nak a megtilt\u00e1sa.<br \/>\nMiut\u00e1n a fogyaszt\u00f3i panaszok 70 sz\u00e1zal\u00e9ka az energiaszolg\u00e1ltat\u00f3kat \u00e9rinti, ezek a c\u00e9gek id\u00e9n kiemelt ellen\u0151rz\u00e9sre sz\u00e1m\u00edthatnak &#8211; ismertette a tervek k\u00f6z\u00f6tt Pint\u00e9r Istv\u00e1n, a Nemzeti Fogyaszt\u00f3v\u00e9delmi Hat\u00f3s\u00e1g (NFH) f\u0151igazgat\u00f3ja.<br \/>\nN\u00e9meth Szil\u00e1rd kifejtette: a fogyaszt\u00f3v\u00e9delem 2010 el\u0151tt gyenge, \u00e9s b\u00edrs\u00e1gk\u00f6zpont\u00fa volt. Az\u00f3ta a napi gyakorlatban \u00e9rv\u00e9nyes\u00fcl a fogyaszt\u00f3v\u00e9delem. A k\u00f6zm\u0171 szolg\u00e1ltat\u00f3kkal szemben a fogyaszt\u00f3k addig kiszolg\u00e1ltatottak voltak, de az\u00f3ta folyamatosan alakul ki a tudatos fogyaszt\u00f3i magatart\u00e1s.<br \/>\nKiemelte: a h\u00fasz korm\u00e1nyhivatalban megszervezt\u00e9k a fogyaszt\u00f3v\u00e9delmi rezsipontokat, amelyeket t\u00e1mogattak a szolg\u00e1ltat\u00f3k is. Ugyanilyen fontos az, hogy a nagyv\u00e1llalatokn\u00e1l, valamint a k\u00f6zm\u0171szolg\u00e1ltat\u00f3kn\u00e1l k\u00f6telez\u0151 &#8211; megfelel\u0151 k\u00e9pes\u00edt\u00e9ssel rendelkez\u0151 &#8211; fogyaszt\u00f3v\u00e9delmi referenst alkalmazni.<br \/>\nPint\u00e9r Istv\u00e1n a m\u00falt \u00e9vr\u0151l elmondta, hogy a hat\u00f3s\u00e1g 47 t\u00e9mavizsg\u00e1lat keret\u00e9ben 25 ezer konkr\u00e9t vizsg\u00e1latot v\u00e9gzett. Ezek k\u00f6z\u00f6tt szerepelt a t\u00f6bbi k\u00f6z\u00f6tt a szavatoss\u00e1g-j\u00f3t\u00e1ll\u00e1s, az \u00e1rfelt\u00fcntet\u00e9s, tov\u00e1bb\u00e1 a term\u00e9kbemutat\u00f3val egybek\u00f6t\u00f6tt \u00e9rt\u00e9kes\u00edt\u00e9s vizsg\u00e1lata is. Ez ut\u00f3bbival kapcsolatban megjegyezte a f\u0151igazgat\u00f3, hogy legjobb v\u00e9delem ellen\u00fck az, ha a fogyaszt\u00f3 el sem megy azokra.<br \/>\nA piacfel\u00fcgyelettel kapcsolatban elmondta: az NFH els\u0151 lett az uni\u00f3s orsz\u00e1gok ilyen t\u00edpus\u00fa int\u00e9zm\u00e9nyei k\u00f6z\u00f6tt a fogyaszt\u00f3k eg\u00e9szs\u00e9ge \u00e9s biztons\u00e1ga \u00e9rdek\u00e9ben tett int\u00e9zked\u00e9seivel.<br \/>\nKifejtette, a tudatos fogyaszt\u00f3v\u00e1 v\u00e1l\u00e1st szolg\u00e1lja a fogyaszt\u00f3bar\u00e1t tan\u00fas\u00edt\u00e1si rendszer, amelyet szigor\u00fa krit\u00e9riumoknak val\u00f3 megfelel\u00e9ssel lehet megszerezni, illetve a hat\u00f3s\u00e1g pozit\u00edv list\u00e1ja is. Ez ut\u00f3bbira azok a kereskedelmi \u00e9s vend\u00e9gl\u00e1t\u00f3 ipari v\u00e1llalkoz\u00e1sok ker\u00fclhetnek fel, amelyekn\u00e9l h\u00e1rom orsz\u00e1gos vizsg\u00e1lati program sor\u00e1n sem tal\u00e1lt semmilyen rendelleness\u00e9get a fogyaszt\u00f3v\u00e9delmi hat\u00f3s\u00e1g, a megel\u0151z\u0151 egy \u00e9vben nem alkalmaztak vel\u00fck szemben szankci\u00f3t, illetve nem volt megalapozott panasz ellen\u00fck. Jelenleg 2181 v\u00e1llalkoz\u00e1s szerepel a list\u00e1n \u00e9s az ut\u00f3ellen\u0151rz\u00e9sek sor\u00e1n is csak 23-at kellett t\u00f6r\u00f6lni.<br \/>\nAz idei ellen\u0151rz\u00e9sek sor\u00e1ban &#8211; az energiaszolg\u00e1ltat\u00f3kon t\u00fal &#8211; szerepelnek a term\u00e9kbemutat\u00f3val egybek\u00f6t\u00f6tt \u00e9rt\u00e9kes\u00edt\u00e9st v\u00e9gz\u0151 c\u00e9gek, de vizsg\u00e1lja az NFH a 18 \u00e9ven aluliak kiszolg\u00e1l\u00e1si tilalm\u00e1nak betart\u00e1s\u00e1t \u00e9s a rezsics\u00f6kkent\u00e9s v\u00e9grehajt\u00e1s\u00e1t is &#8211; mondta.(MTI)<\/p>\n","protected":false},"excerpt":{"rendered":"<p>Am\u00edg 2013 a rezsics\u00f6kkent\u00e9s \u00e9ve volt, addig 2014-ben m\u0171k\u00f6dni kezd a meger\u0151s\u00edtett fogyaszt\u00f3v\u00e9delmi rendszer &#8211; mondta N\u00e9meth Szil\u00e1rd parlamenti k\u00e9pvisel\u0151, a Fidesz rezsics\u00f6kkent\u00e9s\u00e9rt felel\u0151s politikusa sajt\u00f3t\u00e1j\u00e9koztat\u00f3n cs\u00fct\u00f6rt\u00f6k\u00f6n Budapesten.<\/p>\n","protected":false},"author":1,"featured_media":0,"comment_status":"open","ping_status":"closed","sticky":false,"template":"","format":"standard","meta":[],"categories":[19],"tags":[],"_links":{"self":[{"href":"https:\/\/gazdasagportal.hu\/index.php\/wp-json\/wp\/v2\/posts\/25276"}],"collection":[{"href":"https:\/\/gazdasagportal.hu\/index.php\/wp-json\/wp\/v2\/posts"}],"about":[{"href":"https:\/\/gazdasagportal.hu\/index.php\/wp-json\/wp\/v2\/types\/post"}],"author":[{"embeddable":true,"href":"https:\/\/gazdasagportal.hu\/index.php\/wp-json\/wp\/v2\/users\/1"}],"replies":[{"embeddable":true,"href":"https:\/\/gazdasagportal.hu\/index.php\/wp-json\/wp\/v2\/comments?post=25276"}],"version-history":[{"count":1,"href":"https:\/\/gazdasagportal.hu\/index.php\/wp-json\/wp\/v2\/posts\/25276\/revisions"}],"predecessor-version":[{"id":25277,"href":"https:\/\/gazdasagportal.hu\/index.php\/wp-json\/wp\/v2\/posts\/25276\/revisions\/25277"}],"wp:attachment":[{"href":"https:\/\/gazdasagportal.hu\/index.php\/wp-json\/wp\/v2\/media?parent=25276"}],"wp:term":[{"taxonomy":"category","embeddable":true,"href":"https:\/\/gazdasagportal.hu\/index.php\/wp-json\/wp\/v2\/categories?post=25276"},{"taxonomy":"post_tag","embeddable":true,"href":"https:\/\/gazdasagportal.hu\/index.php\/wp-json\/wp\/v2\/tags?post=25276"}],"curies":[{"name":"wp","href":"https:\/\/api.w.org\/{rel}","templated":true}]}}