{"id":25268,"date":"2014-01-16T13:36:31","date_gmt":"2014-01-16T12:36:31","guid":{"rendered":"http:\/\/stockportal.hu\/?p=25268"},"modified":"2014-01-16T12:02:35","modified_gmt":"2014-01-16T11:02:35","slug":"sziria-lavrov-nincs-kulon-irani-orosz-sziriai-beketerv","status":"publish","type":"post","link":"https:\/\/gazdasagportal.hu\/index.php\/sziria-lavrov-nincs-kulon-irani-orosz-sziriai-beketerv\/","title":{"rendered":"Sz\u00edria &#8211; Lavrov: nincs k\u00fcl\u00f6n ir\u00e1ni-orosz-sz\u00edriai b\u00e9keterv"},"content":{"rendered":"<p><strong>Nincs k\u00fcl\u00f6n ir\u00e1ni-orosz-sz\u00edriai b\u00e9keterv \u00e9s nem folyik h\u00e1romoldal\u00fa t\u00e1rgyal\u00e1s Moszkv\u00e1ban &#8211; c\u00e1folta a diplom\u00e1ciai forr\u00e1sokb\u00f3l kisziv\u00e1rgott \u00e9rtes\u00fcl\u00e9seket Szergej Lavrov orosz k\u00fcl\u00fcgyminiszter cs\u00fct\u00f6rt\u00f6k\u00f6n, miut\u00e1n ir\u00e1ni koll\u00e9g\u00e1j\u00e1val tartott megbesz\u00e9l\u00e9st az orosz f\u0151v\u00e1rosban.<!--more--><\/strong><\/p>\n<p>&nbsp;<\/p>\n<div id=\"vid4u\"><\/div>\n<p><script type=\"text\/javascript\">var rid = 100000 + Math.floor(Math.random()*99999); var b = document.createElement(\"div\"); b.setAttribute(\"id\", \"v4u_c_\"+rid+\"_6\"); var r = document.getElementById(\"vid4u\"); r.parentNode.insertBefore(b,r); r.setAttribute(\"id\", \"\"); (function(w, d, s, rid) { function go(){ var js, fjs = d.getElementsByTagName(s)[0], load = function(url, id) { if (d.getElementById(id)) { d.getElementById(id).onload = d.getElementById(id).onreadystatechange = function() { if (typeof vid4u != 'undefined') vid4u.init(728,90,\"s0Ji28vxZc\",\"jhL8RSOjuG\",6, rid);}; return; } js = d.createElement(s); js.src = url; js.id = id; fjs.parentNode.insertBefore(js, fjs); js.onload = js.onreadystatechange = function() { if (typeof vid4u != 'undefined') vid4u.init(728,90,\"s0Ji28vxZc\",\"jhL8RSOjuG\",6, rid); };}; load(\"http:\/\/video.vid4u.org\/vid4ul.js\", \"vjs_\"+rid); } go(); }(window, document, \"script\", rid));<\/script><\/p>\n<p>Az orosz k\u00fcl\u00fcgyminiszt\u00e9rium kor\u00e1bban azt k\u00f6z\u00f6lte, hogy p\u00e9ntekre v\u00e1rj\u00e1k Moszkv\u00e1ba Val\u00edd Moallem sz\u00edriai k\u00fcl\u00fcgyminisztert a janu\u00e1r 22-\u00e9n kezd\u0151d\u0151, \u00fagynevezett Genf-2 nemzetk\u00f6zi b\u00e9kekonferencia el\u0151k\u00e9sz\u00edt\u00e9s\u00e9nek keret\u00e9ben.<br \/>\nMohamad Dzsavad Zarif, az ir\u00e1ni diplom\u00e1cia vezet\u0151je szerd\u00e1n \u00e9rkezett az orosz f\u0151v\u00e1rosba. A k\u00fcl\u00fcgyminiszter ezt megel\u0151z\u0151en Damaszkuszban, valamint Bagdadban t\u00e1rgyalt. Az ir\u00e1ni korm\u00e1ny tagj\u00e1t a nap folyam\u00e1n fogadja Vlagyimir Putyin orosz \u00e1llamf\u0151, aki orosz lap\u00e9rtes\u00fcl\u00e9sek szerint heteken bel\u00fcl Teher\u00e1nba l\u00e1togat.<br \/>\nA sajt\u00f3t\u00e1j\u00e9koztat\u00f3n Szergej Lavrov provokat\u00edvnak \u00edt\u00e9lte meg a k\u00e9rd\u00e9st, hogy mi lesz a Genf-2-nek elnevezett b\u00e9kekonferencia ut\u00e1n. K\u00f6z\u00f6lte, hogy a tan\u00e1cskoz\u00e1s csak elkezd\u0151dik janu\u00e1r 22-\u00e9n \u00e9s senki sem tudja, meddig fog tartani.<br \/>\nAz orosz diplom\u00e1cia vezet\u0151je megism\u00e9telte Moszkva \u00e1ll\u00e1spontj\u00e1t, hogy Ir\u00e1nnak \u00e9s Sza\u00fad-Ar\u00e1bi\u00e1nak mindenk\u00e9ppen ott a helye a sz\u00edriai politikai rendez\u00e9st c\u00e9lz\u00f3 sv\u00e1jci tan\u00e1cskoz\u00e1son, ugyanakkor k\u00f6z\u00f6lte, hogy sem az Egyes\u00fclt \u00c1llamok, sem Oroszorsz\u00e1g nem gyakorol nyom\u00e1st az ENSZ f\u0151titk\u00e1r\u00e1ra, hogy kit, mely orsz\u00e1gokat h\u00edvjon meg a konferenci\u00e1ra. Szergej Lavrov aggodalm\u00e1t fejezte ki amiatt, hogy &#8222;k\u00eds\u00e9rletek vannak a megh\u00edvand\u00f3 ellenz\u00e9kiek k\u00f6r\u00e9nek sz\u0171k\u00edt\u00e9s\u00e9re&#8221;.<br \/>\nIr\u00e1n mindenk\u00e9ppen r\u00e9sze lesz a sz\u00edriai rendez\u00e9snek &#8211; tette hozz\u00e1 az orosz k\u00fcl\u00fcgyminiszter, \u00e9s azt is hangs\u00falyozta, hogy a terrorizmus gy\u00f6kereit akarj\u00e1k elv\u00e1gni Sz\u00edri\u00e1ban, \u00e9s ezzel az eg\u00e9sz nemzetk\u00f6zi k\u00f6z\u00f6ss\u00e9g egyet\u00e9rt.<br \/>\nMohamad Dzsavad Zarif k\u00f6z\u00f6lte, hogy Teher\u00e1n el\u00e1ll a Montreux-ben j\u00f6v\u0151 szerd\u00e1n megny\u00edl\u00f3 Genf-2-ben val\u00f3 r\u00e9szv\u00e9telt\u0151l, ha sz\u00e1m\u00e1ra elfogadhatatlan, m\u00e1s orsz\u00e1gokkal szemben nem t\u00e1masztott el\u0151zetes felt\u00e9teleket szabnak. Az ir\u00e1ni k\u00fcl\u00fcgyminiszter nem r\u00e9szletezte, milyen felt\u00e9telekr\u0151l van sz\u00f3.<br \/>\nTeher\u00e1nban azt rem\u00e9lik, hogy Oroszorsz\u00e1g tov\u00e1bbra is fontos szerepet j\u00e1tszik az ir\u00e1ni atomprogram rendez\u00e9s\u00e9ben &#8211; mondta Zarif \u00e9s hozz\u00e1tette, hogy minden \u00e9rintett f\u00e9lnek t\u00e1mogatnia kell a Genfben el\u00e9rt meg\u00e1llapod\u00e1st, \u00e9s nem annak az \u00e9rtelmez\u00e9s\u00e9re kell t\u00f6rekedni.<br \/>\nNovember 24-\u00e9n abban \u00e1llapodtak meg az 5+1-es orsz\u00e1gcsoport (Egyes\u00fclt \u00c1llamok, Franciaorsz\u00e1g, K\u00edna, Nagy-Britannia, Oroszorsz\u00e1g \u00e9s N\u00e9metorsz\u00e1g) \u00e9s Teher\u00e1n k\u00e9pvisel\u0151i, hogy Ir\u00e1n hat h\u00f3napra visszafogja nukle\u00e1ris fejleszt\u00e9seit, \u00e9s ez alatt az id\u0151 alatt kidolgozz\u00e1k a v\u00e9gleges meg\u00e1llapod\u00e1st az ir\u00e1ni atomprogramr\u00f3l. Az \u00e1tmeneti id\u0151szakban a Nyugat az ir\u00e1ni engedm\u00e9ny\u00e9rt cser\u00e9ben enyh\u00edt a gazdas\u00e1gi szankci\u00f3kon.<br \/>\nA Kommerszant c\u00edm\u0171 tekint\u00e9lyes orosz politikai-gazdas\u00e1gi napilap azt \u00edrta, hogy Moszkva m\u00e1ris er\u0151teljesen \u00e9l\u00e9nk\u00edti gazdas\u00e1gi kapcsolatait Teher\u00e1nnal, bele\u00e9rtve azt a t\u00f6rekv\u00e9s\u00e9t, hogy az ir\u00e1ni k\u0151olaj legnagyobb import\u0151re lehessen. Moszkva addig akar gazdas\u00e1gi el\u0151ny\u00f6ket el\u00e9rni Ir\u00e1nban, am\u00edg a nyugati \u00e1llamok nem jelentenek sz\u00e1m\u00e1ra versenyt\u00e1rsakat.(MTI)<\/p><div id=\"gazda-1834178442\" class=\"gazda-tartalomban gazda-entity-placement\"><script async src=\"https:\/\/pagead2.googlesyndication.com\/pagead\/js\/adsbygoogle.js\"><\/script>\r\n<ins class=\"adsbygoogle\"\r\n     style=\"display:block\"\r\n     data-ad-format=\"fluid\"\r\n     data-ad-layout-key=\"-6t+ed+2i-1n-4w\"\r\n     data-ad-client=\"ca-pub-1959107119989764\"\r\n     data-ad-slot=\"4008251320\"><\/ins>\r\n<script>\r\n     (adsbygoogle = window.adsbygoogle || []).push({});\r\n<\/script><\/div>\n","protected":false},"excerpt":{"rendered":"<p>Nincs k\u00fcl\u00f6n ir\u00e1ni-orosz-sz\u00edriai b\u00e9keterv \u00e9s nem folyik h\u00e1romoldal\u00fa t\u00e1rgyal\u00e1s Moszkv\u00e1ban &#8211; c\u00e1folta a diplom\u00e1ciai forr\u00e1sokb\u00f3l kisziv\u00e1rgott \u00e9rtes\u00fcl\u00e9seket Szergej Lavrov orosz k\u00fcl\u00fcgyminiszter cs\u00fct\u00f6rt\u00f6k\u00f6n, miut\u00e1n ir\u00e1ni koll\u00e9g\u00e1j\u00e1val tartott megbesz\u00e9l\u00e9st az orosz f\u0151v\u00e1rosban.<\/p>\n","protected":false},"author":1,"featured_media":0,"comment_status":"open","ping_status":"closed","sticky":false,"template":"","format":"standard","meta":[],"categories":[16],"tags":[],"_links":{"self":[{"href":"https:\/\/gazdasagportal.hu\/index.php\/wp-json\/wp\/v2\/posts\/25268"}],"collection":[{"href":"https:\/\/gazdasagportal.hu\/index.php\/wp-json\/wp\/v2\/posts"}],"about":[{"href":"https:\/\/gazdasagportal.hu\/index.php\/wp-json\/wp\/v2\/types\/post"}],"author":[{"embeddable":true,"href":"https:\/\/gazdasagportal.hu\/index.php\/wp-json\/wp\/v2\/users\/1"}],"replies":[{"embeddable":true,"href":"https:\/\/gazdasagportal.hu\/index.php\/wp-json\/wp\/v2\/comments?post=25268"}],"version-history":[{"count":1,"href":"https:\/\/gazdasagportal.hu\/index.php\/wp-json\/wp\/v2\/posts\/25268\/revisions"}],"predecessor-version":[{"id":25269,"href":"https:\/\/gazdasagportal.hu\/index.php\/wp-json\/wp\/v2\/posts\/25268\/revisions\/25269"}],"wp:attachment":[{"href":"https:\/\/gazdasagportal.hu\/index.php\/wp-json\/wp\/v2\/media?parent=25268"}],"wp:term":[{"taxonomy":"category","embeddable":true,"href":"https:\/\/gazdasagportal.hu\/index.php\/wp-json\/wp\/v2\/categories?post=25268"},{"taxonomy":"post_tag","embeddable":true,"href":"https:\/\/gazdasagportal.hu\/index.php\/wp-json\/wp\/v2\/tags?post=25268"}],"curies":[{"name":"wp","href":"https:\/\/api.w.org\/{rel}","templated":true}]}}