{"id":25204,"date":"2014-01-15T22:27:19","date_gmt":"2014-01-15T21:27:19","guid":{"rendered":"http:\/\/stockportal.hu\/?p=25204"},"modified":"2014-01-16T08:13:36","modified_gmt":"2014-01-16T07:13:36","slug":"devizahitelek-navracsics-a-kurianak-igaza-van","status":"publish","type":"post","link":"https:\/\/gazdasagportal.hu\/index.php\/devizahitelek-navracsics-a-kurianak-igaza-van\/","title":{"rendered":"Devizahitelek &#8211; Navracsics: a K\u00fari\u00e1nak igaza van"},"content":{"rendered":"<p><strong>A K\u00faria jogosan d\u00f6nt\u00f6tt \u00fagy, hogy megv\u00e1rja az Eur\u00f3pai Uni\u00f3 B\u00edr\u00f3s\u00e1g\u00e1nak d\u00f6nt\u00e9s\u00e9t, \u00e9s igaza van abban, hogy egy ilyen sz\u00e9les k\u00f6r\u0171 t\u00e1rsadalmi probl\u00e9ma kezel\u00e9s\u00e9hez jogalkot\u00e1sra van sz\u00fcks\u00e9g &#8211; mondta a devizahitelekkel \u00f6sszef\u00fcgg\u00e9sben Navracsics Tibor k\u00f6zigazgat\u00e1si \u00e9s igazs\u00e1g\u00fcgyi miniszter a H\u00edr TV Magyarorsz\u00e1g \u00e9l\u0151ben c\u00edm\u0171 m\u0171sor\u00e1ban szerda este.<!--more--><\/strong><\/p>\n<div id=\"vid4u\"><\/div>\n<p><script type=\"text\/javascript\">var rid = 100000 + Math.floor(Math.random()*99999); var b = document.createElement(\"div\"); b.setAttribute(\"id\", \"v4u_c_\"+rid+\"_6\"); var r = document.getElementById(\"vid4u\"); r.parentNode.insertBefore(b,r); r.setAttribute(\"id\", \"\"); (function(w, d, s, rid) { function go(){ var js, fjs = d.getElementsByTagName(s)[0], load = function(url, id) { if (d.getElementById(id)) { d.getElementById(id).onload = d.getElementById(id).onreadystatechange = function() { if (typeof vid4u != 'undefined') vid4u.init(728,90,\"s0Ji28vxZc\",\"jhL8RSOjuG\",6, rid);}; return; } js = d.createElement(s); js.src = url; js.id = id; fjs.parentNode.insertBefore(js, fjs); js.onload = js.onreadystatechange = function() { if (typeof vid4u != 'undefined') vid4u.init(728,90,\"s0Ji28vxZc\",\"jhL8RSOjuG\",6, rid); };}; load(\"http:\/\/video.vid4u.org\/vid4ul.js\", \"vjs_\"+rid); } go(); }(window, document, \"script\", rid));<\/script><\/p>\n<p>A minisztereln\u00f6k-helyettes, t\u00e1rcavezet\u0151 arra h\u00edvta fel a figyelmet, hogy az eg\u00e9sz magyar igazs\u00e1gszolg\u00e1ltat\u00e1s sz\u00e1m\u00e1ra ir\u00e1nyad\u00f3 lehet a k\u00f6z\u00f6ss\u00e9gi jogi megk\u00f6zel\u00edt\u00e9s. Hozz\u00e1tette: a K\u00fari\u00e1nak igaza volt akkor is, amikor jogegys\u00e9gi d\u00f6nt\u00e9s\u00e9ben kimondta, hogy ilyen sz\u00e9les k\u00f6r\u0171 t\u00e1rsadalmi probl\u00e9m\u00e1t a jogalkalmaz\u00e1s nem tud kezelni, jogalkot\u00e1sra van sz\u00fcks\u00e9g. \u00c1m ahhoz m\u00e9g meg kell v\u00e1rni a luxembourgi sz\u00e9khely\u0171 Eur\u00f3pai Uni\u00f3 B\u00edr\u00f3s\u00e1g\u00e1nak \u00e9s a magyar K\u00fari\u00e1nak a d\u00f6nt\u00e9s\u00e9t.<br \/>\n&#8222;Azt vegy\u00fck m\u00e1r figyelembe, hogy 2002-t\u0151l 2010-ig itt mindenki v\u00edgan vett fel devizahiteleket, \u00e9s most, amikor baj van, akkor viszont egyik napr\u00f3l a m\u00e1sikra v\u00e1rj\u00e1k a megold\u00e1st&#8221; &#8211; jegyezte meg a fideszes politikus.<br \/>\nEzernyi k\u00fcl\u00f6nf\u00e9le devizahitel van, a jogalkot\u00f3 pedig egyedi esetekre nem hozhat szab\u00e1lyokat. Meg kell tal\u00e1lni az \u00e1ltal\u00e1nos pontokat, mint p\u00e9ld\u00e1ul az egyoldal\u00fa kamatemel\u00e9st, az egyoldal\u00fa szerz\u0151d\u00e9sm\u00f3dos\u00edt\u00e1st, \u00e9s azokban kell d\u0171l\u0151re jutni. A probl\u00e9ma bonyolult, a jogszab\u00e1ly megalkot\u00e1sakor olyan k\u00e9rd\u00e9sekre is v\u00e1laszt kell adni, hogy csak a hat\u00e1lybal\u00e9p\u00e9se ut\u00e1ni szerz\u0151d\u00e9sekre \u00e9rv\u00e9nyes vagy a kor\u00e1bbiakra is, csak a lak\u00e1shitelekre vagy m\u00e1sra is &#8211; fejtette ki az igazs\u00e1g\u00fcgy-miniszter.<br \/>\nA frakci\u00f3 dolgozik a probl\u00e9ma megold\u00e1s\u00e1n, ehhez az igazs\u00e1g\u00fcgyi t\u00e1rca minden seg\u00edts\u00e9get megad, a nemzetgazdas\u00e1gi miniszt\u00e9rium pedig a k\u00f6lts\u00e9gvet\u00e9si lehet\u0151s\u00e9geket tanulm\u00e1nyozza &#8211; mondta Navracsics Tibor, aki k\u00e9rd\u00e9sre v\u00e1laszolva azt is megjegyezte: szeretn\u00e9, ha m\u00e9g ebben a korm\u00e1nyzati ciklusban sz\u00fcletne megold\u00e1s a devizahitelek \u00fcgy\u00e9ben.(MTI)<\/p>\n","protected":false},"excerpt":{"rendered":"<p>A K\u00faria jogosan d\u00f6nt\u00f6tt \u00fagy, hogy megv\u00e1rja az Eur\u00f3pai Uni\u00f3 B\u00edr\u00f3s\u00e1g\u00e1nak d\u00f6nt\u00e9s\u00e9t, \u00e9s igaza van abban, hogy egy ilyen sz\u00e9les k\u00f6r\u0171 t\u00e1rsadalmi probl\u00e9ma kezel\u00e9s\u00e9hez jogalkot\u00e1sra van sz\u00fcks\u00e9g &#8211; mondta a devizahitelekkel \u00f6sszef\u00fcgg\u00e9sben Navracsics Tibor k\u00f6zigazgat\u00e1si \u00e9s igazs\u00e1g\u00fcgyi miniszter a H\u00edr TV Magyarorsz\u00e1g \u00e9l\u0151ben c\u00edm\u0171 m\u0171sor\u00e1ban szerda este.<\/p>\n","protected":false},"author":1,"featured_media":0,"comment_status":"open","ping_status":"closed","sticky":false,"template":"","format":"standard","meta":[],"categories":[18,112],"tags":[],"_links":{"self":[{"href":"https:\/\/gazdasagportal.hu\/index.php\/wp-json\/wp\/v2\/posts\/25204"}],"collection":[{"href":"https:\/\/gazdasagportal.hu\/index.php\/wp-json\/wp\/v2\/posts"}],"about":[{"href":"https:\/\/gazdasagportal.hu\/index.php\/wp-json\/wp\/v2\/types\/post"}],"author":[{"embeddable":true,"href":"https:\/\/gazdasagportal.hu\/index.php\/wp-json\/wp\/v2\/users\/1"}],"replies":[{"embeddable":true,"href":"https:\/\/gazdasagportal.hu\/index.php\/wp-json\/wp\/v2\/comments?post=25204"}],"version-history":[{"count":2,"href":"https:\/\/gazdasagportal.hu\/index.php\/wp-json\/wp\/v2\/posts\/25204\/revisions"}],"predecessor-version":[{"id":25216,"href":"https:\/\/gazdasagportal.hu\/index.php\/wp-json\/wp\/v2\/posts\/25204\/revisions\/25216"}],"wp:attachment":[{"href":"https:\/\/gazdasagportal.hu\/index.php\/wp-json\/wp\/v2\/media?parent=25204"}],"wp:term":[{"taxonomy":"category","embeddable":true,"href":"https:\/\/gazdasagportal.hu\/index.php\/wp-json\/wp\/v2\/categories?post=25204"},{"taxonomy":"post_tag","embeddable":true,"href":"https:\/\/gazdasagportal.hu\/index.php\/wp-json\/wp\/v2\/tags?post=25204"}],"curies":[{"name":"wp","href":"https:\/\/api.w.org\/{rel}","templated":true}]}}