{"id":2520,"date":"2013-02-09T18:07:06","date_gmt":"2013-02-09T17:07:06","guid":{"rendered":"http:\/\/stockportal.hu\/?p=2520"},"modified":"2013-02-09T21:12:02","modified_gmt":"2013-02-09T20:12:02","slug":"eu-csucs-a-nemet-sajto-szerint-az-unios-hosszu-tavu-koltsegvetes-megkurtitasa-mindeddig-pelda-nelkuli","status":"publish","type":"post","link":"https:\/\/gazdasagportal.hu\/index.php\/eu-csucs-a-nemet-sajto-szerint-az-unios-hosszu-tavu-koltsegvetes-megkurtitasa-mindeddig-pelda-nelkuli\/","title":{"rendered":"EU-cs\u00facs &#8211; A n\u00e9met sajt\u00f3 szerint az uni\u00f3s hossz\u00fa t\u00e1v\u00fa k\u00f6lts\u00e9gvet\u00e9s megkurt\u00edt\u00e1sa mindeddig p\u00e9lda n\u00e9lk\u00fcli"},"content":{"rendered":"<p><strong>Soha kor\u00e1bban nem volt p\u00e9lda az eur\u00f3pai uni\u00f3s keretk\u00f6lts\u00e9gvet\u00e9s megkurt\u00edt\u00e1s\u00e1ra &#8211; emelte ki a n\u00e9met sajt\u00f3 az EU-tagorsz\u00e1gok \u00e1llam-, illetve korm\u00e1nyf\u0151inek tan\u00e1cs\u00e1ban az EU 2014 \u00e9s 2020 k\u00f6z\u00f6tti b\u00fcdzs\u00e9j\u00e9r\u0151l k\u00f6t\u00f6tt p\u00e9nteki meg\u00e1llapod\u00e1ssal kapcsolatban.<!--more--><\/strong><\/p>\n<p>A konzervat\u00edv die Welt szombati komment\u00e1rja szerint a meg\u00e1llapod\u00e1s &#8222;bebetonozza a kiad\u00e1si szerkezetet \u00e9s a k\u00f6z\u00f6ss\u00e9gben kialakult viszonyokat&#8221;, hiszen a mez\u0151gazdas\u00e1g t\u00e1mogat\u00e1s\u00e1ra &#8222;tov\u00e1bbra is sz\u00e1zmilli\u00e1rdsz\u00e1mra k\u00f6ltik az ad\u00f3fizet\u0151k p\u00e9nz\u00e9t&#8221;. Az \u00fajraeloszt\u00e1si g\u00e9pezet m\u0171k\u00f6d\u00e9s\u00e9n nem siker\u00fclt jav\u00edtani, mert &#8222;az ad\u00f3fizet\u0151k lobbija sokkal gyeng\u00e9bb, mint a gazd\u00e1k\u00e9&#8221;, holott &#8222;mindenki j\u00f3l j\u00e1rna, ha t\u00f6bb p\u00e9nz maradna az emberek zseb\u00e9ben&#8221;. A korm\u00e1ny- \u00e9s \u00e1llamf\u0151ket csak az \u00e9rdekelte, hogy otthon ne kelljen t\u00fal nagy vesztes\u00e9gr\u0151l besz\u00e1molni, ez pedig &#8222;t\u00fal kev\u00e9s&#8221; &#8211; \u00edrta a Die Welt.<br \/>\nA szint\u00e9n konzervat\u00edv Frankfurter Allgemeine Zeitung (FAZ) szerint a k\u00f6z\u00f6ss\u00e9gi k\u00f6lts\u00e9gvet\u00e9si politika &#8222;j\u00f3 ir\u00e1nyba mozdult el&#8221;. A br\u00fcsszeli cs\u00facs megmutatta, hogy az uni\u00f3s kiad\u00e1sok visszafog\u00e1s\u00e1t s\u00fcrget\u0151 David Cameron brit korm\u00e1nyf\u0151 &#8222;m\u00e9gsincs annyira elszigetelt helyzetben, ahogy azt sokan mondj\u00e1k&#8221; &#8211; \u00edrta a FAZ, hangs\u00falyozva, hogy &#8222;a nemzeti ad\u00f3ss\u00e1gf\u00e9kek \u00e9s a k\u00f6lts\u00e9gvet\u00e9si szigor fokoz\u00e1s\u00e1nak kor\u00e1ban&#8221; nem lehet \u00fagy folytatni a dolgokat, mint a v\u00e1ls\u00e1g el\u0151tt. Hozz\u00e1tett\u00e9k: az EU cselekv\u0151k\u00e9pess\u00e9g\u00e9t nem rontja a k\u00f6lts\u00e9gvet\u00e9s m\u00e9ret\u00e9nek cs\u00f6kkent\u00e9se, de &#8222;m\u00e9g \u00edgy is t\u00fal sok mindent szubvencion\u00e1l&#8221;.<br \/>\nAz egyik legkev\u00e9sb\u00e9 j\u00f3m\u00f3d\u00fa n\u00e9met tartom\u00e1nyban, az egykori NDK ter\u00fclet\u00e9n fekv\u0151 Mecklenburg-El\u0151-Pomer\u00e1ni\u00e1ban megjelen\u0151 Ostsee Zeitung szerint &#8222;el\u00e9g egy pillant\u00e1st vetni Kelet-Eur\u00f3p\u00e1ra, hogy meg\u00e9rts\u00fck, mi\u00e9rt kell elapadnia hosszabb t\u00e1von a k\u00f6z\u00f6ss\u00e9gi t\u00e1mogat\u00e1soknak (az ugyancsak az egykori NDK ter\u00fclet\u00e9n fekv\u0151) Brandenburgban, Sz\u00e1szorsz\u00e1gban vagy T\u00fcringi\u00e1ban&#8221;. Kelet-Eur\u00f3pa egyes t\u00e9rs\u00e9gei rendk\u00edv\u00fcl elmaradottak, \u00e9s az \u00e9letsz\u00ednvonal meg sem k\u00f6zel\u00edti azt, amelyet Kelet-N\u00e9metorsz\u00e1g az uni\u00f3s t\u00e1mogat\u00e1sok r\u00e9v\u00e9n 20 \u00e9v alatt el\u00e9rt, a t\u00e1mogat\u00e1sok \u00f6ssz\u00e9rt\u00e9ke pedig most cs\u00f6kken, &#8222;ez\u00e9rt logikus, hogy Sz\u00e1szorsz\u00e1gnak \u00e9s t\u00e1rsainak h\u00e1tr\u00e1bb kell l\u00e9pni\u00fck&#8221;.<br \/>\nA lap hozz\u00e1tette: a korm\u00e1nyf\u0151k s\u00falyos kudarcot vallottak a fiatalkori munkan\u00e9lk\u00fclis\u00e9g elleni k\u00fczdelemben, hiszen csup\u00e1n 6 milli\u00e1rd eur\u00f3 p\u00f3tl\u00f3lagos forr\u00e1st ir\u00e1nyoztak el\u0151 &#8222;ennek az id\u0151z\u00edtett t\u00e1rsadalmi bomb\u00e1nak a hat\u00e1stalan\u00edt\u00e1s\u00e1ra&#8221;, ami \u00e9deskev\u00e9s ahhoz k\u00e9pest, hogy m\u00e1r az 5,5 milli\u00f3t is meghaladta a fiatalkori munkan\u00e9lk\u00fcliek sz\u00e1ma, \u00e9s G\u00f6r\u00f6gorsz\u00e1gban vagy Spanyolorsz\u00e1gban a fiatalok t\u00f6bb mint fel\u00e9nek nincs munk\u00e1ja, pedig rugalmasak, besz\u00e9lnek nyelveket \u00e9s sokkal jobban k\u00e9pzettek, mint a kor\u00e1bbi nemzed\u00e9kek. (MTI)<\/p>\n","protected":false},"excerpt":{"rendered":"<p>Soha kor\u00e1bban nem volt p\u00e9lda az eur\u00f3pai uni\u00f3s keretk\u00f6lts\u00e9gvet\u00e9s megkurt\u00edt\u00e1s\u00e1ra &#8211; emelte ki a n\u00e9met sajt\u00f3 az EU-tagorsz\u00e1gok \u00e1llam-, illetve korm\u00e1nyf\u0151inek tan\u00e1cs\u00e1ban az EU 2014 \u00e9s 2020 k\u00f6z\u00f6tti b\u00fcdzs\u00e9j\u00e9r\u0151l k\u00f6t\u00f6tt p\u00e9nteki meg\u00e1llapod\u00e1ssal kapcsolatban.<\/p>\n","protected":false},"author":1,"featured_media":1256,"comment_status":"closed","ping_status":"open","sticky":false,"template":"","format":"standard","meta":[],"categories":[12,1],"tags":[],"_links":{"self":[{"href":"https:\/\/gazdasagportal.hu\/index.php\/wp-json\/wp\/v2\/posts\/2520"}],"collection":[{"href":"https:\/\/gazdasagportal.hu\/index.php\/wp-json\/wp\/v2\/posts"}],"about":[{"href":"https:\/\/gazdasagportal.hu\/index.php\/wp-json\/wp\/v2\/types\/post"}],"author":[{"embeddable":true,"href":"https:\/\/gazdasagportal.hu\/index.php\/wp-json\/wp\/v2\/users\/1"}],"replies":[{"embeddable":true,"href":"https:\/\/gazdasagportal.hu\/index.php\/wp-json\/wp\/v2\/comments?post=2520"}],"version-history":[{"count":3,"href":"https:\/\/gazdasagportal.hu\/index.php\/wp-json\/wp\/v2\/posts\/2520\/revisions"}],"predecessor-version":[{"id":2541,"href":"https:\/\/gazdasagportal.hu\/index.php\/wp-json\/wp\/v2\/posts\/2520\/revisions\/2541"}],"wp:featuredmedia":[{"embeddable":true,"href":"https:\/\/gazdasagportal.hu\/index.php\/wp-json\/wp\/v2\/media\/1256"}],"wp:attachment":[{"href":"https:\/\/gazdasagportal.hu\/index.php\/wp-json\/wp\/v2\/media?parent=2520"}],"wp:term":[{"taxonomy":"category","embeddable":true,"href":"https:\/\/gazdasagportal.hu\/index.php\/wp-json\/wp\/v2\/categories?post=2520"},{"taxonomy":"post_tag","embeddable":true,"href":"https:\/\/gazdasagportal.hu\/index.php\/wp-json\/wp\/v2\/tags?post=2520"}],"curies":[{"name":"wp","href":"https:\/\/api.w.org\/{rel}","templated":true}]}}