{"id":25188,"date":"2014-01-15T21:16:22","date_gmt":"2014-01-15T20:16:22","guid":{"rendered":"http:\/\/stockportal.hu\/?p=25188"},"modified":"2014-01-15T18:47:29","modified_gmt":"2014-01-15T17:47:29","slug":"ngm-novekedhet-a-kisgyermekesek-foglalkoztatottsaga","status":"publish","type":"post","link":"https:\/\/gazdasagportal.hu\/index.php\/ngm-novekedhet-a-kisgyermekesek-foglalkoztatottsaga\/","title":{"rendered":"NGM: n\u00f6vekedhet a kisgyermekesek foglalkoztatotts\u00e1ga"},"content":{"rendered":"<p><strong>A kisgyermekes any\u00e1k foglalkoztatotts\u00e1g\u00e1nak intenz\u00edv n\u00f6veked\u00e9s\u00e9t v\u00e1rja a gyed extra programt\u00f3l Szalai Piroska, a Nemzetgazdas\u00e1gi Miniszt\u00e9rium (NGM) miniszteri biztosa.<!--more--><\/strong><\/p>\n<p>A t\u00e1rca szerdai k\u00f6zlem\u00e9nye szerint a n\u0151k munkaer\u0151-piaci helyzet\u00e9nek jav\u00edt\u00e1s\u00e1\u00e9rt felel\u0151s biztos felh\u00edvja a figyelmet arra, hogy nem kell tartaniuk a felmond\u00e1st\u00f3l azoknak a kisgyermekes munkav\u00e1llal\u00f3knak, akik gyed mellett visszat\u00e9rn\u00e9nek dolgozni, mert az \u00faj munka t\u00f6rv\u00e9nyk\u00f6nyve is v\u00e9di \u0151ket a gyermek\u00fck 3 \u00e9ves kor\u00e1ig.<br \/>\nAz id\u00e9n is \u00e9rv\u00e9nyes\u00fcl a felmond\u00e1si korl\u00e1toz\u00e1s a munka t\u00f6rv\u00e9nyk\u00f6nyve szerint az anya vagy a gyermek\u00e9t egyed\u00fcl nevel\u0151 apa eset\u00e9ben, ha a gyermek 3 \u00e9ves kora el\u0151tt visszat\u00e9r dolgozni. Ez azt jelenti, hogy a munkaviszonyt rendes felmond\u00e1ssal nem lehet megsz\u00fcntetni &#8211; eml\u00e9keztet Szalai Piroska. Az azonnali hat\u00e1ly\u00fa felmond\u00e1s ugyan nincs tiltva, de a munkaviszony ilyen t\u00edpus\u00fa megsz\u00fcntet\u00e9se csak nagyon indokolt esetben lehets\u00e9ges, extr\u00e9m munkahelyi magatart\u00e1s miatt, fegyelmi okb\u00f3l. A gyakorlatban ez nagyon ritk\u00e1n fordul el\u0151.<br \/>\nA kisgyermekes munkav\u00e1llal\u00f3kat nem csak a t\u00f6rv\u00e9ny v\u00e9di. A munk\u00e1ltat\u00f3k 2013 \u00f3ta a munkahelyv\u00e9delmi akci\u00f3 keret\u00e9ben ny\u00fajtott j\u00e1rul\u00e9kkedvezm\u00e9nnyel \u00e9rdekeltt\u00e9 is v\u00e1ltak ezen munkav\u00e1llal\u00f3k megtart\u00e1s\u00e1ban, hiszen kisebb k\u00f6lts\u00e9get jelent a foglalkoztat\u00e1suk, mint kor\u00e1bban &#8211; \u00edrja a t\u00e1rca.<br \/>\nAz NGM k\u00f6zl\u00e9se szerint a korm\u00e1ny a korszer\u0171 munkajogi szab\u00e1lyoz\u00e1ssal 2011-t\u0151l megteremtette a munkaer\u0151piac rugalmasabb\u00e1 v\u00e1l\u00e1s\u00e1hoz sz\u00fcks\u00e9ges kereteket, felt\u00e9teleket. A korszer\u0171 ad\u00f3rendszer kialak\u00edt\u00e1s\u00e1val, azaz a munkaad\u00f3i j\u00e1rul\u00e9kkedvezm\u00e9nyekkel 2013-t\u00f3l \u00e9rdekeltt\u00e9 tette a munk\u00e1ltat\u00f3kat a kisgyermekesek foglalkoztat\u00e1s\u00e1nak b\u0151v\u00edt\u00e9s\u00e9ben, illetve az egykulcsos ad\u00f3rendszerrel \u00e9s a jelent\u0151s m\u00e9rt\u00e9k\u0171 csal\u00e1di ad\u00f3kedvezm\u00e9nnyel a munkav\u00e1llal\u00f3kn\u00e1l t\u00f6bb nett\u00f3 j\u00f6vedelmet hagyott.<br \/>\nAz id\u00e9n a gyed extra keret\u00e9ben bevezetett lehet\u0151s\u00e9ggel, miszerint egyszerre kaphat munkab\u00e9rt \u00e9s gyedet is az az anya, aki a gyermeke nevel\u00e9se mellett dolgozik, a korm\u00e1ny a legnagyobb g\u00e1tat is feloldotta a kisgyermekesek foglalkoztat\u00e1s\u00e1ban, \u00edgy intenz\u00edv b\u0151v\u00fcl\u00e9s v\u00e1rhat\u00f3 &#8211; \u00e1ll az NGM k\u00f6zlem\u00e9ny\u00e9ben.(MTI)<\/p>\n","protected":false},"excerpt":{"rendered":"<p>A kisgyermekes any\u00e1k foglalkoztatotts\u00e1g\u00e1nak intenz\u00edv n\u00f6veked\u00e9s\u00e9t v\u00e1rja a gyed extra programt\u00f3l Szalai Piroska, a Nemzetgazdas\u00e1gi Miniszt\u00e9rium (NGM) miniszteri biztosa.<\/p>\n","protected":false},"author":1,"featured_media":0,"comment_status":"open","ping_status":"closed","sticky":false,"template":"","format":"standard","meta":[],"categories":[19],"tags":[],"_links":{"self":[{"href":"https:\/\/gazdasagportal.hu\/index.php\/wp-json\/wp\/v2\/posts\/25188"}],"collection":[{"href":"https:\/\/gazdasagportal.hu\/index.php\/wp-json\/wp\/v2\/posts"}],"about":[{"href":"https:\/\/gazdasagportal.hu\/index.php\/wp-json\/wp\/v2\/types\/post"}],"author":[{"embeddable":true,"href":"https:\/\/gazdasagportal.hu\/index.php\/wp-json\/wp\/v2\/users\/1"}],"replies":[{"embeddable":true,"href":"https:\/\/gazdasagportal.hu\/index.php\/wp-json\/wp\/v2\/comments?post=25188"}],"version-history":[{"count":1,"href":"https:\/\/gazdasagportal.hu\/index.php\/wp-json\/wp\/v2\/posts\/25188\/revisions"}],"predecessor-version":[{"id":25189,"href":"https:\/\/gazdasagportal.hu\/index.php\/wp-json\/wp\/v2\/posts\/25188\/revisions\/25189"}],"wp:attachment":[{"href":"https:\/\/gazdasagportal.hu\/index.php\/wp-json\/wp\/v2\/media?parent=25188"}],"wp:term":[{"taxonomy":"category","embeddable":true,"href":"https:\/\/gazdasagportal.hu\/index.php\/wp-json\/wp\/v2\/categories?post=25188"},{"taxonomy":"post_tag","embeddable":true,"href":"https:\/\/gazdasagportal.hu\/index.php\/wp-json\/wp\/v2\/tags?post=25188"}],"curies":[{"name":"wp","href":"https:\/\/api.w.org\/{rel}","templated":true}]}}