{"id":25186,"date":"2014-01-15T20:16:23","date_gmt":"2014-01-15T19:16:23","guid":{"rendered":"http:\/\/stockportal.hu\/?p=25186"},"modified":"2014-01-15T18:44:12","modified_gmt":"2014-01-15T17:44:12","slug":"az-ukran-kormany-2020-ig-szolo-egyuttmukodesi-programot-hagyott-jova-a-moszkva-iranyitotta-vamunioval","status":"publish","type":"post","link":"https:\/\/gazdasagportal.hu\/index.php\/az-ukran-kormany-2020-ig-szolo-egyuttmukodesi-programot-hagyott-jova-a-moszkva-iranyitotta-vamunioval\/","title":{"rendered":"Az ukr\u00e1n korm\u00e1ny 2020-ig sz\u00f3l\u00f3 egy\u00fcttm\u0171k\u00f6d\u00e9si programot hagyott j\u00f3v\u00e1 a Moszkva ir\u00e1ny\u00edtotta v\u00e1muni\u00f3val"},"content":{"rendered":"<p><strong>Az ukr\u00e1n korm\u00e1ny szerdai \u00fcl\u00e9s\u00e9n 2020-ig sz\u00f3l\u00f3 egy\u00fcttm\u0171k\u00f6d\u00e9si programot hagyott j\u00f3v\u00e1 a Moszkva ir\u00e1ny\u00edtotta orosz-feh\u00e9rorosz-kazah v\u00e1muni\u00f3val. Az \u00fcl\u00e9sen Mikola Azarov minisztereln\u00f6k ecsetelte, milyen vesz\u00e9lyeket hordoz mag\u00e1ban Ukrajna eur\u00f3pai uni\u00f3s t\u00e1rsul\u00e1sa az agr\u00e1rszf\u00e9ra \u00e9s az \u00e9lelmiszeripar sz\u00e1m\u00e1ra.<!--more--><\/strong><\/p>\n<p>A korm\u00e1ny tavaly november 21-\u00e9n rendeletben \u00e1ll\u00edtotta le Ukrajna eur\u00f3pai uni\u00f3s t\u00e1rsul\u00e1s\u00e1nak felk\u00e9sz\u00fcl\u00e9si folyamat\u00e1t. Ezt k\u00f6vet\u0151en Viktor Janukovics eln\u00f6k nem \u00edrta al\u00e1 az uni\u00f3 november 28-29-i vilniusi keleti partners\u00e9gi cs\u00facs\u00e9rtekezlet\u00e9n az EU-ukr\u00e1n t\u00e1rsul\u00e1si meg\u00e1llapod\u00e1st. Az ukr\u00e1n vezet\u00e9s d\u00f6nt\u00e9se az eur\u00f3pai integr\u00e1ci\u00f3 le\u00e1ll\u00edt\u00e1s\u00e1r\u00f3l orsz\u00e1gszerte tiltakoz\u00e1sokat v\u00e1ltott ki Ukrajn\u00e1ban. A f\u0151v\u00e1rosban, Kijevben az\u00f3ta is sz\u00fcnet n\u00e9lk\u00fcl tartanak a t\u00fcntet\u00e9sek az eur\u00f3pai integr\u00e1ci\u00f3 mellett, illetve az Oroszorsz\u00e1ghoz k\u00f6zeled\u00e9s \u00e9s a jelenlegi vezet\u00e9s ellen.<br \/>\n\u00c9rtes\u00fcl\u00e9sek szerint v\u00e1muni\u00f3s egy\u00fcttm\u0171k\u00f6d\u00e9si\u00a0\u00a0programot azzal a kik\u00f6t\u00e9ssel fogadt\u00e1k el, hogy m\u00e9g pontos\u00edtanak rajta. Azarov korm\u00e1nyf\u0151 kijelentette, hogy a dokumentum &#8222;pontos tervet&#8221; tartalmaz a gazdas\u00e1gi \u00e9s kereskedelmi egy\u00fcttm\u0171k\u00f6d\u00e9s fejleszt\u00e9s\u00e9re, m\u00e9gpedig &#8222;konkr\u00e9t projektekkel&#8221; az ipar, a g\u00e9pgy\u00e1rt\u00e1s, a rep\u00fcl\u0151g\u00e9p- \u00e9s haj\u00f3\u00e9p\u00edt\u00e9s, az \u00fczemanyag-el\u0151\u00e1ll\u00edt\u00e1s, az energetika, a mez\u0151gazdas\u00e1g, az \u0171rtechnol\u00f3gia, a k\u00f6zleked\u00e9s \u00e9s a turizmus ter\u00e9n.<br \/>\nIhor Praszolov gazdas\u00e1gfejleszt\u00e9si \u00e9s kereskedelmi miniszter sajt\u00f3k\u00f6zlem\u00e9nyben er\u0151s\u00edtette a program j\u00f3v\u00e1hagy\u00e1s\u00e1t. Kifejtette, hogy Ukrajna a program megval\u00f3s\u00edt\u00e1s\u00e1t\u00f3l legal\u00e1bb 10-15 sz\u00e1zal\u00e9kos n\u00f6veked\u00e9st v\u00e1r a k\u00e9toldal\u00fa kereskedelmi forgalomban, a k\u00f6lcs\u00f6n\u00f6s befektet\u00e9sek m\u00e9rt\u00e9k\u00e9ben pedig minimum 15 sz\u00e1zal\u00e9kosat. Hozz\u00e1f\u0171zte, hogy a program egyik c\u00e9lja a gazdas\u00e1gi integr\u00e1ci\u00f3 m\u00e9ly\u00edt\u00e9se Ukrajna \u00e9s a v\u00e1muni\u00f3 tag\u00e1llamai k\u00f6z\u00f6tt.<br \/>\nA minisztereln\u00f6k kifejtette, hogy a szabadkereskedelmet is mag\u00e1ban foglal\u00f3 t\u00e1rsul\u00e1ssal az EU-ba sz\u00e1ll\u00edtott ukr\u00e1n term\u00e9kekre kivetett v\u00e1m \u00e1tlagosan 9,24 sz\u00e1zal\u00e9kr\u00f3l k\u00f6r\u00fclbel\u00fcl 1 sz\u00e1zal\u00e9kra cs\u00f6kkenne. Ugyanakkor az ukr\u00e1n agr\u00e1ripar ennek el\u0151ny\u00e9t azonnal nem \u00e9rezn\u00e9, mivel az Ukrajn\u00e1ban el\u0151\u00e1ll\u00edtott term\u00e9kek nem felelnek meg az EU-szabv\u00e1nyoknak. Kiemelte: ez\u00e9rt fontos, hogy az uni\u00f3 meghat\u00e1rozza, milyen forr\u00e1sokat \u00e9s technol\u00f3giai seg\u00edts\u00e9get ny\u00fajt Ukrajn\u00e1nak a termel\u00e9s moderniz\u00e1ci\u00f3j\u00e1ra. A leg\u00e9rz\u00e9kenyebb szektornak e k\u00e9rd\u00e9sben a h\u00fas \u00e9s h\u00fask\u00e9sz\u00edtm\u00e9nyek, a tej \u00e9s tejterm\u00e9kek el\u0151\u00e1ll\u00edt\u00e1s\u00e1t, valamint a z\u00f6lds\u00e9g-gy\u00fcm\u00f6lcstermeszt\u00e9st \u00e9s feldolgoz\u00e1st nevezte meg.<br \/>\nAzarov r\u00e1mutatott arra, hogy j\u00f3val nagyobb m\u00e9rt\u00e9k\u0171 dot\u00e1ci\u00f3t kap az \u00e1gazat az Eur\u00f3pai Uni\u00f3ban, mint Ukrajn\u00e1ban. Kijevnek az \u00e1llami t\u00e1mogat\u00e1s m\u00e9rt\u00e9k\u00e9t t\u00edzszeres\u00e9re kellene emelnie a mostaninak &#8222;az ad\u00f3fizet\u0151k p\u00e9nz\u00e9b\u0151l&#8221; ahhoz, hogy term\u00e9kei versenyk\u00e9pesek legyenek az Eur\u00f3pai Uni\u00f3ban. &#8222;A dot\u00e1ci\u00f3nak k\u00f6sz\u00f6nhet\u0151en alacsony \u00e1r\u00fa uni\u00f3s mez\u0151gazdas\u00e1gi \u00e9s agr\u00e1ripari term\u00e9kekkel az ukr\u00e1n termel\u0151k egyszer\u0171en nem tudj\u00e1k felvenni a versenyt&#8221; &#8211; sz\u00f6gezte le a korm\u00e1nyf\u0151.<br \/>\nMik\u00f6zben az ukr\u00e1n vezet\u00e9s v\u00e1ltig azt hangoztatja, hogy nem v\u00e1ltoztatott az orsz\u00e1g eur\u00f3pai integr\u00e1ci\u00f3s ir\u00e1nyvonal\u00e1n, egyre szorosabbra f\u0171zi egy\u00fcttm\u0171k\u00f6d\u00e9s\u00e9t Oroszorsz\u00e1ggal \u00e9s a Kreml ir\u00e1ny\u00edtotta v\u00e1msz\u00f6vets\u00e9g tagorsz\u00e1gaival. Viktor Janukovics eln\u00f6k decemberi moszkvai l\u00e1togat\u00e1sakor meg\u00e1llapodtak, hogy Oroszorsz\u00e1g 15 milli\u00e1rd doll\u00e1r hitelt \u00e9s komoly \u00e1rengedm\u00e9nyt ad Ukrajn\u00e1nak az orosz f\u00f6ldg\u00e1z \u00e1r\u00e1b\u00f3l.(MTI)<\/p>\n","protected":false},"excerpt":{"rendered":"<p>Az ukr\u00e1n korm\u00e1ny szerdai \u00fcl\u00e9s\u00e9n 2020-ig sz\u00f3l\u00f3 egy\u00fcttm\u0171k\u00f6d\u00e9si programot hagyott j\u00f3v\u00e1 a Moszkva ir\u00e1ny\u00edtotta orosz-feh\u00e9rorosz-kazah v\u00e1muni\u00f3val. Az \u00fcl\u00e9sen Mikola Azarov minisztereln\u00f6k ecsetelte, milyen vesz\u00e9lyeket hordoz mag\u00e1ban Ukrajna eur\u00f3pai uni\u00f3s t\u00e1rsul\u00e1sa az agr\u00e1rszf\u00e9ra \u00e9s az \u00e9lelmiszeripar sz\u00e1m\u00e1ra.<\/p>\n","protected":false},"author":1,"featured_media":0,"comment_status":"open","ping_status":"closed","sticky":false,"template":"","format":"standard","meta":[],"categories":[12],"tags":[],"_links":{"self":[{"href":"https:\/\/gazdasagportal.hu\/index.php\/wp-json\/wp\/v2\/posts\/25186"}],"collection":[{"href":"https:\/\/gazdasagportal.hu\/index.php\/wp-json\/wp\/v2\/posts"}],"about":[{"href":"https:\/\/gazdasagportal.hu\/index.php\/wp-json\/wp\/v2\/types\/post"}],"author":[{"embeddable":true,"href":"https:\/\/gazdasagportal.hu\/index.php\/wp-json\/wp\/v2\/users\/1"}],"replies":[{"embeddable":true,"href":"https:\/\/gazdasagportal.hu\/index.php\/wp-json\/wp\/v2\/comments?post=25186"}],"version-history":[{"count":1,"href":"https:\/\/gazdasagportal.hu\/index.php\/wp-json\/wp\/v2\/posts\/25186\/revisions"}],"predecessor-version":[{"id":25187,"href":"https:\/\/gazdasagportal.hu\/index.php\/wp-json\/wp\/v2\/posts\/25186\/revisions\/25187"}],"wp:attachment":[{"href":"https:\/\/gazdasagportal.hu\/index.php\/wp-json\/wp\/v2\/media?parent=25186"}],"wp:term":[{"taxonomy":"category","embeddable":true,"href":"https:\/\/gazdasagportal.hu\/index.php\/wp-json\/wp\/v2\/categories?post=25186"},{"taxonomy":"post_tag","embeddable":true,"href":"https:\/\/gazdasagportal.hu\/index.php\/wp-json\/wp\/v2\/tags?post=25186"}],"curies":[{"name":"wp","href":"https:\/\/api.w.org\/{rel}","templated":true}]}}