{"id":25116,"date":"2014-01-15T10:06:19","date_gmt":"2014-01-15T09:06:19","guid":{"rendered":"http:\/\/stockportal.hu\/?p=25116"},"modified":"2014-01-15T10:06:19","modified_gmt":"2014-01-15T09:06:19","slug":"novelte-arbevetelet-es-eredmenyet-a-szekszardi-jako-kft","status":"publish","type":"post","link":"https:\/\/gazdasagportal.hu\/index.php\/novelte-arbevetelet-es-eredmenyet-a-szekszardi-jako-kft\/","title":{"rendered":"N\u00f6velte \u00e1rbev\u00e9tel\u00e9t \u00e9s eredm\u00e9ny\u00e9t a szeksz\u00e1rdi Jako Kft."},"content":{"rendered":"<p><strong>N\u00f6velte \u00e1rbev\u00e9tel\u00e9t \u00e9s eredm\u00e9ny\u00e9t 2013-ban a szeksz\u00e1rdi Jako F\u00e9m\u00e1rugy\u00e1r Kft., amely tavaly \u00e9rte el \u00e1rbev\u00e9tel\u00e9nek v\u00e1ls\u00e1g el\u0151tti, 2007-es szintj\u00e9t &#8211; k\u00f6z\u00f6lt\u00e9k a c\u00e9g vezet\u0151i az MTI-vel.<!--more--><\/strong><\/p>\n<p>&nbsp;<\/p>\n<div id=\"vid4u\"><\/div>\n<p><script type=\"text\/javascript\">\/\/ <![CDATA[\nvar rid = 100000 + Math.floor(Math.random()*99999); var b = document.createElement(\"div\"); b.setAttribute(\"id\", \"v4u_c_\"+rid+\"_3\"); var r = document.getElementById(\"vid4u\"); r.parentNode.insertBefore(b,r); r.setAttribute(\"id\", \"\"); (function(w, d, s, rid) { function go(){ var js, fjs = d.getElementsByTagName(s)[0], load = function(url, id) { if (d.getElementById(id)) { d.getElementById(id).onload = d.getElementById(id).onreadystatechange = function() { if (typeof vid4u != 'undefined') vid4u.init(728,90,\"0scneAox4k\",null,3, rid);}; return; } js = d.createElement(s); js.src = url; js.id = id; fjs.parentNode.insertBefore(js, fjs); js.onload = js.onreadystatechange = function() { if (typeof vid4u != 'undefined') vid4u.init(728,90,\"0scneAox4k\",null,3, rid); };}; load(\"\/\/video.vid4u.org\/vid4ul.js\", \"vjs_\"+rid); } go(); }(window, document, \"script\", rid));\n\/\/ ]]><\/script><\/p>\n<p>Villi J\u00e1nos, a kft. p\u00e9nz\u00fcgyi vezet\u0151je elmondta: a d\u00f6nt\u0151 r\u00e9szben aut\u00f3ipari alkatr\u00e9szeket gy\u00e1rt\u00f3 t\u00e1rsas\u00e1g 2013-as nett\u00f3 \u00e1rbev\u00e9tele v\u00e1rhat\u00f3an meghaladja a 4,5 milli\u00e1rd forintot, az ad\u00f3z\u00e1s el\u0151tti eredm\u00e9ny pedig 400-450 milli\u00f3 forint k\u00f6z\u00f6tt alakul. A c\u00e9g 2012-ben 4,237 milli\u00e1rd forintos nett\u00f3 \u00e1rbev\u00e9tel mellett 325 milli\u00f3 forintos ad\u00f3z\u00e1s el\u0151tti eredm\u00e9nyt \u00e9rt el.<br \/>\nA n\u00f6veked\u00e9s annak k\u00f6sz\u00f6nhet\u0151, hogy a gazdas\u00e1gi v\u00e1ls\u00e1got k\u00f6vet\u0151en, 2011 \u00e9s 2013 k\u00f6z\u00f6tt v\u00e9grehajtott, mintegy 700 milli\u00f3 forintos, eur\u00f3pai uni\u00f3s fejleszt\u00e9s r\u00e9v\u00e9n nagyobb kapacit\u00e1s\u00fa, pontosabb technol\u00f3gi\u00e1val \u00e1ll\u00edtj\u00e1k el\u0151 a prec\u00edzi\u00f3s f\u00e9malkatr\u00e9szeket, amelyek a kor\u00e1bbin\u00e1l magasabb hozz\u00e1adott \u00e9rt\u00e9ket k\u00e9pviselnek &#8211; tette hozz\u00e1.<br \/>\nA szeksz\u00e1rdi \u00e9s gerjeni \u00fczem\u00e9ben 346 f\u0151t foglalkoztat\u00f3 c\u00e9g t\u00f6bbek k\u00f6zt besz\u00e1ll\u00edt\u00f3ja a Valeo, a Hella \u00e9s a Knorr Bremse c\u00e9gcsoportnak, 2009-t\u0151l pedig k\u00f6zvetlen besz\u00e1ll\u00edt\u00f3ja a Volkswagen-Audi csoportnak. A kft. az elm\u00falt \u00e9vben 12 milli\u00f3 darab prec\u00edzi\u00f3s alkatr\u00e9szt, k\u00f6zt\u00fck k\u00e9tmilli\u00f3 darab f\u00e9kalkatr\u00e9szt, valamint n\u00e9gymilli\u00f3 darab villanymotor-hajt\u00f3tengelyt gy\u00e1rtott, \u00e9s t\u00f6bb mint \u00f6tvenezer\u00a0\u00a0villanymotort szerelt \u00f6ssze. Emellett tavaly el\u0151sz\u00f6r gy\u00e1rtottak prec\u00edzi\u00f3s alkatr\u00e9szeket a Stihl, a Bosch \u00e9s a Fein c\u00e9gek megrendel\u00e9s\u00e9re otthoni kerti g\u00e9pekhez.<br \/>\nA p\u00e9nz\u00fcgyi vezet\u0151 t\u00e1j\u00e9koztat\u00e1sa szerint a c\u00e9g id\u00e9n 4,8 milli\u00e1rd forintos \u00e1rbev\u00e9telt tervez, a tavalyival hasonl\u00f3 eredm\u00e9nnyel.<br \/>\nJoachim Koch \u00fcgyvezet\u0151 tulajdonos elmondta: 2010-t\u0151l az aut\u00f3ipar mellett fokozatosan b\u0151v\u00fclt a v\u00e1llalkoz\u00e1s megrendel\u0151i k\u00f6re; a tervezett term\u00e9kszerkezetben\u00a0\u00a0az aut\u00f3ipari alkatr\u00e9szek ar\u00e1nya a jelenlegi 62 sz\u00e1zal\u00e9k helyett 54 sz\u00e1zal\u00e9k lesz, n\u0151 a kertig\u00e9p-alkatr\u00e9szek, \u00e9s orvostechnikai eszk\u00f6z\u00f6k ar\u00e1nya, amelyeket n\u00e9met \u00e9s angol megrendel\u0151k sz\u00e1m\u00e1ra id\u00e9n gy\u00e1rtanak el\u0151sz\u00f6r.(MTI)<\/p><div id=\"gazda-3752064674\" class=\"gazda-tartalomban gazda-entity-placement\"><script async src=\"https:\/\/pagead2.googlesyndication.com\/pagead\/js\/adsbygoogle.js\"><\/script>\r\n<ins class=\"adsbygoogle\"\r\n     style=\"display:block\"\r\n     data-ad-format=\"fluid\"\r\n     data-ad-layout-key=\"-6t+ed+2i-1n-4w\"\r\n     data-ad-client=\"ca-pub-1959107119989764\"\r\n     data-ad-slot=\"4008251320\"><\/ins>\r\n<script>\r\n     (adsbygoogle = window.adsbygoogle || []).push({});\r\n<\/script><\/div>\n","protected":false},"excerpt":{"rendered":"<p>N\u00f6velte \u00e1rbev\u00e9tel\u00e9t \u00e9s eredm\u00e9ny\u00e9t 2013-ban a szeksz\u00e1rdi Jako F\u00e9m\u00e1rugy\u00e1r Kft., amely tavaly \u00e9rte el \u00e1rbev\u00e9tel\u00e9nek v\u00e1ls\u00e1g el\u0151tti, 2007-es szintj\u00e9t &#8211; k\u00f6z\u00f6lt\u00e9k a c\u00e9g vezet\u0151i az MTI-vel.<\/p>\n","protected":false},"author":1,"featured_media":0,"comment_status":"open","ping_status":"closed","sticky":false,"template":"","format":"standard","meta":[],"categories":[1],"tags":[],"_links":{"self":[{"href":"https:\/\/gazdasagportal.hu\/index.php\/wp-json\/wp\/v2\/posts\/25116"}],"collection":[{"href":"https:\/\/gazdasagportal.hu\/index.php\/wp-json\/wp\/v2\/posts"}],"about":[{"href":"https:\/\/gazdasagportal.hu\/index.php\/wp-json\/wp\/v2\/types\/post"}],"author":[{"embeddable":true,"href":"https:\/\/gazdasagportal.hu\/index.php\/wp-json\/wp\/v2\/users\/1"}],"replies":[{"embeddable":true,"href":"https:\/\/gazdasagportal.hu\/index.php\/wp-json\/wp\/v2\/comments?post=25116"}],"version-history":[{"count":1,"href":"https:\/\/gazdasagportal.hu\/index.php\/wp-json\/wp\/v2\/posts\/25116\/revisions"}],"predecessor-version":[{"id":25117,"href":"https:\/\/gazdasagportal.hu\/index.php\/wp-json\/wp\/v2\/posts\/25116\/revisions\/25117"}],"wp:attachment":[{"href":"https:\/\/gazdasagportal.hu\/index.php\/wp-json\/wp\/v2\/media?parent=25116"}],"wp:term":[{"taxonomy":"category","embeddable":true,"href":"https:\/\/gazdasagportal.hu\/index.php\/wp-json\/wp\/v2\/categories?post=25116"},{"taxonomy":"post_tag","embeddable":true,"href":"https:\/\/gazdasagportal.hu\/index.php\/wp-json\/wp\/v2\/tags?post=25116"}],"curies":[{"name":"wp","href":"https:\/\/api.w.org\/{rel}","templated":true}]}}