{"id":25114,"date":"2014-01-15T09:41:14","date_gmt":"2014-01-15T08:41:14","guid":{"rendered":"http:\/\/stockportal.hu\/?p=25114"},"modified":"2014-01-15T09:41:14","modified_gmt":"2014-01-15T08:41:14","slug":"veszelyben-sanghaj-fenntarthatosaga-a-lakossag-novekedese-miatt","status":"publish","type":"post","link":"https:\/\/gazdasagportal.hu\/index.php\/veszelyben-sanghaj-fenntarthatosaga-a-lakossag-novekedese-miatt\/","title":{"rendered":"Vesz\u00e9lyben Sanghaj fenntarthat\u00f3s\u00e1ga a lakoss\u00e1g n\u00f6veked\u00e9se miatt"},"content":{"rendered":"<p><strong>Sanghaj lakoss\u00e1g\u00e1nak n\u00f6veked\u00e9se komoly m\u00e9rt\u00e9kben vesz\u00e9lyezteti a kelet-k\u00ednai metropolisz k\u00f6rnyezet\u00e9nek fenntarthat\u00f3s\u00e1g\u00e1t &#8211; der\u00fcl ki egy friss jelent\u00e9sb\u0151l.<!--more--><\/strong><\/p>\n<p>&nbsp;<\/p>\n<div id=\"vid4u\"><\/div>\n<p><script type=\"text\/javascript\">\/\/ <![CDATA[\nvar rid = 100000 + Math.floor(Math.random()*99999); var b = document.createElement(\"div\"); b.setAttribute(\"id\", \"v4u_c_\"+rid+\"_3\"); var r = document.getElementById(\"vid4u\"); r.parentNode.insertBefore(b,r); r.setAttribute(\"id\", \"\"); (function(w, d, s, rid) { function go(){ var js, fjs = d.getElementsByTagName(s)[0], load = function(url, id) { if (d.getElementById(id)) { d.getElementById(id).onload = d.getElementById(id).onreadystatechange = function() { if (typeof vid4u != 'undefined') vid4u.init(728,90,\"0scneAox4k\",null,3, rid);}; return; } js = d.createElement(s); js.src = url; js.id = id; fjs.parentNode.insertBefore(js, fjs); js.onload = js.onreadystatechange = function() { if (typeof vid4u != 'undefined') vid4u.init(728,90,\"0scneAox4k\",null,3, rid); };}; load(\"\/\/video.vid4u.org\/vid4ul.js\", \"vjs_\"+rid); } go(); }(window, document, \"script\", rid));\n\/\/ ]]><\/script><\/p>\n<p>A v\u00e1rosi t\u00e1j\u00e9koztat\u00e1si hivatal \u00e1ltal az MTI tud\u00f3s\u00edt\u00f3j\u00e1nak eljuttatott \u00f6ssze\u00e1ll\u00edt\u00e1s a 24 milli\u00f3s v\u00e1ros elm\u00falt \u00e9vekbeli fejl\u0151d\u00e9s\u00e9nek k\u00f6rnyezetre gyakorolt hat\u00e1s\u00e1t vizsg\u00e1lta.<br \/>\nSanghaj 2008 \u00e9s 2012 k\u00f6z\u00f6tti gazdas\u00e1gi statisztik\u00e1i rendk\u00edv\u00fcli fejl\u0151d\u00e9si \u00fctemre mutatnak r\u00e1, hatalmas beruh\u00e1z\u00e1sokkal, gyors urbaniz\u00e1ci\u00f3val, a v\u00e1rosi \u00e9s a migr\u00e1ns lakoss\u00e1g sz\u00e1m\u00e1nak n\u00f6veked\u00e9s\u00e9vel. Vil\u00e1gv\u00e1ros jellege, gazdas\u00e1gi k\u00f6zpont szerepe, kedvezm\u00e9nyes politik\u00e1i, az \u00e1tlagosn\u00e1l magasabb \u00e9letsz\u00ednvonala miatt a metropolisz mindig is kiemelt c\u00e9lpontja volt a bels\u0151 migr\u00e1ci\u00f3nak, \u00e9s K\u00edn\u00e1n bel\u00fcl a legt\u00f6bb k\u00fclf\u00f6ldi is itt \u00e9l.<br \/>\nA lakoss\u00e1g n\u00f6veked\u00e9se ugyanakkor komoly m\u00e9rt\u00e9kben k\u00e1ros\u00edtja a v\u00e1ros k\u00f6rnyezet\u00e9t, \u00e9s megk\u00e9rd\u0151jelezi a gazdas\u00e1g n\u00f6veked\u00e9s\u00e9nek fenntarthat\u00f3s\u00e1g\u00e1t is.<br \/>\nSosem l\u00e1tott mennyis\u00e9g\u0171 g\u00e9pj\u00e1rm\u0171 sz\u00e1guld p\u00e9ld\u00e1ul az utakon \u00e9s szennyez\u0151 gy\u00e1r m\u0171k\u00f6dik ma Sanghajban, mik\u00f6zben a k\u00f6rnyezet v\u00e9delm\u00e9re ford\u00edtott kiad\u00e1sok nem n\u0151nek &#8211; mutat r\u00e1 a hivatal jelent\u00e9se. A 2012 sor\u00e1n a v\u00e1ros brutt\u00f3 hazai term\u00e9k\u00e9nek (GDP) mind\u00f6ssze 2,8 sz\u00e1zal\u00e9k\u00e1t ford\u00edtotta k\u00f6rnyezetv\u00e9delemre, amely a 2008-as \u00e9rt\u00e9kn\u00e9l is kevesebb.<br \/>\nHa a v\u00e1rosi vezet\u00e9s nem ford\u00edt t\u00f6bb p\u00e9nzt a k\u00f6rnyezeti probl\u00e9m\u00e1k kezel\u00e9s\u00e9re, az hossz\u00fa t\u00e1von katasztr\u00f3f\u00e1hoz vezethet &#8211; figyelmeztet a tanulm\u00e1ny.<br \/>\nA dokumentum szerint a v\u00e1ros leveg\u0151je minden kor\u00e1bbin\u00e1l szennyezettebb, az eg\u00e9szs\u00e9gre leg\u00e1rtalmasabb, 2,5 millim\u00e9tern\u00e9l kisebb \u00e1tm\u00e9r\u0151j\u0171 \u00fagynevezett finom porszemcs\u00e9k ar\u00e1nya tavaly janu\u00e1rban \u00e9s decemberben is rekordot d\u00f6nt\u00f6tt. A vizek szennyezetts\u00e9ge is mind nagyobb probl\u00e9m\u00e1t jelent: a foly\u00f3k \u00e9s tavak t\u00f6bb mint fele vesz\u00e9lyes m\u00e9rt\u00e9kben szennyezett, \u00e9s a vizek k\u00f6rnyezet\u00e9nek talaja is m\u00e9rgez\u0151 anyagokkal teli. A f\u00f6ld min\u0151s\u00e9g\u00e9n t\u00fal annak mennyis\u00e9g\u00e9vel is gondok ad\u00f3dnak: a fokoz\u00f3d\u00f3 m\u00e9rt\u00e9k\u0171 be\u00e9p\u00edtetts\u00e9g miatt a v\u00e1ros mez\u0151gazdas\u00e1gi termel\u0151ter\u00fclete \u00e9vr\u0151l \u00e9vre k\u00e9t sz\u00e1mjegy\u0171 m\u00e9rt\u00e9kben cs\u00f6kken, 2012 v\u00e9g\u00e9n mind\u00f6ssze 2 600 n\u00e9gyzetkilom\u00e9tert tett ki. \u00a0\u00a0\u00a0\u00a0A helyzet kezel\u00e9s\u00e9re konkr\u00e9t cselev\u00e9si tervet kell a v\u00e1rosvezet\u00e9snek \u00f6ssze\u00e1ll\u00edtania, \u00e9s ehhez megfelel\u0151 p\u00e9nz\u00fcgyi alapokat biztos\u00edtania &#8211; tan\u00e1csolja a jelent\u00e9s.(MTI)<\/p><div id=\"gazda-825952489\" class=\"gazda-tartalomban gazda-entity-placement\"><script async src=\"https:\/\/pagead2.googlesyndication.com\/pagead\/js\/adsbygoogle.js\"><\/script>\r\n<ins class=\"adsbygoogle\"\r\n     style=\"display:block\"\r\n     data-ad-format=\"fluid\"\r\n     data-ad-layout-key=\"-6t+ed+2i-1n-4w\"\r\n     data-ad-client=\"ca-pub-1959107119989764\"\r\n     data-ad-slot=\"4008251320\"><\/ins>\r\n<script>\r\n     (adsbygoogle = window.adsbygoogle || []).push({});\r\n<\/script><\/div>\n","protected":false},"excerpt":{"rendered":"<p>Sanghaj lakoss\u00e1g\u00e1nak n\u00f6veked\u00e9se komoly m\u00e9rt\u00e9kben vesz\u00e9lyezteti a kelet-k\u00ednai metropolisz k\u00f6rnyezet\u00e9nek fenntarthat\u00f3s\u00e1g\u00e1t &#8211; der\u00fcl ki egy friss jelent\u00e9sb\u0151l.<\/p>\n","protected":false},"author":1,"featured_media":0,"comment_status":"open","ping_status":"closed","sticky":false,"template":"","format":"standard","meta":[],"categories":[14],"tags":[],"_links":{"self":[{"href":"https:\/\/gazdasagportal.hu\/index.php\/wp-json\/wp\/v2\/posts\/25114"}],"collection":[{"href":"https:\/\/gazdasagportal.hu\/index.php\/wp-json\/wp\/v2\/posts"}],"about":[{"href":"https:\/\/gazdasagportal.hu\/index.php\/wp-json\/wp\/v2\/types\/post"}],"author":[{"embeddable":true,"href":"https:\/\/gazdasagportal.hu\/index.php\/wp-json\/wp\/v2\/users\/1"}],"replies":[{"embeddable":true,"href":"https:\/\/gazdasagportal.hu\/index.php\/wp-json\/wp\/v2\/comments?post=25114"}],"version-history":[{"count":1,"href":"https:\/\/gazdasagportal.hu\/index.php\/wp-json\/wp\/v2\/posts\/25114\/revisions"}],"predecessor-version":[{"id":25115,"href":"https:\/\/gazdasagportal.hu\/index.php\/wp-json\/wp\/v2\/posts\/25114\/revisions\/25115"}],"wp:attachment":[{"href":"https:\/\/gazdasagportal.hu\/index.php\/wp-json\/wp\/v2\/media?parent=25114"}],"wp:term":[{"taxonomy":"category","embeddable":true,"href":"https:\/\/gazdasagportal.hu\/index.php\/wp-json\/wp\/v2\/categories?post=25114"},{"taxonomy":"post_tag","embeddable":true,"href":"https:\/\/gazdasagportal.hu\/index.php\/wp-json\/wp\/v2\/tags?post=25114"}],"curies":[{"name":"wp","href":"https:\/\/api.w.org\/{rel}","templated":true}]}}