{"id":25085,"date":"2014-01-15T00:04:21","date_gmt":"2014-01-14T23:04:21","guid":{"rendered":"http:\/\/stockportal.hu\/?p=25085"},"modified":"2014-01-14T22:24:41","modified_gmt":"2014-01-14T21:24:41","slug":"ngm-allamtitkar-potlolagos-intezkedesek-nelkul-tarthato-a-3-szazalek-alatti-hiany","status":"publish","type":"post","link":"https:\/\/gazdasagportal.hu\/index.php\/ngm-allamtitkar-potlolagos-intezkedesek-nelkul-tarthato-a-3-szazalek-alatti-hiany\/","title":{"rendered":"NGM-\u00e1llamtitk\u00e1r: p\u00f3tl\u00f3lagos int\u00e9zked\u00e9sek n\u00e9lk\u00fcl tarthat\u00f3 a 3 sz\u00e1zal\u00e9k alatti hi\u00e1ny"},"content":{"rendered":"<p><strong>A Nemzetgazdas\u00e1gi Miniszt\u00e9rium (NGM) \u00e1llamtitk\u00e1ra szerint p\u00f3tl\u00f3lagos int\u00e9zked\u00e9sek n\u00e9lk\u00fcl tarthat\u00f3 a k\u00f6vetkez\u0151 \u00e9vekben a 3 sz\u00e1zal\u00e9k alatti hi\u00e1ny Magyarorsz\u00e1gon.<!--more--><\/strong><\/p>\n<p>Orb\u00e1n G\u00e1bor kedden B\u00e9csben a Euromoney konferenci\u00e1n azt mondta: a n\u00f6veked\u00e9si kil\u00e1t\u00e1sokat is figyelembe v\u00e9ve &#8222;j\u00f3 okunk van azt gondolni&#8221;, hogy a k\u00f6vetkez\u0151 \u00e9vekben nem sz\u00fcks\u00e9gesek tov\u00e1bbi l\u00e9p\u00e9sek az \u00e1llamh\u00e1ztart\u00e1si hi\u00e1ny 3 sz\u00e1zal\u00e9k alatt tart\u00e1s\u00e1hoz.<br \/>\nA Magyarorsz\u00e1g n\u00f6veked\u00e9si kil\u00e1t\u00e1sait k\u00f6rbej\u00e1r\u00f3 panelbesz\u00e9lget\u00e9sen a t\u00e1rca ad\u00f3- \u00e9s p\u00e9nz\u00fcgyek\u00e9rt felel\u0151s \u00e1llamtitk\u00e1ra kiemelte: a tavalyi \u00e1llamh\u00e1ztart\u00e1si hi\u00e1ny a GDP 2,3 sz\u00e1zal\u00e9ka is lehet, de a 2,7 sz\u00e1zal\u00e9kot nem haladja majd meg; a sz\u00e1m m\u00e9g a f\u00fcgg\u0151 t\u00e9telek miatt nem v\u00e9gleges.<br \/>\nHangs\u00falyozta: a fisk\u00e1lis politika stabil, ez seg\u00edti a bels\u0151 kereslet n\u00f6veked\u00e9s\u00e9t, a m\u00e1sodik negyed\u00e9ves megtorpan\u00e1s ut\u00e1n a tavalyi harmadik negyedben robusztus, 1,7 sz\u00e1zal\u00e9kos GDP n\u00f6veked\u00e9st regisztr\u00e1ltak az el\u0151z\u0151 \u00e9v azonos id\u0151szak\u00e1hoz k\u00e9pest, \u00e9s m\u00e1r l\u00e1that\u00f3ak a befektet\u00e9sek n\u00f6veked\u00e9s\u00e9nek jelei is, a fogyaszt\u00f3i bizalom is kezd visszat\u00e9rni.<br \/>\n\u00dagy v\u00e9lte, a makro\u00f6kon\u00f3miai stabilit\u00e1s \u00e9s a fogyaszt\u00e1s n\u00f6veked\u00e9s\u00e9re vonatkoz\u00f3 kil\u00e1t\u00e1sok egyar\u00e1nt seg\u00edtett\u00e9k a befektet\u00e9si d\u00f6nt\u00e9seket az ut\u00f3bbi negyed\u00e9vekben.<br \/>\nOrb\u00e1n G\u00e1bor elmondta: a munkaer\u0151piacon az ut\u00f3bbi h\u00e1rom \u00e9vben sok olyan int\u00e9zked\u00e9s volt &#8211; p\u00e9ld\u00e1ul rugalmasabb lett a munkaer\u0151piac, megreform\u00e1lt\u00e1k az el\u0151rehozott nyugd\u00edjakat, valamint a korm\u00e1ny t\u00e1mogatja a munkaer\u0151-piaci szempontb\u00f3l legs\u00e9r\u00fcl\u00e9kenyebb csoportok elhelyezked\u00e9s\u00e9t &#8211; amely seg\u00edtette a foglalkoztat\u00e1s b\u0151v\u00fcl\u00e9s\u00e9t.<br \/>\nAz \u00e1llamtitk\u00e1r szerint a termel\u00e9s munkaer\u0151-piaci oldala a j\u00f6v\u0151ben is hozz\u00e1j\u00e1rulhat a magasabb potenci\u00e1lis n\u00f6veked\u00e9si \u00fctemhez Magyarorsz\u00e1gon.<br \/>\nJavier Gonzalez Pareja, a magyarorsz\u00e1gi Bosch csoport vezet\u0151je, a Robert Bosch Kft. \u00fcgyvezet\u0151 igazgat\u00f3ja kiemelte: a c\u00e9gcsoport legnagyobb eur\u00f3pai fejleszt\u00e9si k\u00f6zpontja, valamint legnagyobb aut\u00f3elektronikai gy\u00e1ra is Magyarorsz\u00e1gon van. A Magyarorsz\u00e1gon mintegy 9000 munkav\u00e1llal\u00f3t foglalkoztat\u00f3 Bosch magyarorsz\u00e1gi forgalma a GDP t\u00f6bb mint 2 sz\u00e1zal\u00e9k\u00e1t teszi ki.<br \/>\nAz \u00fcgyvezet\u0151 igazgat\u00f3 szerint els\u0151sorban a magasan szakk\u00e9pzett munkaer\u0151 el\u00e9rhet\u0151s\u00e9ge, \u00e9s a j\u00f3 oktat\u00e1si infrastrukt\u00fara teszi Magyarorsz\u00e1got vonz\u00f3 befektet\u00e9si c\u00e9lpontt\u00e1. Javier Gonzalez Pareja hozz\u00e1f\u0171zte, hogy javul\u00e1st tapasztal az orsz\u00e1gban az \u00fczleti k\u00f6rnyezet kisz\u00e1m\u00edthat\u00f3s\u00e1ga \u00e9s a b\u00fcrokr\u00e1cia tekintet\u00e9ben.<br \/>\nT\u00f3th L\u00e1szl\u00f3, a Citibank Magyarorsz\u00e1g\u00e9rt, valamint a balti \u00e9s balk\u00e1ni \u00e1llamok\u00e9rt felel\u0151s vezet\u0151je szerint egyre n\u0151 a t\u0151kepiac szerepe a magyar gazdas\u00e1gban, \u00e9s az el\u0151z\u0151 \u00e9vekhez k\u00e9pest egyre t\u00f6bb c\u00e9g gondolkozik t\u0151kebevon\u00e1sban, ami pozit\u00edv fejlem\u00e9ny. Tavaly kedvez\u0151en alakult az aut\u00f3ipar \u00e9s az aut\u00f3ipari export, \u00e9s meglep\u0151en j\u00f3l teljes\u00edtett az \u00e9p\u00edt\u0151ipar, k\u00f6sz\u00f6nhet\u0151en a korm\u00e1nyzati beruh\u00e1z\u00e1soknak, de az eur\u00f3pai uni\u00f3s forr\u00e1sok felhaszn\u00e1l\u00e1sa is gyors\u00edtotta a b\u0151v\u00fcl\u00e9st.<br \/>\nEgy m\u00e1sik panelbesz\u00e9lget\u00e9sen Pleschinger Gyula, a Magyar Nemzeti Bank (MNB) monet\u00e1ris tan\u00e1cs\u00e1nak tagja elmondta: a n\u00f6veked\u00e9si hitelprogram (nhp) a jegybank sz\u00e1m\u00edt\u00e1sa szerint 0,3-0,5 sz\u00e1zal\u00e9kos plusz n\u00f6veked\u00e9st jelenthet a magyar gazdas\u00e1gban. Az nhp-t az eddigi tapasztalatok alapj\u00e1n m\u00e1r finom\u00edtott\u00e1k a m\u00e1sodik szakaszra: a felt\u00e9telek szigorodtak, az ig\u00e9nyl\u0151i k\u00f6r pedig b\u0151v\u00fclt, \u00edgy p\u00e9nz\u00fcgyi k\u00f6zvet\u00edt\u0151k, \u0151stermel\u0151k is bekapcsol\u00f3dhatnak a programba.<br \/>\nKiemelte: a m\u00e1sodik szakaszban rendelkez\u00e9sre \u00e1ll\u00f3 2000 milli\u00e1rd forint els\u0151 500 milli\u00e1rdj\u00e1n\u00e1l az a felt\u00e9tel, hogy az \u00f6sszeg 90 sz\u00e1zal\u00e9k\u00e1t \u00faj beruh\u00e1z\u00e1sokra ford\u00edtj\u00e1k \u00e9s csak 10 sz\u00e1zal\u00e9ka lehet hitelkiv\u00e1lt\u00e1s.<br \/>\nPleschinger Gyula sz\u00f3lt arr\u00f3l is, hogy az MNB els\u0151dleges c\u00e9lja az \u00e1rstabilit\u00e1s biztos\u00edt\u00e1sa, emellett a p\u00e9nz\u00fcgyi szektor stabilit\u00e1s\u00e1nak meg\u0151rz\u00e9se, \u00e9s csak ezen c\u00e9lok el\u00e9r\u00e9se ut\u00e1n seg\u00edthet a korm\u00e1nynak a n\u00f6veked\u00e9s \u00f6szt\u00f6nz\u00e9s\u00e9ben. Az infl\u00e1ci\u00f3r\u00f3l sz\u00f3lva kifejtette, hogy az jelenleg rekord alacsony szinten van Magyarorsz\u00e1gon, j\u00f3val a 3 sz\u00e1zal\u00e9kos infl\u00e1ci\u00f3s c\u00e9l alatt. Infl\u00e1ci\u00f3s nyom\u00e1s nincs az MNB szerint, \u00e9s a laza munkapiaci k\u00f6rnyezet, valamint az infl\u00e1ci\u00f3s v\u00e1rakoz\u00e1sok alkalmazkod\u00e1sa m\u00e9rs\u00e9kelt b\u00e9rdinamik\u00e1t eredm\u00e9nyezhet, ez pedig seg\u00edti az alacsony infl\u00e1ci\u00f3s k\u00f6rnyezet fennmarad\u00e1s\u00e1t.<br \/>\nA p\u00e9nz\u00fcgyi szektor stabilit\u00e1s\u00e1r\u00f3l sz\u00f3lva kiemelte, hogy az \u00f6sszk\u00e9p rendben van, a bankok t\u0151kemegfelel\u00e9si mutat\u00f3ja kiss\u00e9 meghaladja a 16 sz\u00e1zal\u00e9kot, \u00e9s b\u00e1r a bankszektor nyeres\u00e9ges, a profit nagy r\u00e9sze 4 bankt\u00f3l sz\u00e1rmazik az \u00f6tvenb\u0151l.(MTI)<\/p>\n","protected":false},"excerpt":{"rendered":"<p>A Nemzetgazdas\u00e1gi Miniszt\u00e9rium (NGM) \u00e1llamtitk\u00e1ra szerint p\u00f3tl\u00f3lagos int\u00e9zked\u00e9sek n\u00e9lk\u00fcl tarthat\u00f3 a k\u00f6vetkez\u0151 \u00e9vekben a 3 sz\u00e1zal\u00e9k alatti hi\u00e1ny Magyarorsz\u00e1gon.<\/p>\n","protected":false},"author":1,"featured_media":0,"comment_status":"open","ping_status":"closed","sticky":false,"template":"","format":"standard","meta":[],"categories":[19],"tags":[],"_links":{"self":[{"href":"https:\/\/gazdasagportal.hu\/index.php\/wp-json\/wp\/v2\/posts\/25085"}],"collection":[{"href":"https:\/\/gazdasagportal.hu\/index.php\/wp-json\/wp\/v2\/posts"}],"about":[{"href":"https:\/\/gazdasagportal.hu\/index.php\/wp-json\/wp\/v2\/types\/post"}],"author":[{"embeddable":true,"href":"https:\/\/gazdasagportal.hu\/index.php\/wp-json\/wp\/v2\/users\/1"}],"replies":[{"embeddable":true,"href":"https:\/\/gazdasagportal.hu\/index.php\/wp-json\/wp\/v2\/comments?post=25085"}],"version-history":[{"count":1,"href":"https:\/\/gazdasagportal.hu\/index.php\/wp-json\/wp\/v2\/posts\/25085\/revisions"}],"predecessor-version":[{"id":25086,"href":"https:\/\/gazdasagportal.hu\/index.php\/wp-json\/wp\/v2\/posts\/25085\/revisions\/25086"}],"wp:attachment":[{"href":"https:\/\/gazdasagportal.hu\/index.php\/wp-json\/wp\/v2\/media?parent=25085"}],"wp:term":[{"taxonomy":"category","embeddable":true,"href":"https:\/\/gazdasagportal.hu\/index.php\/wp-json\/wp\/v2\/categories?post=25085"},{"taxonomy":"post_tag","embeddable":true,"href":"https:\/\/gazdasagportal.hu\/index.php\/wp-json\/wp\/v2\/tags?post=25085"}],"curies":[{"name":"wp","href":"https:\/\/api.w.org\/{rel}","templated":true}]}}