{"id":25081,"date":"2014-01-15T07:30:59","date_gmt":"2014-01-15T06:30:59","guid":{"rendered":"http:\/\/stockportal.hu\/?p=25081"},"modified":"2014-01-15T07:57:07","modified_gmt":"2014-01-15T06:57:07","slug":"paksi-eromu-varga-a-legkedvezobb-penzugyi-megallapodasra-torekszunk","status":"publish","type":"post","link":"https:\/\/gazdasagportal.hu\/index.php\/paksi-eromu-varga-a-legkedvezobb-penzugyi-megallapodasra-torekszunk\/","title":{"rendered":"Paksi er\u0151m\u0171 &#8211; Varga: a legkedvez\u0151bb p\u00e9nz\u00fcgyi meg\u00e1llapod\u00e1sra t\u00f6reksz\u00fcnk"},"content":{"rendered":"<p><strong>Az orsz\u00e1g szempontj\u00e1b\u00f3l a lehet\u0151 legkedvez\u0151bb p\u00e9nz\u00fcgyi meg\u00e1llapod\u00e1sra t\u00f6reksz\u00fcnk, a p\u00e9nz\u00fcgyi t\u00e1rgyal\u00e1sok a k\u00e9t \u00faj paksi er\u0151m\u0171vi blokk meg\u00e9p\u00edt\u00e9s\u00e9r\u0151l m\u00e9g nem z\u00e1rultak le &#8211; mondta Varga Mih\u00e1ly nemzetgazdas\u00e1gi miniszter a H\u00edrTV Magyarorsz\u00e1g \u00e9l\u0151ben c\u00edm\u0171 m\u0171sor\u00e1ban kedden este.<!--more--><\/strong><\/p>\n<p>&nbsp;<\/p>\n<div id=\"vid4u\"><\/div>\n<p><script type=\"text\/javascript\">\/\/ <![CDATA[\nvar rid = 100000 + Math.floor(Math.random()*99999); var b = document.createElement(\"div\"); b.setAttribute(\"id\", \"v4u_c_\"+rid+\"_3\"); var r = document.getElementById(\"vid4u\"); r.parentNode.insertBefore(b,r); r.setAttribute(\"id\", \"\"); (function(w, d, s, rid) { function go(){ var js, fjs = d.getElementsByTagName(s)[0], load = function(url, id) { if (d.getElementById(id)) { d.getElementById(id).onload = d.getElementById(id).onreadystatechange = function() { if (typeof vid4u != 'undefined') vid4u.init(728,90,\"0scneAox4k\",null,3, rid);}; return; } js = d.createElement(s); js.src = url; js.id = id; fjs.parentNode.insertBefore(js, fjs); js.onload = js.onreadystatechange = function() { if (typeof vid4u != 'undefined') vid4u.init(728,90,\"0scneAox4k\",null,3, rid); };}; load(\"\/\/video.vid4u.org\/vid4ul.js\", \"vjs_\"+rid); } go(); }(window, document, \"script\", rid));\n\/\/ ]]><\/script><\/p>\n<p>Hozz\u00e1tette: a keddi bejelent\u00e9s szerint az orosz f\u00e9l 10 milli\u00e1rd eur\u00f3t biztos\u00edt a konstrukci\u00f3hoz, a hitelt a beruh\u00e1z\u00e1s befejez\u00e9se \u00e9s az \u00fczembe helyez\u00e9s ut\u00e1n Magyarorsz\u00e1gnak kell t\u00f6rlesztenie 21 \u00e9ven kereszt\u00fcl.<br \/>\nVarga Mih\u00e1ly szerint ilyen piaci konstrukci\u00f3k nincsenek a vil\u00e1gban, 10 vagy 15 \u00e9ves futamidej\u0171 hitelek vannak \u00e1ltal\u00e1ban. &#8222;Ez\u00e9rt volt nagy sz\u00fcks\u00e9g\u00fcnk arra, hogy az orosz f\u00e9l ebben a helyzetben bel\u00e9pjen finansz\u00edroz\u00f3k\u00e9nt&#8221; &#8211; fogalmazott. A nemzetgazdas\u00e1gi miniszter szerint nagyon j\u00f3 meg\u00e1llapod\u00e1st fognak k\u00f6tni. Az orosz f\u00e9l az \u00e9p\u00edtkez\u00e9s k\u00f6lts\u00e9geinek 80 sz\u00e1zal\u00e9k\u00e1t fedezi, 20 sz\u00e1zal\u00e9k\u00e1t pedig a magyar &#8211; mondta.<br \/>\nA miniszter hangs\u00falyozta: a teljes keret\u00f6sszeg 40 sz\u00e1zal\u00e9ka, nagyj\u00e1b\u00f3l 3-4 milli\u00e1rd eur\u00f3 hazai v\u00e1llalkoz\u00e1sokat fog seg\u00edteni, \u00e9s legal\u00e1bb 1 milli\u00e1rd eur\u00f3 ad\u00f3k \u00e9s j\u00e1rul\u00e9kok form\u00e1j\u00e1ban fog befolyni a hazai k\u00f6lts\u00e9gvet\u00e9sbe.<br \/>\nVarga Mih\u00e1ly azt mondta, hogy biztons\u00e1gos \u00e9s olcs\u00f3 \u00e1ramot fog nyeres\u00e9gesen termelni a k\u00e9t \u00faj paksi blokk.<br \/>\nArra a k\u00e9rd\u00e9sre, hogy milyen kamatra kapja az orsz\u00e1g Oroszorsz\u00e1gt\u00f3l a 3 ezer milli\u00e1rd forintos, 30 \u00e9ves futamidej\u0171 hitelt, azt felelte: p\u00e9nz\u00fcgyi meg\u00e1llapod\u00e1s m\u00e9g nincs, arr\u00f3l t\u00e1rgyalnak, hogy min\u00e9l olcs\u00f3bb legyen. Varga Mih\u00e1ly szerint m\u00e1r a beruh\u00e1z\u00e1s megkezd\u00e9se is n\u00f6velni fogja a gazdas\u00e1g teljes\u00edtm\u00e9ny\u00e9t, eddigi sz\u00e1m\u00edt\u00e1sok szerint n\u00e9h\u00e1ny tized sz\u00e1zal\u00e9kkal j\u00e1rulhat hozz\u00e1 a brutt\u00f3 hazai term\u00e9k (GDP) n\u00f6veked\u00e9s\u00e9hez. A foglalkoztat\u00e1sra is kedvez\u0151en hat, mivel t\u00f6bb ezer f\u0151 dolgozhat a blokkok meg\u00e9p\u00edt\u00e9s\u00e9n. Azzal a pedig a gazdas\u00e1g eg\u00e9sze nyer majd, ha k\u00e9t \u00faj blokk be\u00fczemel\u00e9s\u00e9t k\u00f6vet\u0151en versenyk\u00e9pesebb \u00e1ron tudja adni az elektromos energi\u00e1t &#8211; tette hozz\u00e1.<br \/>\nKiemelte, hogy egy k\u00f6zbeszerz\u00e9sen sem lehetett volna kedvez\u0151bb konstrukci\u00f3t kialkudni. Arra, hogy a tender hi\u00e1nya az Eur\u00f3pai Uni\u00f3 versenyjogi biztos\u00e1nak &#8222;szemet sz\u00farhat-e&#8221;, a miniszter azt v\u00e1laszolta: abban az esetben, ha br\u00fcsszeli vagy piaci finansz\u00edroz\u00e1sa lenne a projektnek, akkor felvethetne versenyjogi k\u00e9rd\u00e9st. A magyar \u00e1llamnak megvan a joga, hogy ha bilater\u00e1lis meg\u00e1llapod\u00e1st k\u00f6t, akkor tender n\u00e9lk\u00fcl biztos\u00edtsa az er\u0151m\u0171vi blokkok meg\u00e9p\u00edt\u00e9s\u00e9t &#8211; mondta.<br \/>\nAz orosz Roszatom megb\u00edz\u00e1s\u00e1t a miniszter logikus l\u00e9p\u00e9snek nevezte abb\u00f3l a szempontb\u00f3l is, hogy Magyarorsz\u00e1gon m\u00e1r n\u00e9gy er\u0151m\u0171vi blokk m\u0171k\u00f6dik biztons\u00e1gosan, \u00e9s termel olcs\u00f3n, amit kor\u00e1bban az oroszok \u00e9p\u00edtettek.<br \/>\nArr\u00f3l is besz\u00e9lt, hogy Magyarorsz\u00e1g hossz\u00fa t\u00e1von a n\u00f6vekv\u0151 energiaig\u00e9nye kiel\u00e9g\u00edt\u00e9s\u00e9t a meg\u00fajul\u00f3 energi\u00e1k mellett a fosszilis, \u00edgy a nukle\u00e1ris energi\u00e1val egy\u00fctt k\u00e9pzeli el.<br \/>\nC\u00e1folta, hogy a jelenlegi egyezs\u00e9g al\u00e1\u00edr\u00e1s\u00e1r\u00f3l sz\u00f3l\u00f3 t\u00e1rgyal\u00e1sokat a 2015-ben lej\u00e1r\u00f3 hossz\u00fa t\u00e1v\u00fa g\u00e1zsz\u00e1ll\u00edt\u00e1si szerz\u0151d\u00e9ssel \u00f6sszek\u00f6t\u00f6tt\u00e9k volna.(MTI)<\/p><div id=\"gazda-1940772236\" class=\"gazda-tartalomban gazda-entity-placement\"><script async src=\"https:\/\/pagead2.googlesyndication.com\/pagead\/js\/adsbygoogle.js\"><\/script>\r\n<ins class=\"adsbygoogle\"\r\n     style=\"display:block\"\r\n     data-ad-format=\"fluid\"\r\n     data-ad-layout-key=\"-6t+ed+2i-1n-4w\"\r\n     data-ad-client=\"ca-pub-1959107119989764\"\r\n     data-ad-slot=\"4008251320\"><\/ins>\r\n<script>\r\n     (adsbygoogle = window.adsbygoogle || []).push({});\r\n<\/script><\/div>\n","protected":false},"excerpt":{"rendered":"<p>Az orsz\u00e1g szempontj\u00e1b\u00f3l a lehet\u0151 legkedvez\u0151bb p\u00e9nz\u00fcgyi meg\u00e1llapod\u00e1sra t\u00f6reksz\u00fcnk, a p\u00e9nz\u00fcgyi t\u00e1rgyal\u00e1sok a k\u00e9t \u00faj paksi er\u0151m\u0171vi blokk meg\u00e9p\u00edt\u00e9s\u00e9r\u0151l m\u00e9g nem z\u00e1rultak le &#8211; mondta Varga Mih\u00e1ly nemzetgazdas\u00e1gi miniszter a H\u00edrTV Magyarorsz\u00e1g \u00e9l\u0151ben c\u00edm\u0171 m\u0171sor\u00e1ban kedden este.<\/p>\n","protected":false},"author":1,"featured_media":0,"comment_status":"open","ping_status":"closed","sticky":false,"template":"","format":"standard","meta":[],"categories":[19],"tags":[],"_links":{"self":[{"href":"https:\/\/gazdasagportal.hu\/index.php\/wp-json\/wp\/v2\/posts\/25081"}],"collection":[{"href":"https:\/\/gazdasagportal.hu\/index.php\/wp-json\/wp\/v2\/posts"}],"about":[{"href":"https:\/\/gazdasagportal.hu\/index.php\/wp-json\/wp\/v2\/types\/post"}],"author":[{"embeddable":true,"href":"https:\/\/gazdasagportal.hu\/index.php\/wp-json\/wp\/v2\/users\/1"}],"replies":[{"embeddable":true,"href":"https:\/\/gazdasagportal.hu\/index.php\/wp-json\/wp\/v2\/comments?post=25081"}],"version-history":[{"count":2,"href":"https:\/\/gazdasagportal.hu\/index.php\/wp-json\/wp\/v2\/posts\/25081\/revisions"}],"predecessor-version":[{"id":25093,"href":"https:\/\/gazdasagportal.hu\/index.php\/wp-json\/wp\/v2\/posts\/25081\/revisions\/25093"}],"wp:attachment":[{"href":"https:\/\/gazdasagportal.hu\/index.php\/wp-json\/wp\/v2\/media?parent=25081"}],"wp:term":[{"taxonomy":"category","embeddable":true,"href":"https:\/\/gazdasagportal.hu\/index.php\/wp-json\/wp\/v2\/categories?post=25081"},{"taxonomy":"post_tag","embeddable":true,"href":"https:\/\/gazdasagportal.hu\/index.php\/wp-json\/wp\/v2\/tags?post=25081"}],"curies":[{"name":"wp","href":"https:\/\/api.w.org\/{rel}","templated":true}]}}