{"id":25077,"date":"2014-01-14T22:17:28","date_gmt":"2014-01-14T21:17:28","guid":{"rendered":"http:\/\/stockportal.hu\/?p=25077"},"modified":"2014-01-14T22:17:28","modified_gmt":"2014-01-14T21:17:28","slug":"franciaorszag-a-vallalkozasok-adoterheit-30-milliard-euroval-csokkentik-2017-ig","status":"publish","type":"post","link":"https:\/\/gazdasagportal.hu\/index.php\/franciaorszag-a-vallalkozasok-adoterheit-30-milliard-euroval-csokkentik-2017-ig\/","title":{"rendered":"Franciaorsz\u00e1g &#8211; A v\u00e1llalkoz\u00e1sok ad\u00f3terheit 30 milli\u00e1rd eur\u00f3val cs\u00f6kkentik 2017-ig"},"content":{"rendered":"<p><strong>A v\u00e1llalkoz\u00e1sok ad\u00f3terheinek 30 milli\u00e1rd eur\u00f3s (9 ezer milli\u00e1rd forintos) cs\u00f6kkent\u00e9s\u00e9t \u00edg\u00e9rte 2017-ig Francois Hollande francia eln\u00f6k kedden.<!--more--><\/strong><\/p>\n<p>&#8222;\u00daj c\u00e9lt jel\u00f6l\u00f6k meg 2017-ig a v\u00e1llalkoz\u00e1sok \u00e9s az egy\u00e9ni v\u00e1llalkoz\u00f3k sz\u00e1m\u00e1ra, a 30 milli\u00e1rd eur\u00f3s terhet jelent\u0151 csal\u00e1di j\u00e1rul\u00e9kfizet\u00e9sek v\u00e9g\u00e9t&#8221; &#8211; mondta az \u00e1llamf\u0151 a mintegy hatsz\u00e1z \u00fajs\u00e1g\u00edr\u00f3 el\u0151tt tartott \u00faj\u00e9vi sajt\u00f3t\u00e1j\u00e9koztat\u00f3j\u00e1n, amelyen a liber\u00e1lis gazdas\u00e1gi fordulat \u00e9rdek\u00e9ben megalkotott &#8222;felel\u0151ss\u00e9gi paktum&#8221; r\u00e9szleteit ismertette.<br \/>\nEz azt jelenti, hogy a francia v\u00e1llalkoz\u00e1soknak nem kell t\u00e1rsadalmi biztos\u00edt\u00e1si j\u00e1rul\u00e9kot \u00e9s egy\u00e9b, a csal\u00e1dpolitik\u00e1t t\u00e1mogat\u00f3 j\u00e1rul\u00e9kot fizetni\u00fck 2017-ig.<br \/>\nAz \u00e1llamf\u0151 azt is jelezte, hogy szeretn\u00e9 a v\u00e1llalkoz\u00e1sokra kivetett egy\u00e9b ad\u00f3k sz\u00e1m\u00e1t is cs\u00f6kkenteni.<br \/>\nA v\u00e1llalatoknak javasolt \u00fagynevezett felel\u0151ss\u00e9gi paktumot janu\u00e1r 21-\u00e9n ind\u00edtja el a korm\u00e1ny. Ennek els\u0151 l\u00e9p\u00e9se lesz a munk\u00e1ra kivetett k\u00f6zterhek cs\u00f6kkent\u00e9se 20 milli\u00e1rd eur\u00f3 (6 ezer milli\u00e1rd forint) \u00e9rt\u00e9kben, ami\u00e9rt cser\u00e9be beruh\u00e1z\u00e1sokat \u00e9s munkahelyteremt\u00e9st v\u00e1r el a korm\u00e1ny a c\u00e9gekt\u0151l.<br \/>\nHollande \u00edg\u00e9retet tett arra, hogy nem a h\u00e1ztart\u00e1sok fogj\u00e1k megfizetni a munk\u00e1ra eddig kivetett terhek cs\u00f6kken\u00e9s\u00e9t, hanem tov\u00e1bbi 50 milli\u00e1rd eur\u00f3s (15 ezer milli\u00e1rd forintos) megtakar\u00edt\u00e1st tervez a korm\u00e1ny az \u00e1llami kiad\u00e1sokban 2015 \u00e9s 2017 k\u00f6z\u00f6tt.<br \/>\nAz eln\u00f6k elmondta, hogy a kedvezm\u00e9nyekr\u0151l a v\u00e1llalatokkal folyatott egyeztet\u00e9seken sz\u00e1mszer\u0171s\u00edteni fogj\u00e1k a c\u00e9lokat, orsz\u00e1gos szinten \u00e9s \u00e1gazatokra lebontva.<br \/>\nA felel\u0151ss\u00e9gi paktum kidolgoz\u00e1sa \u0151sszel fejez\u0151dik be, \u00e9s az arr\u00f3l sz\u00f3l\u00f3 t\u00f6rv\u00e9ny \u0151sszel ker\u00fcl a parlament el\u00e9.<br \/>\n&#8222;Franciaorsz\u00e1gnak vissza kell nyernie a gazdas\u00e1gi erej\u00e9t&#8221; &#8211; hangs\u00falyozta az \u00e1llamf\u0151. Hozz\u00e1tette: &#8222;gyorsabbnak kell lenn\u00fcnk, messzebb kell menn\u00fcnk, fel kell gyorsulni \u00e9s m\u00e9lyebbre kell hatolni annak \u00e9rdek\u00e9ben, hogy a gazdas\u00e1gi n\u00f6veked\u00e9s a lehet\u0151 leger\u0151sebb legyen&#8221;.<br \/>\nHollande \u00fagy \u00e9rt\u00e9kelte, hogy a korm\u00e1nya az elm\u00falt m\u00e1sf\u00e9l \u00e9vben meg\u00e1ll\u00edtotta a gazdas\u00e1gi hanyatl\u00e1st, azt viszont elismerte, hogy &#8222;a munkahelyteremt\u00e9s\u00e9rt v\u00edvott csat\u00e1t m\u00e9g nem nyerte meg&#8221;. Szerinte ugyanakkor &#8222;a tendencia m\u00e1r kirajzol\u00f3dik&#8221; a munkan\u00e9lk\u00fclis\u00e9g cs\u00f6kken\u00e9se ter\u00fclet\u00e9n az \u00e9v v\u00e9gi adatokban.<br \/>\nMegv\u00e1laszt\u00e1sakor Hollande azt \u00edg\u00e9rte, hogy 2013 v\u00e9ge el\u0151tt meg\u00e1ll\u00edtja a munkan\u00e9lk\u00fclis\u00e9g emelked\u00e9s\u00e9t. Jelenleg 11 sz\u00e1zal\u00e9kos a munkan\u00e9lk\u00fclis\u00e9gi r\u00e1ta Franciaorsz\u00e1gban<br \/>\nA francia eln\u00f6k szerint a &#8222;felel\u0151ss\u00e9gi paktum&#8221; \u00e9vtizedek \u00f3ta a legjelent\u0151sebb t\u00e1rsadalmi kompromisszum. Azt viszont visszautas\u00edtotta, hogy teljesen \u00e1tv\u00e1ltott volna a liber\u00e1lis gazdas\u00e1gpolitik\u00e1ra, ahogy azt egyes gazdas\u00e1gi elemz\u0151k \u00e9rt\u00e9kelik.<br \/>\nAz Eur\u00f3pa meger\u0151s\u00edt\u00e9se \u00e9rdek\u00e9ben felv\u00e1zolt h\u00e1rom francia-n\u00e9met k\u00f6z\u00f6s javaslat k\u00f6z\u00f6tt megeml\u00edtett egy &#8222;kezdem\u00e9nyez\u00e9st a gazdas\u00e1gi \u00e9s t\u00e1rsadalmi konvergenci\u00e1ra&#8221; a k\u00e9t orsz\u00e1g k\u00f6z\u00f6tt, valamint az energetikai \u00e1tmenet \u00f6sszehangol\u00e1s\u00e1t.(MTI)<\/p>\n","protected":false},"excerpt":{"rendered":"<p>A v\u00e1llalkoz\u00e1sok ad\u00f3terheinek 30 milli\u00e1rd eur\u00f3s (9 ezer milli\u00e1rd forintos) cs\u00f6kkent\u00e9s\u00e9t \u00edg\u00e9rte 2017-ig Francois Hollande francia eln\u00f6k kedden.<\/p>\n","protected":false},"author":1,"featured_media":0,"comment_status":"open","ping_status":"closed","sticky":false,"template":"","format":"standard","meta":[],"categories":[12],"tags":[],"_links":{"self":[{"href":"https:\/\/gazdasagportal.hu\/index.php\/wp-json\/wp\/v2\/posts\/25077"}],"collection":[{"href":"https:\/\/gazdasagportal.hu\/index.php\/wp-json\/wp\/v2\/posts"}],"about":[{"href":"https:\/\/gazdasagportal.hu\/index.php\/wp-json\/wp\/v2\/types\/post"}],"author":[{"embeddable":true,"href":"https:\/\/gazdasagportal.hu\/index.php\/wp-json\/wp\/v2\/users\/1"}],"replies":[{"embeddable":true,"href":"https:\/\/gazdasagportal.hu\/index.php\/wp-json\/wp\/v2\/comments?post=25077"}],"version-history":[{"count":1,"href":"https:\/\/gazdasagportal.hu\/index.php\/wp-json\/wp\/v2\/posts\/25077\/revisions"}],"predecessor-version":[{"id":25078,"href":"https:\/\/gazdasagportal.hu\/index.php\/wp-json\/wp\/v2\/posts\/25077\/revisions\/25078"}],"wp:attachment":[{"href":"https:\/\/gazdasagportal.hu\/index.php\/wp-json\/wp\/v2\/media?parent=25077"}],"wp:term":[{"taxonomy":"category","embeddable":true,"href":"https:\/\/gazdasagportal.hu\/index.php\/wp-json\/wp\/v2\/categories?post=25077"},{"taxonomy":"post_tag","embeddable":true,"href":"https:\/\/gazdasagportal.hu\/index.php\/wp-json\/wp\/v2\/tags?post=25077"}],"curies":[{"name":"wp","href":"https:\/\/api.w.org\/{rel}","templated":true}]}}