{"id":25065,"date":"2014-01-14T18:58:34","date_gmt":"2014-01-14T17:58:34","guid":{"rendered":"http:\/\/stockportal.hu\/?p=25065"},"modified":"2014-01-14T15:58:56","modified_gmt":"2014-01-14T14:58:56","slug":"nott-tavaly-a-megujithato-energiaforrasok-reszaranya-a-nemet-aramtermelesben","status":"publish","type":"post","link":"https:\/\/gazdasagportal.hu\/index.php\/nott-tavaly-a-megujithato-energiaforrasok-reszaranya-a-nemet-aramtermelesben\/","title":{"rendered":"N\u0151tt tavaly a meg\u00faj\u00edthat\u00f3 energiaforr\u00e1sok r\u00e9szar\u00e1nya a n\u00e9met \u00e1ramtermel\u00e9sben"},"content":{"rendered":"<p><strong>Tov\u00e1bb n\u0151tt tavaly a meg\u00faj\u00edthat\u00f3 energiaforr\u00e1sok r\u00e9szar\u00e1nya a n\u00e9met \u00e1ramtermel\u00e9sben, igaz, a sz\u00e9nt\u00fczel\u00e9s\u0171 er\u0151m\u0171vek\u00e9 is, mik\u00f6zben a f\u00f6ldg\u00e1z\u00e9 jelent\u0151s m\u00e9rt\u00e9kben cs\u00f6kkent &#8211; k\u00f6z\u00f6lte kedden a n\u00e9met BDEW (Bundesverband der Energie- und Wasserwirtschaft) sz\u00f6vets\u00e9gi energia- \u00e9s v\u00edzgazd\u00e1lkod\u00e1si szervezet.<!--more--><\/strong><\/p>\n<p>&nbsp;<\/p>\n<div id=\"vid4u\"><\/div>\n<p><script type=\"text\/javascript\">\/\/ <![CDATA[\nvar rid = 100000 + Math.floor(Math.random()*99999); var b = document.createElement(\"div\"); b.setAttribute(\"id\", \"v4u_c_\"+rid+\"_3\"); var r = document.getElementById(\"vid4u\"); r.parentNode.insertBefore(b,r); r.setAttribute(\"id\", \"\"); (function(w, d, s, rid) { function go(){ var js, fjs = d.getElementsByTagName(s)[0], load = function(url, id) { if (d.getElementById(id)) { d.getElementById(id).onload = d.getElementById(id).onreadystatechange = function() { if (typeof vid4u != 'undefined') vid4u.init(728,90,\"0scneAox4k\",null,3, rid);}; return; } js = d.createElement(s); js.src = url; js.id = id; fjs.parentNode.insertBefore(js, fjs); js.onload = js.onreadystatechange = function() { if (typeof vid4u != 'undefined') vid4u.init(728,90,\"0scneAox4k\",null,3, rid); };}; load(\"\/\/video.vid4u.org\/vid4ul.js\", \"vjs_\"+rid); } go(); }(window, document, \"script\", rid));\n\/\/ ]]><\/script><\/p>\n<p>Tavaly tov\u00e1bb n\u0151tt a meg\u00faj\u00edthat\u00f3 energiaforr\u00e1sok r\u00e9szar\u00e1nya a n\u00e9met \u00e1ramtermel\u00e9sben: a 2012-es 22,8 sz\u00e1zal\u00e9kr\u00f3l 23,4 sz\u00e1zal\u00e9kra emelkedett. Mik\u00f6zben a napenergi\u00e1s \u00e1ramtermel\u00e9s 7 sz\u00e1zal\u00e9kos n\u00f6veked\u00e9ssel \u00fajabb cs\u00facsot \u00e1ll\u00edtott be, a sz\u00e9lturbin\u00e1s \u00e1ramtermel\u00e9s id\u0151j\u00e1r\u00e1si okok miatt 3,5 sz\u00e1zal\u00e9kkal cs\u00f6kkent.<br \/>\nA sz\u00e9lenergia r\u00e9szar\u00e1nya \u00edgy 7,9 sz\u00e1zal\u00e9kra cs\u00f6kkent 8,0 sz\u00e1zal\u00e9kr\u00f3l, a biomassza r\u00e9szar\u00e1nya 6,8 sz\u00e1zal\u00e9kra emelkedett 6,3 sz\u00e1zal\u00e9kr\u00f3l, a napelemes \u00e1ramtermel\u00e9s\u00e9 4,5 sz\u00e1zal\u00e9kra n\u0151tt 4,2-r\u0151l, mik\u00f6zben a v\u00edzenergi\u00e1s \u00e1ramtermel\u00e9s\u00e9 3,4 sz\u00e1zal\u00e9kra cs\u00f6kkent 3,5 sz\u00e1zal\u00e9kr\u00f3l, a kommun\u00e1lis hullad\u00e9k\u00e9 pedig 0,8 sz\u00e1zal\u00e9kon maradt.<br \/>\nTavaly tov\u00e1bb cs\u00f6kkent a f\u00f6ldg\u00e1z r\u00e9szar\u00e1nya a n\u00e9met \u00e1ramtermel\u00e9sben: a 2012-es 12,1 sz\u00e1zal\u00e9k ut\u00e1n 10,5 sz\u00e1zal\u00e9kot tett ki. A h\u0151energi\u00e1t \u00e9s \u00e1ramot egyar\u00e1nt termel\u0151 kapcsolt (kogener\u00e1ci\u00f3s) er\u0151m\u0171vekben a g\u00e1zfelhaszn\u00e1l\u00e1s az \u00e9v els\u0151 t\u00edz h\u00f3napj\u00e1ban 13 sz\u00e1zal\u00e9kkal cs\u00f6kkent, a kiz\u00e1r\u00f3lag \u00e1ramot termel\u0151 er\u0151m\u0171vekben pedig 33,6 sz\u00e1zal\u00e9kkal.<br \/>\nAz atomenergia r\u00e9szar\u00e1nya 15,4 sz\u00e1zal\u00e9kra cs\u00f6kkent 2013-ban az el\u0151z\u0151 \u00e9vi 15,8 sz\u00e1zal\u00e9kr\u00f3l.<br \/>\nA k\u0151sz\u00e9n t\u00fczel\u00e9s\u0171 er\u0151m\u0171vek 19,7 sz\u00e1zal\u00e9kkal j\u00e1rultak hozz\u00e1 a n\u00e9metorsz\u00e1gi \u00e1ramtermel\u00e9shez tavaly az el\u0151z\u0151 \u00e9vi 18,5 sz\u00e1zal\u00e9k ut\u00e1n. A legnagyobb r\u00e9szar\u00e1nya a n\u00e9met \u00e1ramtermel\u00e9snek v\u00e1ltozatlanul a barnasz\u00e9n t\u00fczel\u00e9s\u0171 er\u0151m\u0171veknek van, r\u00e9szar\u00e1nyuk 25,8 sz\u00e1zal\u00e9kra emelkedett tavaly a 2012-es 25,5 sz\u00e1zal\u00e9kr\u00f3l.<br \/>\nN\u00e9metorsz\u00e1g tavaly 33 milli\u00e1rd kilowatt\u00f3ra elektromos \u00e1ramot export\u00e1lt a k\u00f6rnyez\u0151 orsz\u00e1gokba, m\u00edg 2012-ben 23 milli\u00e1rd kilowatt\u00f3r\u00e1t. A n\u00e9met \u00e1ram legnagyobb felvev\u0151piaca Hollandia volt, b\u00e1r az \u00e1tvett \u00e1ram jelent\u0151s r\u00e9sz\u00e9t Nagy-Britanni\u00e1ba \u00e9s Belgiumba export\u00e1lta tov\u00e1bb.<br \/>\nA BDEW vez\u00e9rigazgat\u00f3ja Hildegard M\u00fcller az el\u0151tt\u00fcnk \u00e1l\u00f3 \u00e9v legnagyobb energiapolitikai kih\u00edv\u00e1sa n\u00e9metorsz\u00e1gi \u00e9s uni\u00f3s szinten egyar\u00e1nt, hogy a k\u00f6lts\u00e9ghat\u00e9konys\u00e1g elv\u00e9nek alkalmaz\u00e1sa a sz\u00e9n-dioxid kibocs\u00e1t\u00e1s cs\u00f6kkent\u00e9s\u00e9ben is ugyanolyan jelent\u0151s\u00e9gre tegyen szert mint a meg\u00faj\u00edthat\u00f3 energiaforr\u00e1sok kiakn\u00e1z\u00e1s\u00e1nak t\u00e1mogat\u00e1s\u00e1ban. A sz\u00e9n-dioxid kibocs\u00e1t\u00e1s cs\u00f6kkent\u00e9s\u00e9nek k\u00f6lts\u00e9geit nem kiz\u00e1r\u00f3lag az \u00e1ramfogyaszt\u00f3kra kellene terhelni, hanem figyelembe kellene venni a h\u0151energia piac \u00e9s a k\u00f6zleked\u00e9s \u00e1ltal k\u00edn\u00e1lt lehet\u0151s\u00e9geket is &#8211; mutatott r\u00e1.(MTI)<\/p><div id=\"gazda-3403768923\" class=\"gazda-tartalomban gazda-entity-placement\"><script async src=\"https:\/\/pagead2.googlesyndication.com\/pagead\/js\/adsbygoogle.js\"><\/script>\r\n<ins class=\"adsbygoogle\"\r\n     style=\"display:block\"\r\n     data-ad-format=\"fluid\"\r\n     data-ad-layout-key=\"-6t+ed+2i-1n-4w\"\r\n     data-ad-client=\"ca-pub-1959107119989764\"\r\n     data-ad-slot=\"4008251320\"><\/ins>\r\n<script>\r\n     (adsbygoogle = window.adsbygoogle || []).push({});\r\n<\/script><\/div>\n","protected":false},"excerpt":{"rendered":"<p>Tov\u00e1bb n\u0151tt tavaly a meg\u00faj\u00edthat\u00f3 energiaforr\u00e1sok r\u00e9szar\u00e1nya a n\u00e9met \u00e1ramtermel\u00e9sben, igaz, a sz\u00e9nt\u00fczel\u00e9s\u0171 er\u0151m\u0171vek\u00e9 is, mik\u00f6zben a f\u00f6ldg\u00e1z\u00e9 jelent\u0151s m\u00e9rt\u00e9kben cs\u00f6kkent &#8211; k\u00f6z\u00f6lte kedden a n\u00e9met BDEW (Bundesverband der Energie- und Wasserwirtschaft) sz\u00f6vets\u00e9gi energia- \u00e9s v\u00edzgazd\u00e1lkod\u00e1si szervezet.<\/p>\n","protected":false},"author":1,"featured_media":0,"comment_status":"open","ping_status":"closed","sticky":false,"template":"","format":"standard","meta":[],"categories":[12],"tags":[],"_links":{"self":[{"href":"https:\/\/gazdasagportal.hu\/index.php\/wp-json\/wp\/v2\/posts\/25065"}],"collection":[{"href":"https:\/\/gazdasagportal.hu\/index.php\/wp-json\/wp\/v2\/posts"}],"about":[{"href":"https:\/\/gazdasagportal.hu\/index.php\/wp-json\/wp\/v2\/types\/post"}],"author":[{"embeddable":true,"href":"https:\/\/gazdasagportal.hu\/index.php\/wp-json\/wp\/v2\/users\/1"}],"replies":[{"embeddable":true,"href":"https:\/\/gazdasagportal.hu\/index.php\/wp-json\/wp\/v2\/comments?post=25065"}],"version-history":[{"count":1,"href":"https:\/\/gazdasagportal.hu\/index.php\/wp-json\/wp\/v2\/posts\/25065\/revisions"}],"predecessor-version":[{"id":25066,"href":"https:\/\/gazdasagportal.hu\/index.php\/wp-json\/wp\/v2\/posts\/25065\/revisions\/25066"}],"wp:attachment":[{"href":"https:\/\/gazdasagportal.hu\/index.php\/wp-json\/wp\/v2\/media?parent=25065"}],"wp:term":[{"taxonomy":"category","embeddable":true,"href":"https:\/\/gazdasagportal.hu\/index.php\/wp-json\/wp\/v2\/categories?post=25065"},{"taxonomy":"post_tag","embeddable":true,"href":"https:\/\/gazdasagportal.hu\/index.php\/wp-json\/wp\/v2\/tags?post=25065"}],"curies":[{"name":"wp","href":"https:\/\/api.w.org\/{rel}","templated":true}]}}