{"id":25063,"date":"2014-01-14T18:14:02","date_gmt":"2014-01-14T17:14:02","guid":{"rendered":"http:\/\/stockportal.hu\/?p=25063"},"modified":"2014-01-14T15:57:03","modified_gmt":"2014-01-14T14:57:03","slug":"csokkent-a-bet-reszvenykapitalizacioja-es-atlagos-napi-reszvenyforgalma-tavaly","status":"publish","type":"post","link":"https:\/\/gazdasagportal.hu\/index.php\/csokkent-a-bet-reszvenykapitalizacioja-es-atlagos-napi-reszvenyforgalma-tavaly\/","title":{"rendered":"Cs\u00f6kkent a B\u00c9T r\u00e9szv\u00e9nykapitaliz\u00e1ci\u00f3ja \u00e9s \u00e1tlagos napi r\u00e9szv\u00e9nyforgalma tavaly"},"content":{"rendered":"<p>Cs\u00f6kkent a r\u00e9szv\u00e9nyek napi \u00e1tlagos forgalma a Budapesti \u00c9rt\u00e9kt\u0151zsd\u00e9n (B\u00c9T) 2013-ban, a r\u00e9szv\u00e9nypiaci kapitaliz\u00e1ci\u00f3 is visszaes\u00e9st mutatott az el\u0151z\u0151 \u00e9vhez k\u00e9pest, m\u00edg a BUX enyh\u00e9n emelkedett &#8211; der\u00fcl ki a B\u00c9T kedden k\u00f6zz\u00e9tett \u00e9ves \u00f6sszefoglal\u00f3 adataib\u00f3l.<!--more--><\/p>\n<p>&nbsp;<\/p>\n<div id=\"vid4u\"><\/div>\n<p><script type=\"text\/javascript\">\/\/ <![CDATA[\nvar rid = 100000 + Math.floor(Math.random()*99999); var b = document.createElement(\"div\"); b.setAttribute(\"id\", \"v4u_c_\"+rid+\"_3\"); var r = document.getElementById(\"vid4u\"); r.parentNode.insertBefore(b,r); r.setAttribute(\"id\", \"\"); (function(w, d, s, rid) { function go(){ var js, fjs = d.getElementsByTagName(s)[0], load = function(url, id) { if (d.getElementById(id)) { d.getElementById(id).onload = d.getElementById(id).onreadystatechange = function() { if (typeof vid4u != 'undefined') vid4u.init(728,90,\"0scneAox4k\",null,3, rid);}; return; } js = d.createElement(s); js.src = url; js.id = id; fjs.parentNode.insertBefore(js, fjs); js.onload = js.onreadystatechange = function() { if (typeof vid4u != 'undefined') vid4u.init(728,90,\"0scneAox4k\",null,3, rid); };}; load(\"\/\/video.vid4u.org\/vid4ul.js\", \"vjs_\"+rid); } go(); }(window, document, \"script\", rid));\n\/\/ ]]><\/script><\/p>\n<p>Az \u00e1tlagos napi r\u00e9szv\u00e9nyforgalom 9,5 milli\u00e1rd forint volt 2013-ban, m\u00edg 2012-ben 9,9 milli\u00e1rd.<br \/>\nA r\u00e9szv\u00e9nypiaci kapitaliz\u00e1ci\u00f3 4268,2 milli\u00e1rd forintra cs\u00f6kkent a tavalyi \u00e9v v\u00e9g\u00e9re az egy \u00e9vvel kor\u00e1bbi 4604,1 milli\u00e1rd forintr\u00f3l.<br \/>\nA BUX 2,15 sz\u00e1zal\u00e9kkal emelkedett 2013-ban, m\u00edg az el\u0151z\u0151 \u00e9vben 7,06 sz\u00e1zal\u00e9kos n\u00f6veked\u00e9st mutatott.<br \/>\nA B\u00c9T azonnali piac\u00e1n az \u00e9ves \u00f6sszforgalom 2416 milli\u00e1rd forint volt tavaly, 3,7 sz\u00e1zal\u00e9kkal cs\u00f6kkent az el\u0151z\u0151 \u00e9vhez k\u00e9pest. Ezen bel\u00fcl a r\u00e9szv\u00e9nyek forgalma 2344 milli\u00e1rd forint volt, 3,4 sz\u00e1zal\u00e9kkal kevesebb a 2012. \u00e9vin\u00e9l.<br \/>\nA r\u00e9szv\u00e9nypiaci forgalom nagy r\u00e9sz\u00e9t, 95,5 sz\u00e1zal\u00e9k\u00e1t tov\u00e1bbra is az \u00f6t blue-chip v\u00e1llalat pap\u00edrjainak keresked\u00e9se adta, a kor\u00e1bbi \u00e9vekhez hasonl\u00f3an. \u00d6sszet\u00e9tel\u00e9ben a Richter s\u00falya jelent\u0151sen n\u0151tt, az \u00f6sszforgalom 16,7 sz\u00e1zal\u00e9k\u00e1t adta, mik\u00f6zben az OTP (53,2 sz\u00e1zal\u00e9k) \u00e9s a Mol (13,5 sz\u00e1zal\u00e9k) is vesz\u00edtett a keresked\u00e9sb\u0151l kivett r\u00e9sz\u00e9b\u0151l 2012-h\u00f6z k\u00e9pest. A Magyar Telekom az \u00f6sszforgalom 7,3 sz\u00e1zal\u00e9k\u00e1t adta, m\u00edg a tavaly decemberben kivezetett Egis a B\u00c9T \u00f6t\u00f6dik legnagyobb forgalm\u00fa pap\u00edrja volt, 4,9 sz\u00e1zal\u00e9kkal r\u00e9szesedett az \u00f6sszforgalomb\u00f3l.<br \/>\nAz \u00f6sszefoglala\u00f3 szerint az eur\u00f3pai t\u0151zsd\u00e9k \u00f6sszforgalm\u00e1ban 4,4 sz\u00e1zal\u00e9kos emelked\u00e9s volt megfigyelhet\u0151 tavaly, m\u00edg a k\u00f6z\u00e9p-kelet-eur\u00f3pai b\u00f6rz\u00e9k forgalma \u00f6sszess\u00e9g\u00e9ben 5,8 sz\u00e1zal\u00e9kkal n\u0151tt, r\u00e9gi\u00f3s szinten azonban t\u00f6bb orsz\u00e1g piac\u00e1n n\u00e9mi cs\u00f6kken\u00e9s volt tapasztalhat\u00f3.<br \/>\nA B\u00c9T-en a r\u00e9szv\u00e9nyek forg\u00e1si sebess\u00e9ge &#8211; ami azt mutatja meg, hogy a r\u00e9szv\u00e9nykapitaliz\u00e1ci\u00f3 h\u00e1ny sz\u00e1zal\u00e9ka fordult meg egy \u00e9v alatt a piacon &#8211; n\u00e9mileg emelkedett, \u00e9s 54,9 sz\u00e1zal\u00e9kos \u00e9rt\u00e9ke az egyik legmagasabbnak sz\u00e1m\u00edt \u00f6sszeur\u00f3pai szinten. A B\u00c9T \u00e9rt\u00e9kel\u00e9se szerint ez azt mutatja, hogy ar\u00e1nyaiban a B\u00c9T a t\u00e9rs\u00e9g egyik leglikvidebb piaca.<br \/>\nA B\u00c9T vezet\u00e9se a tavaly december 6-\u00e1n bevezetett Xetra keresked\u00e9si rendszert\u0151l k\u00f6z\u00e9pt\u00e1von n\u00f6vekv\u0151 likvidit\u00e1st \u00e9s piaci aktivit\u00e1st v\u00e1r. Rem\u00e9nyeik szerint ez\u00e1ltal a kibocs\u00e1t\u00f3k szem\u00e9ben is vonz\u00f3bb\u00e1 v\u00e1lik a magyar t\u0151zsde, \u00e9s \u00edgy a k\u00f6vetkez\u0151 \u00e9vekben sz\u00e1mos hazai c\u00e9g d\u00f6nthet a B\u00c9T-en val\u00f3 megjelen\u00e9s mellett.<br \/>\nTavaly egyel\u0151re nem j\u00f6tt meg a v\u00e1llalatok kedve a t\u0151zsdei megjelen\u00e9shez. B\u00e1r a Budapesti \u00c9rt\u00e9kt\u0151zsde az \u00f6sszefoglal\u00f3 szerint t\u00f6bb jelent\u0151sebb m\u00e9ret\u0171 c\u00e9ggel folytat t\u00e1rgyal\u00e1sokat az esetleges t\u0151zsdei megjelen\u00e9seikr\u0151l, a potenci\u00e1lis kibocs\u00e1t\u00f3k egyel\u0151re k\u00e9s\u0151bbre halasztj\u00e1k r\u00e9szv\u00e9nyeik bevezet\u00e9s\u00e9t.<br \/>\n2013-ban egy t\u00e1rsas\u00e1g, az Altera Nyrt. r\u00e9szv\u00e9nyei jelentek meg a t\u0151zsd\u00e9n, \u00e9s az \u00e9v sor\u00e1n 3 v\u00e1llalat &#8211; AAA Auto Group, Egis, Quaestor &#8211; r\u00e9szv\u00e9nyeit vezett\u00e9k ki a t\u0151zsd\u00e9r\u0151l.<br \/>\nAz azonnali piac\u00e9t\u00f3l n\u00e9mileg elt\u00e9r\u0151 tendenci\u00e1k \u00e9rv\u00e9nyes\u00fcltek a sz\u00e1rmaz\u00e9kos piacon, ahol az \u00e1rfolyam\u00e9rt\u00e9ken vett forgalom 35,3 sz\u00e1zal\u00e9kkal emelkedett 2012-h\u00f6z k\u00e9pest, 2520 milli\u00e1rd forintot \u00e9rt el. A hat\u00e1rid\u0151s \u00e9s opci\u00f3s deviza-term\u00e9kek forgalma 49,4 sz\u00e1zal\u00e9kkal, a r\u00e9szv\u00e9nyalap\u00fa hat\u00e1rid\u0151s kontraktusok forgalma 25 sz\u00e1zal\u00e9kkal n\u0151tt 2013-ban, m\u00edg a hat\u00e1rid\u0151s indexek forgalma k\u00f6zel fel\u00e9re esett vissza.<br \/>\nA r\u00e9szv\u00e9nypiac befektet\u0151i \u00f6sszet\u00e9tele az el\u0151z\u0151 \u00e9vihez hasonl\u00f3an alakult 2013-ban is. Az els\u0151 t\u00edz havi adatok alapj\u00e1n a k\u00fclf\u00f6ldi szerepl\u0151k adj\u00e1k a forgalom fel\u00e9t, a h\u00e1ztart\u00e1sok 30 sz\u00e1zal\u00e9kkal r\u00e9szesedtek, a br\u00f3kerc\u00e9gek saj\u00e1tsz\u00e1ml\u00e1s keresked\u00e9se 13, a hazai int\u00e9zm\u00e9nyi befektet\u0151k\u00e9 pedig k\u00f6zel 8 sz\u00e1zal\u00e9k\u00e1t tette ki a r\u00e9szv\u00e9nypiaci \u00fcgyleteknek. A sz\u00e1rmaz\u00e9kos szekci\u00f3ban m\u00e1sok az ar\u00e1nyok, itt a hazai mag\u00e1nbefektet\u0151k adt\u00e1k a forgalom fel\u00e9t, m\u00edg a k\u00fclf\u00f6ldiek r\u00e9szesed\u00e9se mind\u00f6ssze 3,9 sz\u00e1zal\u00e9k.(MTI)<\/p><div id=\"gazda-226045141\" class=\"gazda-tartalomban gazda-entity-placement\"><script async src=\"https:\/\/pagead2.googlesyndication.com\/pagead\/js\/adsbygoogle.js\"><\/script>\r\n<ins class=\"adsbygoogle\"\r\n     style=\"display:block\"\r\n     data-ad-format=\"fluid\"\r\n     data-ad-layout-key=\"-6t+ed+2i-1n-4w\"\r\n     data-ad-client=\"ca-pub-1959107119989764\"\r\n     data-ad-slot=\"4008251320\"><\/ins>\r\n<script>\r\n     (adsbygoogle = window.adsbygoogle || []).push({});\r\n<\/script><\/div>\n","protected":false},"excerpt":{"rendered":"<p>Cs\u00f6kkent a r\u00e9szv\u00e9nyek napi \u00e1tlagos forgalma a Budapesti \u00c9rt\u00e9kt\u0151zsd\u00e9n (B\u00c9T) 2013-ban, a r\u00e9szv\u00e9nypiaci kapitaliz\u00e1ci\u00f3 is visszaes\u00e9st mutatott az el\u0151z\u0151 \u00e9vhez k\u00e9pest, m\u00edg a BUX enyh\u00e9n emelkedett &#8211; der\u00fcl ki a B\u00c9T kedden k\u00f6zz\u00e9tett \u00e9ves \u00f6sszefoglal\u00f3 adataib\u00f3l.<\/p>\n","protected":false},"author":1,"featured_media":0,"comment_status":"open","ping_status":"closed","sticky":false,"template":"","format":"standard","meta":[],"categories":[7],"tags":[],"_links":{"self":[{"href":"https:\/\/gazdasagportal.hu\/index.php\/wp-json\/wp\/v2\/posts\/25063"}],"collection":[{"href":"https:\/\/gazdasagportal.hu\/index.php\/wp-json\/wp\/v2\/posts"}],"about":[{"href":"https:\/\/gazdasagportal.hu\/index.php\/wp-json\/wp\/v2\/types\/post"}],"author":[{"embeddable":true,"href":"https:\/\/gazdasagportal.hu\/index.php\/wp-json\/wp\/v2\/users\/1"}],"replies":[{"embeddable":true,"href":"https:\/\/gazdasagportal.hu\/index.php\/wp-json\/wp\/v2\/comments?post=25063"}],"version-history":[{"count":1,"href":"https:\/\/gazdasagportal.hu\/index.php\/wp-json\/wp\/v2\/posts\/25063\/revisions"}],"predecessor-version":[{"id":25064,"href":"https:\/\/gazdasagportal.hu\/index.php\/wp-json\/wp\/v2\/posts\/25063\/revisions\/25064"}],"wp:attachment":[{"href":"https:\/\/gazdasagportal.hu\/index.php\/wp-json\/wp\/v2\/media?parent=25063"}],"wp:term":[{"taxonomy":"category","embeddable":true,"href":"https:\/\/gazdasagportal.hu\/index.php\/wp-json\/wp\/v2\/categories?post=25063"},{"taxonomy":"post_tag","embeddable":true,"href":"https:\/\/gazdasagportal.hu\/index.php\/wp-json\/wp\/v2\/tags?post=25063"}],"curies":[{"name":"wp","href":"https:\/\/api.w.org\/{rel}","templated":true}]}}