{"id":25056,"date":"2014-01-14T17:40:04","date_gmt":"2014-01-14T16:40:04","guid":{"rendered":"http:\/\/stockportal.hu\/?p=25056"},"modified":"2014-01-14T15:41:05","modified_gmt":"2014-01-14T14:41:05","slug":"elemzok-a-jarmugyartas-es-az-export-a-meghatarozo-az-ipar-novekedeseben","status":"publish","type":"post","link":"https:\/\/gazdasagportal.hu\/index.php\/elemzok-a-jarmugyartas-es-az-export-a-meghatarozo-az-ipar-novekedeseben\/","title":{"rendered":"Elemz\u0151k: a j\u00e1rm\u0171gy\u00e1rt\u00e1s \u00e9s az export a meghat\u00e1roz\u00f3 az ipar n\u00f6veked\u00e9s\u00e9ben"},"content":{"rendered":"<p><strong>Tov\u00e1bbra is a j\u00e1rm\u0171gy\u00e1rt\u00e1s teljes\u00edtm\u00e9nye a meghat\u00e1roz\u00f3 az ipari termel\u00e9s n\u00f6veked\u00e9s\u00e9ben, illetve az export jelenti a h\u00faz\u00f3er\u0151t, m\u00edg a belf\u00f6ldi felhaszn\u00e1l\u00e1s \u00e9l\u00e9nk\u00fcl\u00e9se egyel\u0151re nem l\u00e1tszik a statisztikai adatokb\u00f3l &#8211; mondt\u00e1k kedden az MTI-nek nyilatkoz\u00f3 elemz\u0151k.<!--more--><\/strong><\/p>\n<p>&nbsp;<\/p>\n<div id=\"vid4u\"><\/div>\n<p><script type=\"text\/javascript\">\/\/ <![CDATA[\nvar rid = 100000 + Math.floor(Math.random()*99999); var b = document.createElement(\"div\"); b.setAttribute(\"id\", \"v4u_c_\"+rid+\"_3\"); var r = document.getElementById(\"vid4u\"); r.parentNode.insertBefore(b,r); r.setAttribute(\"id\", \"\"); (function(w, d, s, rid) { function go(){ var js, fjs = d.getElementsByTagName(s)[0], load = function(url, id) { if (d.getElementById(id)) { d.getElementById(id).onload = d.getElementById(id).onreadystatechange = function() { if (typeof vid4u != 'undefined') vid4u.init(728,90,\"0scneAox4k\",null,3, rid);}; return; } js = d.createElement(s); js.src = url; js.id = id; fjs.parentNode.insertBefore(js, fjs); js.onload = js.onreadystatechange = function() { if (typeof vid4u != 'undefined') vid4u.init(728,90,\"0scneAox4k\",null,3, rid); };}; load(\"\/\/video.vid4u.org\/vid4ul.js\", \"vjs_\"+rid); } go(); }(window, document, \"script\", rid));\n\/\/ ]]><\/script><\/p>\n<p>A K\u00f6zponti Statisztikai Hivatal kedden k\u00f6z\u00f6lte, hogy az ipari termel\u00e9s 3,5 sz\u00e1zal\u00e9kkal emelkedett 2013 november\u00e9ben az egy \u00e9vvel kor\u00e1bbihoz k\u00e9pest, els\u0151sorban a j\u00e1rm\u0171gy\u00e1rt\u00e1s \u00e9s hozz\u00e1 kapcsol\u00f3d\u00f3 besz\u00e1ll\u00edt\u00f3i \u00e1gazatok n\u00f6veked\u00e9se miatt. A munkanaphat\u00e1st\u00f3l megtiszt\u00edtott index 5,8 sz\u00e1zal\u00e9kos \u00e9ves n\u00f6veked\u00e9st mutat. Az el\u0151z\u0151 h\u00f3naphoz hasonl\u00edtva az ipari kibocs\u00e1t\u00e1s 0,5 sz\u00e1zal\u00e9kkal cs\u00f6kkent. A munkanappal kiigaz\u00edtott adatok szerint novemberben az ipari term\u00e9kek belf\u00f6ldi \u00e9rt\u00e9kes\u00edt\u00e9se 3,6, az export 7,1 sz\u00e1zal\u00e9kkal n\u0151tt az egy \u00e9vvel kor\u00e1bbihoz k\u00e9pest, a nyers adatok 1,8, illetve 4,4 sz\u00e1zal\u00e9kos n\u00f6veked\u00e9st jeleznek.<br \/>\nN\u00e9meth D\u00e1vid, a K&amp;H Bank vezet\u0151 elemz\u0151je kiemelte, hogy tov\u00e1bbra is a j\u00e1rm\u0171gy\u00e1rt\u00e1s a meghat\u00e1roz\u00f3 a n\u00f6veked\u00e9sben, illetve a vegyipar is j\u00f3l teljes\u00edt, mik\u00f6zben az elektronikai term\u00e9kek gy\u00e1rt\u00e1sa v\u00e1ltozatlanul hanyatlik.<br \/>\nV\u00e1rakoz\u00e1sa szerint az id\u00e9n n\u00e9mi gyorsul\u00e1s lehet az ipari termel\u00e9sben, de alapvet\u0151en nem v\u00e1ltozik az a tendencia, hogy az export lesz a h\u00faz\u00f3er\u0151, annak ellen\u00e9re, hogy az elm\u00falt n\u00e9h\u00e1ny h\u00f3napban a belf\u00f6ldi felhaszn\u00e1l\u00e1s is javult n\u00e9mik\u00e9pp.<br \/>\nFelh\u00edvta a figyelmet arra is, hogy a novemberi adatok szerint a rendel\u00e9s\u00e1llom\u00e1ny nagyot esett, amit a KSH egyszeri hat\u00e1ssal magyar\u00e1z, \u00edgy v\u00e9lem\u00e9nye szerint ennek nem kell nagy jelent\u0151s\u00e9get tulajdon\u00edtani.<br \/>\nA K&amp;H Bank elemz\u0151je azzal sz\u00e1mol, hogy a tavalyi \u00e9v utols\u00f3 h\u00f3napj\u00e1ban az ipar teljes\u00edtm\u00e9nye nagyon gyenge volt, de a b\u00e1zishat\u00e1s miatt \u00e9v\/\u00e9v alapon val\u00f3sz\u00edn\u0171leg n\u00f6veked\u00e9st jelez majd az ipari termel\u00e9s mutat\u00f3ja. Az elemz\u0151 a 2013-as \u00e9v eg\u00e9sz\u00e9re az ipari termel\u00e9s 1,5 sz\u00e1zal\u00e9kos n\u00f6veked\u00e9s\u00e9t v\u00e1rja, ami 2014-ben 4,5 sz\u00e1zal\u00e9kra gyorsulhat. Megjegyezte, hogy az idei \u00e9vre v\u00e1rt dinamika nem jelent v\u00e1ltoz\u00e1st az ut\u00f3bbi n\u00e9h\u00e1ny h\u00f3napban tapasztalt n\u00f6veked\u00e9shez k\u00e9pest, vagyis ink\u00e1bb csak szinten marad a temp\u00f3.<br \/>\nBalatoni Andr\u00e1s, az ING Bank vezet\u0151 elemz\u0151je az adatok alapj\u00e1n r\u00e1mutatott: a belf\u00f6ldi felhaszn\u00e1l\u00e1s tov\u00e1bbra sem tudott n\u00f6veked\u00e9si p\u00e1ly\u00e1ra \u00e1llni az emelked\u0151 h\u00e1ztart\u00e1si v\u00e1s\u00e1rl\u00f3er\u0151 \u00e9s a beruh\u00e1z\u00e1sok megugr\u00e1sa ellen\u00e9re sem. Emellett az export\u00e9rt\u00e9kes\u00edt\u00e9s volumene szint\u00e9n m\u00e9rs\u00e9kl\u0151d\u00f6tt novemberben az el\u0151z\u0151 havival \u00f6sszehasonl\u00edtva. A szak\u00e9rt\u0151 v\u00e9lem\u00e9nye szerint az ipar tart\u00f3s lassul\u00e1s\u00e1t jelzi a beszerz\u00e9simenedzser-index m\u00e9rs\u00e9kl\u0151d\u00e9se, ami decemberben \u00e9pp csak meghaladta a n\u00f6veked\u00e9si k\u00fcsz\u00f6b\u00e9rt\u00e9ket.<br \/>\nKiemelte a rendel\u00e9s\u00e1llom\u00e1ny cs\u00f6kken\u00e9s\u00e9t a fontosabb feldolgoz\u00f3ipari \u00e1gazatokban, ami azonban annak tulajdon\u00edthat\u00f3, hogy a j\u00e1rm\u0171gy\u00e1rt\u00e1sban hirtelen \u00e9s \u00f3ri\u00e1si volumenben jelennek meg a megrendel\u00e9sek, \u00e9s ezeknek az id\u0151z\u00edt\u00e9se egyel\u0151re bizonytalan.<br \/>\nAz ING Bank elemz\u0151j\u00e9nek v\u00e9lem\u00e9nye szerint az alapvet\u0151en kedvez\u0151 n\u00f6veked\u00e9si kil\u00e1t\u00e1sok nem v\u00e1ltoztak az elm\u00falt h\u00f3napokhoz k\u00e9pest, azonban a bizonytalans\u00e1g \u00e9rdemben emelkedett. V\u00e1rakoz\u00e1sa szerint az \u00e9v v\u00e9gi gy\u00e1rle\u00e1ll\u00e1sok tov\u00e1bb fogj\u00e1k cs\u00f6kkenteni az ipari kibocs\u00e1t\u00e1s volumen\u00e9t, \u00edgy a negyedik negyed\u00e9ves adat val\u00f3sz\u00edn\u0171leg nem fogja el\u00e9rni a harmadik negyed\u00e9vben regisztr\u00e1lt szintet. Balatoni Andr\u00e1s a tavalyi \u00e9v eg\u00e9sz\u00e9re 1,1 sz\u00e1zal\u00e9kos, m\u00edg 2014-re 5,5 sz\u00e1zal\u00e9kos ipari termel\u00e9si indexet val\u00f3sz\u00edn\u0171s\u00edt.(MTI)<\/p><div id=\"gazda-3126716402\" class=\"gazda-tartalomban gazda-entity-placement\"><script async src=\"https:\/\/pagead2.googlesyndication.com\/pagead\/js\/adsbygoogle.js\"><\/script>\r\n<ins class=\"adsbygoogle\"\r\n     style=\"display:block\"\r\n     data-ad-format=\"fluid\"\r\n     data-ad-layout-key=\"-6t+ed+2i-1n-4w\"\r\n     data-ad-client=\"ca-pub-1959107119989764\"\r\n     data-ad-slot=\"4008251320\"><\/ins>\r\n<script>\r\n     (adsbygoogle = window.adsbygoogle || []).push({});\r\n<\/script><\/div>\n","protected":false},"excerpt":{"rendered":"<p>Tov\u00e1bbra is a j\u00e1rm\u0171gy\u00e1rt\u00e1s teljes\u00edtm\u00e9nye a meghat\u00e1roz\u00f3 az ipari termel\u00e9s n\u00f6veked\u00e9s\u00e9ben, illetve az export jelenti a h\u00faz\u00f3er\u0151t, m\u00edg a belf\u00f6ldi felhaszn\u00e1l\u00e1s \u00e9l\u00e9nk\u00fcl\u00e9se egyel\u0151re nem l\u00e1tszik a statisztikai adatokb\u00f3l &#8211; mondt\u00e1k kedden az MTI-nek nyilatkoz\u00f3 elemz\u0151k.<\/p>\n","protected":false},"author":1,"featured_media":0,"comment_status":"open","ping_status":"closed","sticky":false,"template":"","format":"standard","meta":[],"categories":[19],"tags":[],"_links":{"self":[{"href":"https:\/\/gazdasagportal.hu\/index.php\/wp-json\/wp\/v2\/posts\/25056"}],"collection":[{"href":"https:\/\/gazdasagportal.hu\/index.php\/wp-json\/wp\/v2\/posts"}],"about":[{"href":"https:\/\/gazdasagportal.hu\/index.php\/wp-json\/wp\/v2\/types\/post"}],"author":[{"embeddable":true,"href":"https:\/\/gazdasagportal.hu\/index.php\/wp-json\/wp\/v2\/users\/1"}],"replies":[{"embeddable":true,"href":"https:\/\/gazdasagportal.hu\/index.php\/wp-json\/wp\/v2\/comments?post=25056"}],"version-history":[{"count":1,"href":"https:\/\/gazdasagportal.hu\/index.php\/wp-json\/wp\/v2\/posts\/25056\/revisions"}],"predecessor-version":[{"id":25057,"href":"https:\/\/gazdasagportal.hu\/index.php\/wp-json\/wp\/v2\/posts\/25056\/revisions\/25057"}],"wp:attachment":[{"href":"https:\/\/gazdasagportal.hu\/index.php\/wp-json\/wp\/v2\/media?parent=25056"}],"wp:term":[{"taxonomy":"category","embeddable":true,"href":"https:\/\/gazdasagportal.hu\/index.php\/wp-json\/wp\/v2\/categories?post=25056"},{"taxonomy":"post_tag","embeddable":true,"href":"https:\/\/gazdasagportal.hu\/index.php\/wp-json\/wp\/v2\/tags?post=25056"}],"curies":[{"name":"wp","href":"https:\/\/api.w.org\/{rel}","templated":true}]}}