{"id":25017,"date":"2014-01-14T12:07:13","date_gmt":"2014-01-14T11:07:13","guid":{"rendered":"http:\/\/stockportal.hu\/?p=25017"},"modified":"2014-01-14T12:07:13","modified_gmt":"2014-01-14T11:07:13","slug":"novekedett-az-ipari-termeles-az-eu-ban","status":"publish","type":"post","link":"https:\/\/gazdasagportal.hu\/index.php\/novekedett-az-ipari-termeles-az-eu-ban\/","title":{"rendered":"N\u00f6vekedett az ipari termel\u00e9s az EU-ban"},"content":{"rendered":"<p><strong>N\u00f6vekedett az ipari termel\u00e9s az Eur\u00f3pai Uni\u00f3ban 2013 november\u00e9ben. Az ipari termel\u00e9s er\u0151s\u00f6d\u00e9se jelent\u0151sen meghaladta az elemz\u0151i v\u00e1rakoz\u00e1sokat, novemberben havi b\u00e1zis\u00fa alapon 1,5 sz\u00e1zal\u00e9kkal, \u00e9ves szinten 3 sz\u00e1zal\u00e9kkal n\u0151tt az ipari termel\u00e9s.<!--more--><\/strong><\/p>\n<p>A 17 tag\u00e1llamb\u00f3l \u00e1ll\u00f3 sz\u0171kebb eur\u00f3z\u00f3n\u00e1ban az uni\u00f3s \u00e1tlagn\u00e1l is jobban b\u0151v\u00fclt az ipari termel\u00e9s. Az EU statisztikai hivatala, az Eurostat szerint 2013 november\u00e9ben 2013 okt\u00f3ber\u00e9hez k\u00e9pest 1,8 sz\u00e1zal\u00e9kkal, m\u00edg 2012 november\u00e9hez k\u00e9pest 3 sz\u00e1zal\u00e9kkal n\u0151tt a termel\u00e9s. A Dow Jones h\u00edr\u00fcgyn\u00f6ks\u00e9g \u00e1ltal megk\u00e9rdezett elemz\u0151k csak 1,4 sz\u00e1zal\u00e9kos, illetve 1,8 sz\u00e1zal\u00e9kos n\u00f6veked\u00e9st v\u00e1rtak az eur\u00f3z\u00f3n\u00e1ban.<br \/>\nNovemberben okt\u00f3berhez k\u00e9pest a beruh\u00e1z\u00e1si javak 2,6 sz\u00e1zal\u00e9kkal n\u0151ttek az EU-ban \u00e9s 3 sz\u00e1zal\u00e9kkal az eur\u00f3z\u00f3n\u00e1ban. A tart\u00f3s fogyaszt\u00e1si cikkek termel\u00e9se 1,5 sz\u00e1zal\u00e9kkal \u00e9s 2,2 sz\u00e1zal\u00e9kkal, az energiatermel\u00e9s 1,2 sz\u00e1zal\u00e9kkal \u00e9s 1,8 sz\u00e1zal\u00e9kkal b\u0151v\u00fclt. A nem tart\u00f3s fogyaszt\u00e1si cikkek gy\u00e1rt\u00e1sa 0,9 sz\u00e1zal\u00e9kkal emelkedett az Eur\u00f3pa Uni\u00f3ban \u00e9s 1,4 sz\u00e1zal\u00e9kkal az eur\u00f3z\u00f3n\u00e1ban.<br \/>\nA tag\u00e1llamok k\u00f6z\u00fcl \u00cdrorsz\u00e1gban (11,7 sz\u00e1zal\u00e9k), Sv\u00e9dorsz\u00e1gban (6,4 sz\u00e1zal\u00e9k) \u00e9s M\u00e1lt\u00e1n (3,8 sz\u00e1zal\u00e9k) volt a legnagyobb havi n\u00f6veked\u00e9s, mik\u00f6zben Litv\u00e1ni\u00e1ban (3,5 sz\u00e1zal\u00e9k), D\u00e1ni\u00e1ban (3 sz\u00e1zal\u00e9k) \u00e9s G\u00f6r\u00f6gorsz\u00e1gban (2,2 sz\u00e1zal\u00e9k) volt a legnagyobb havi cs\u00f6kken\u00e9s a termel\u00e9sben.<br \/>\n\u00c9ves b\u00e1zis\u00fa alapon a beruh\u00e1z\u00e1si javak 4,7 sz\u00e1zal\u00e9kkal n\u0151ttek az EU-ban \u00e9s 4,4 sz\u00e1zal\u00e9kkal az eur\u00f3z\u00f3n\u00e1ban. A tart\u00f3s fogyaszt\u00e1si cikkek termel\u00e9se 0,3 sz\u00e1zal\u00e9kkal \u00e9s 0,8 sz\u00e1zal\u00e9kkal, az energiatermel\u00e9s 1,4 sz\u00e1zal\u00e9kkal \u00e9s 0,5 sz\u00e1zal\u00e9kkal cs\u00f6kkent. A nem tart\u00f3s fogyaszt\u00e1si cikkek gy\u00e1rt\u00e1sa 2,7 sz\u00e1zal\u00e9kkal emelkedett az Eur\u00f3pa Uni\u00f3ban \u00e9s 3,1 sz\u00e1zal\u00e9kkal az eur\u00f3z\u00f3n\u00e1ban.<br \/>\nAz el\u0151zetes adatok alapj\u00e1n 19 tag\u00e1llamban n\u0151tt, 6 tag\u00e1llamban cs\u00f6kkent az \u00e9ves ipari termel\u00e9s. A legnagyobb n\u00f6veked\u00e9s itt is \u00cdrorsz\u00e1gban volt (13,2 sz\u00e1zal\u00e9k), azt\u00e1n k\u00f6vetkezett Szlov\u00e1kia (12,7 sz\u00e1zal\u00e9k) \u00e9s Csehorsz\u00e1g (8,8 sz\u00e1zal\u00e9k). A legnagyobb \u00e9ves cs\u00f6kken\u00e9st M\u00e1lta (8,6 sz\u00e1zal\u00e9k) \u00e9s G\u00f6r\u00f6gorsz\u00e1g (6,2 sz\u00e1zal\u00e9k) eset\u00e9ben m\u00e9rt\u00e9k.<br \/>\nMagyarorsz\u00e1gban 2013 november\u00e9ben havi b\u00e1zis\u00fa alapon 0,5 sz\u00e1zal\u00e9kkal cs\u00f6kkent az ipari termel\u00e9s, de \u00e9ves b\u00e1zis\u00fa alapon 5,8 sz\u00e1zal\u00e9kkal n\u00f6vekedett. A munkanapok sz\u00e1m\u00e1nak v\u00e1ltoz\u00e1s\u00e1t\u00f3l \u00e9s a szezon\u00e1lis hat\u00e1sokt\u00f3l megtiszt\u00edtott, 2010-es \u00e9vet alapul vev\u0151 ipari termel\u0151i index 107,4 pont volt 2013 november\u00e9ben. 2012 november\u00e9ben m\u00e9g csak 101,5 ponton \u00e1llt az index.(MTI)<\/p>\n","protected":false},"excerpt":{"rendered":"<p>N\u00f6vekedett az ipari termel\u00e9s az Eur\u00f3pai Uni\u00f3ban 2013 november\u00e9ben. Az ipari termel\u00e9s er\u0151s\u00f6d\u00e9se jelent\u0151sen meghaladta az elemz\u0151i v\u00e1rakoz\u00e1sokat, novemberben havi b\u00e1zis\u00fa alapon 1,5 sz\u00e1zal\u00e9kkal, \u00e9ves szinten 3 sz\u00e1zal\u00e9kkal n\u0151tt az ipari termel\u00e9s.<\/p>\n","protected":false},"author":1,"featured_media":0,"comment_status":"open","ping_status":"closed","sticky":false,"template":"","format":"standard","meta":[],"categories":[12],"tags":[],"_links":{"self":[{"href":"https:\/\/gazdasagportal.hu\/index.php\/wp-json\/wp\/v2\/posts\/25017"}],"collection":[{"href":"https:\/\/gazdasagportal.hu\/index.php\/wp-json\/wp\/v2\/posts"}],"about":[{"href":"https:\/\/gazdasagportal.hu\/index.php\/wp-json\/wp\/v2\/types\/post"}],"author":[{"embeddable":true,"href":"https:\/\/gazdasagportal.hu\/index.php\/wp-json\/wp\/v2\/users\/1"}],"replies":[{"embeddable":true,"href":"https:\/\/gazdasagportal.hu\/index.php\/wp-json\/wp\/v2\/comments?post=25017"}],"version-history":[{"count":1,"href":"https:\/\/gazdasagportal.hu\/index.php\/wp-json\/wp\/v2\/posts\/25017\/revisions"}],"predecessor-version":[{"id":25018,"href":"https:\/\/gazdasagportal.hu\/index.php\/wp-json\/wp\/v2\/posts\/25017\/revisions\/25018"}],"wp:attachment":[{"href":"https:\/\/gazdasagportal.hu\/index.php\/wp-json\/wp\/v2\/media?parent=25017"}],"wp:term":[{"taxonomy":"category","embeddable":true,"href":"https:\/\/gazdasagportal.hu\/index.php\/wp-json\/wp\/v2\/categories?post=25017"},{"taxonomy":"post_tag","embeddable":true,"href":"https:\/\/gazdasagportal.hu\/index.php\/wp-json\/wp\/v2\/tags?post=25017"}],"curies":[{"name":"wp","href":"https:\/\/api.w.org\/{rel}","templated":true}]}}