{"id":25008,"date":"2014-01-14T10:56:43","date_gmt":"2014-01-14T09:56:43","guid":{"rendered":"http:\/\/stockportal.hu\/?p=25008"},"modified":"2014-01-14T10:58:58","modified_gmt":"2014-01-14T09:58:58","slug":"elkezdte-az-szja-bevallasi-nyomtatvanyok-postazasat-a-nav","status":"publish","type":"post","link":"https:\/\/gazdasagportal.hu\/index.php\/elkezdte-az-szja-bevallasi-nyomtatvanyok-postazasat-a-nav\/","title":{"rendered":"Elkezdte az szja-bevall\u00e1si nyomtatv\u00e1nyok post\u00e1z\u00e1s\u00e1t a NAV"},"content":{"rendered":"<p><strong>Elkezdte a szja-bevall\u00e1shoz sz\u00fcks\u00e9ges nyomtatv\u00e1nyok post\u00e1z\u00e1s\u00e1t a Nemzeti Ad\u00f3- \u00e9s V\u00e1mhivatal (NAV) &#8211; k\u00f6z\u00f6lte az ad\u00f3hat\u00f3s\u00e1g kedden az MTI-vel.<!--more--><\/strong><\/p>\n<p>&nbsp;<\/p>\n<div id=\"vid4u\"><\/div>\n<p><script type=\"text\/javascript\">var rid = 100000 + Math.floor(Math.random()*99999); var b = document.createElement(\"div\"); b.setAttribute(\"id\", \"v4u_c_\"+rid+\"_3\"); var r = document.getElementById(\"vid4u\"); r.parentNode.insertBefore(b,r); r.setAttribute(\"id\", \"\"); (function(w, d, s, rid) { function go(){ var js, fjs = d.getElementsByTagName(s)[0], load = function(url, id) { if (d.getElementById(id)) { d.getElementById(id).onload = d.getElementById(id).onreadystatechange = function() { if (typeof vid4u != 'undefined') vid4u.init(728,90,\"0scneAox4k\",null,3, rid);}; return; } js = d.createElement(s); js.src = url; js.id = id; fjs.parentNode.insertBefore(js, fjs); js.onload = js.onreadystatechange = function() { if (typeof vid4u != 'undefined') vid4u.init(728,90,\"0scneAox4k\",null,3, rid); };}; load(\"\/\/video.vid4u.org\/vid4ul.js\", \"vjs_\"+rid); } go(); }(window, document, \"script\", rid));<\/script><\/p>\n<p>A NAV az ad\u00f3z\u00f3i szok\u00e1sokat figyelembe v\u00e9ve \u00e1ll\u00edtotta \u00f6ssze az szja-egys\u00e9gcsomagokat, \u00edgy csak azt tartalmazza, amire az ad\u00f3z\u00f3nak sz\u00fcks\u00e9ge van a bevall\u00e1si k\u00f6telezetts\u00e9ge teljes\u00edt\u00e9s\u00e9hez. A nyolcf\u00e9le csomagb\u00f3l az egyik elektronikus form\u00e1tum\u00fa, \u00e9s azok \u00fcgyf\u00e9lkapus t\u00e1rhely\u00e9re \u00e9rkezik, akik az el\u0151z\u0151 \u00e9vben elektronikus \u00faton ny\u00fajtott\u00e1k be bevall\u00e1sukat &#8211; \u00edrt\u00e1k.<br \/>\nFelh\u00edvt\u00e1k a figyelmet arra, hogy a munkav\u00e1llal\u00f3knak janu\u00e1r 31-ig kell nyilatkozniuk arr\u00f3l, k\u00e9rik-e munk\u00e1ltat\u00f3jukt\u00f3l ad\u00f3juk meg\u00e1llap\u00edt\u00e1s\u00e1t, illetve a 2013-as bevall\u00e1suk elk\u00e9sz\u00edt\u00e9s\u00e9t. Ha a munk\u00e1ltat\u00f3 nem v\u00e1llalja dolgoz\u00f3ja k\u00e9r\u00e9s\u00e9re a bevall\u00e1s elk\u00e9sz\u00edt\u00e9s\u00e9t, akkor t\u00e1j\u00e9koztatnia kell a dolgoz\u00f3t az egyszer\u0171s\u00edtett bevall\u00e1s, valamint az ad\u00f3nyilatkozat lehet\u0151s\u00e9g\u00e9r\u0151l. Az egyszer\u0171s\u00edtett bevall\u00e1st az ad\u00f3hivatal k\u00e9sz\u00edti el akkor, ha az ad\u00f3z\u00f3 febru\u00e1r 17-\u00e9ig nyilatkozatban ezt k\u00e9ri.<br \/>\nValamennyi sz\u00fcks\u00e9ges nyilatkozat, illetve inform\u00e1ci\u00f3 el\u00e9rhet\u0151 a NAV honlapj\u00e1n, a <a title=\"Hely megnyit\u00e1sa\" href=\"http:\/\/www.nav.gov.hu\" target=\"_blank\" rel=\"noopener\">www.nav.gov.hu<\/a> oldalon &#8211; olvashat\u00f3 a k\u00f6zlem\u00e9nyben.(MTI)<\/p><div id=\"gazda-2987133139\" class=\"gazda-tartalomban gazda-entity-placement\"><script async src=\"https:\/\/pagead2.googlesyndication.com\/pagead\/js\/adsbygoogle.js\"><\/script>\r\n<ins class=\"adsbygoogle\"\r\n     style=\"display:block\"\r\n     data-ad-format=\"fluid\"\r\n     data-ad-layout-key=\"-6t+ed+2i-1n-4w\"\r\n     data-ad-client=\"ca-pub-1959107119989764\"\r\n     data-ad-slot=\"4008251320\"><\/ins>\r\n<script>\r\n     (adsbygoogle = window.adsbygoogle || []).push({});\r\n<\/script><\/div>\n","protected":false},"excerpt":{"rendered":"<p>Elkezdte a szja-bevall\u00e1shoz sz\u00fcks\u00e9ges nyomtatv\u00e1nyok post\u00e1z\u00e1s\u00e1t a Nemzeti Ad\u00f3- \u00e9s V\u00e1mhivatal (NAV) &#8211; k\u00f6z\u00f6lte az ad\u00f3hat\u00f3s\u00e1g kedden az MTI-vel.<\/p>\n","protected":false},"author":1,"featured_media":0,"comment_status":"open","ping_status":"closed","sticky":false,"template":"","format":"standard","meta":[],"categories":[20],"tags":[],"_links":{"self":[{"href":"https:\/\/gazdasagportal.hu\/index.php\/wp-json\/wp\/v2\/posts\/25008"}],"collection":[{"href":"https:\/\/gazdasagportal.hu\/index.php\/wp-json\/wp\/v2\/posts"}],"about":[{"href":"https:\/\/gazdasagportal.hu\/index.php\/wp-json\/wp\/v2\/types\/post"}],"author":[{"embeddable":true,"href":"https:\/\/gazdasagportal.hu\/index.php\/wp-json\/wp\/v2\/users\/1"}],"replies":[{"embeddable":true,"href":"https:\/\/gazdasagportal.hu\/index.php\/wp-json\/wp\/v2\/comments?post=25008"}],"version-history":[{"count":3,"href":"https:\/\/gazdasagportal.hu\/index.php\/wp-json\/wp\/v2\/posts\/25008\/revisions"}],"predecessor-version":[{"id":25011,"href":"https:\/\/gazdasagportal.hu\/index.php\/wp-json\/wp\/v2\/posts\/25008\/revisions\/25011"}],"wp:attachment":[{"href":"https:\/\/gazdasagportal.hu\/index.php\/wp-json\/wp\/v2\/media?parent=25008"}],"wp:term":[{"taxonomy":"category","embeddable":true,"href":"https:\/\/gazdasagportal.hu\/index.php\/wp-json\/wp\/v2\/categories?post=25008"},{"taxonomy":"post_tag","embeddable":true,"href":"https:\/\/gazdasagportal.hu\/index.php\/wp-json\/wp\/v2\/tags?post=25008"}],"curies":[{"name":"wp","href":"https:\/\/api.w.org\/{rel}","templated":true}]}}