{"id":24970,"date":"2014-01-13T20:45:09","date_gmt":"2014-01-13T19:45:09","guid":{"rendered":"http:\/\/stockportal.hu\/?p=24970"},"modified":"2014-01-13T20:45:09","modified_gmt":"2014-01-13T19:45:09","slug":"a-brit-kormany-jotall-a-teljes-allamadossagert-skot-fuggetlenseg-eseten-is","status":"publish","type":"post","link":"https:\/\/gazdasagportal.hu\/index.php\/a-brit-kormany-jotall-a-teljes-allamadossagert-skot-fuggetlenseg-eseten-is\/","title":{"rendered":"A brit korm\u00e1ny j\u00f3t\u00e1ll a teljes \u00e1llamad\u00f3ss\u00e1g\u00e9rt sk\u00f3t f\u00fcggetlens\u00e9g eset\u00e9n is"},"content":{"rendered":"<p><strong>A brit korm\u00e1ny marad\u00e9ktalanul eleget tesz az Egyes\u00fclt Kir\u00e1lys\u00e1g mint szuver\u00e9n ad\u00f3s nev\u00e9ben kibocs\u00e1tott \u00e1llampap\u00edrok t\u00f6rleszt\u00e9si k\u00f6telezetts\u00e9geinek abban az esetben is, ha Sk\u00f3cia szeptemberben a f\u00fcggetlens\u00e9gre szavaz, ebben az esetben azonban elv\u00e1rja a k\u00f6zad\u00f3ss\u00e1g-\u00e1llom\u00e1ny megoszt\u00e1s\u00e1t &#8211; k\u00f6z\u00f6lte h\u00e9tf\u0151n a brit p\u00e9nz\u00fcgyminiszt\u00e9rium.<!--more--><\/strong><\/p>\n<p>Ennek a tiszt\u00e1z\u00e1s\u00e1ra a piaci szerepl\u0151k megnyugtat\u00e1sa v\u00e9gett volt sz\u00fcks\u00e9g, tekintettel arra, hogy az ad\u00f3ss\u00e1gszolg\u00e1lat teljes\u00edt\u00e9s\u00e9vel kapcsolatos b\u00e1rmif\u00e9le sk\u00f3t-brit vita szuver\u00e9n t\u00f6rleszt\u00e9si h\u00e1tral\u00e9k &#8211; vagyis nem teljes\u00edt\u00e9s &#8211; r\u00e9mk\u00e9p\u00e9t id\u00e9zhetn\u00e9 fel a piacokon.<br \/>\nA BBC \u00e9rtes\u00fcl\u00e9sei szerint int\u00e9zm\u00e9nyi befektet\u0151k az \u00fcgyben m\u00e1ris megkerest\u00e9k a brit p\u00e9nz\u00fcgyminiszt\u00e9riumot \u00e9s az \u00e1llamad\u00f3ss\u00e1g-kezel\u0151 hivatalt, firtatva az \u00e1llamad\u00f3ss\u00e1g-t\u00f6rleszt\u00e9s mik\u00e9ntj\u00e9t Sk\u00f3cia elszakad\u00e1sa eset\u00e9re.<br \/>\nA brit \u00e1llamad\u00f3ss\u00e1g-t\u00f6rleszt\u00e9s le\u00e1ll\u00e1s\u00e1nak kock\u00e1zat\u00e1t ugyanakkor a piac jelenleg minim\u00e1lisnak \u00e1razza.<br \/>\nAz S&amp;P Capital IQ glob\u00e1lis piaci adatszolg\u00e1ltat\u00f3 csoporthoz tartoz\u00f3 CMA londoni piacfigyel\u0151 c\u00e9g kimutat\u00e1sa szerint a brit szuver\u00e9n ad\u00f3ss\u00e1g\u00e1llom\u00e1ny t\u00f6rleszt\u00e9si le\u00e1ll\u00e1s\u00e1nak rizik\u00f3j\u00e1ra k\u00f6thet\u0151 piaci biztos\u00edt\u00e1si cseretranzakci\u00f3k (credit default swaps, CDS) k\u00f6z\u00e9p\u00e1rfolyama &#8211; az egyik legf\u0151bb \u00e1llamad\u00f3s-kock\u00e1zati mutat\u00f3 &#8211; jelenleg mind\u00f6ssze 25 b\u00e1zispont, vagyis t\u00edzmilli\u00f3 font n\u00e9v\u00e9rt\u00e9k\u0171 \u00e1llampap\u00edrra sz\u00e1molva alig 25 ezer font k\u00f6rny\u00e9k\u00e9n j\u00e1r a londoni piacon. Ez m\u00e9g Sv\u00e1jc aktu\u00e1lis szuver\u00e9n CDS-\u00e1rfolyam\u00e1n\u00e1l is valamivel alacsonyabb \u00e1raz\u00e1s.<br \/>\nAlex Salmond sk\u00f3t minisztereln\u00f6k, a Sk\u00f3ci\u00e1t 2011 \u00f3ta parlamenti t\u00f6bbs\u00e9gben korm\u00e1nyz\u00f3 Sk\u00f3t Nemzeti P\u00e1rt (SNP) vezet\u0151je k\u00e9t \u00e9ve hirdette meg hivatalosan, hogy Sk\u00f3cia 2014-ben n\u00e9pszavaz\u00e1st tart f\u00fcggetlens\u00e9g\u00e9r\u0151l. A referendumot a sk\u00f3t korm\u00e1ny 2014. szeptember 18-\u00e1ra \u00edrta ki. A n\u00e9pszavaz\u00e1son egyetlen k\u00e9rd\u00e9sre kell majd v\u00e1laszolni, amely \u00fagy sz\u00f3l, hogy Sk\u00f3cia f\u00fcggetlen orsz\u00e1g legyen-e.<br \/>\nA felm\u00e9r\u00e9sek folyamatosan azt mutatj\u00e1k, hogy a f\u00fcggetlenn\u00e9 v\u00e1l\u00e1st ellenz\u0151k jelent\u0151s t\u00f6bbs\u00e9gben vannak, \u00e1m az ut\u00f3bbi hetekben t\u00f6bb szak\u00e9rt\u0151 is \u00fagy v\u00e9lekedett, hogy ezek a k\u00f6zv\u00e9lem\u00e9ny-kutat\u00e1sok j\u00f3 es\u00e9llyel nem a val\u00f3s helyzetet mutatj\u00e1k.<br \/>\nLynton Crosby, a brit Konzervat\u00edv P\u00e1rt v\u00e1laszt\u00e1si f\u0151tan\u00e1csad\u00f3ja a The Sunday Times c\u00edm\u0171 tekint\u00e9lyes konzervat\u00edv brit lap nemr\u00e9giben k\u00f6z\u00f6lt \u00e9rtes\u00fcl\u00e9se szerint kifejezetten gyeng\u00e9nek tartja az uni\u00f3p\u00e1rti kamp\u00e1nyt, \u00e9s emiatt arra figyelmeztette David Cameron brit minisztereln\u00f6k\u00f6t, hogy a sk\u00f3t f\u00fcggetlens\u00e9gp\u00e1rtiak szeptemberi gy\u0151zelme &#8222;nem csak hogy lehets\u00e9ges, de egyenesen val\u00f3sz\u00edn\u0171&#8221;.<br \/>\nA brit p\u00e9nz\u00fcgyminiszt\u00e9rium ugyanakkor a h\u00e9tf\u0151i k\u00f6zlem\u00e9ny szerint ig\u00e9nyt tart arra, hogy f\u00fcggetlenn\u00e9 v\u00e1l\u00e1sa eset\u00e9n Sk\u00f3cia az addig kibocs\u00e1tott k\u00f6z\u00f6s \u00e1llamad\u00f3ss\u00e1g &#8222;igazs\u00e1gos \u00e9s ar\u00e1nyos&#8221; r\u00e9sz\u00e9\u00e9rt &#8222;felel\u0151ss\u00e9get v\u00e1llaljon&#8221;, vagyis bizonyos ad\u00f3ss\u00e1gr\u00e9szt fizessen ki Londonnak.<br \/>\nA szakt\u00e1rca szerint ha Sk\u00f3cia a f\u00fcggetlens\u00e9gre szavaz, akkor teljesen \u00faj szerz\u0151d\u00e9st kell k\u00f6tni a Egyes\u00fclt Kir\u00e1lys\u00e1g fennmarad\u00f3 r\u00e9sz\u00e9nek korm\u00e1nya \u00e9s a f\u00fcggetlen sk\u00f3t \u00e1llam k\u00f6z\u00f6tt az ad\u00f3ss\u00e1g\u00e1llom\u00e1ny megoszt\u00e1s\u00e1r\u00f3l, a Sk\u00f3ci\u00e1ra es\u0151 \u00e1llamad\u00f3ss\u00e1g-h\u00e1nyad visszafizet\u00e9s\u00e9nek felt\u00e9teleit pedig k\u00e9toldal\u00fa t\u00e1rgyal\u00e1sokon kell meghat\u00e1rozni.<br \/>\nA miniszt\u00e9rium kiindul\u00e1si alapk\u00e9nt k\u00f6z\u00f6lte azt is, hogy a legut\u00f3bbi teljes, 2012-2013-as p\u00e9nz\u00fcgyi \u00e9v v\u00e9g\u00e9n Nagy-Britannia brutt\u00f3 nomin\u00e1lis k\u00f6zad\u00f3ss\u00e1g-\u00e1llom\u00e1nya 1388 milli\u00e1rd font (500 ezer milli\u00e1rd forint) volt, ami a Sk\u00f3ci\u00e1val egy\u00fctt sz\u00e1molt brit hazai \u00f6sszterm\u00e9k (GDP) 87 sz\u00e1zal\u00e9k\u00e1t tette ki.<br \/>\nA City egyik legnagyobb p\u00e9nz\u00fcgyi-gazdas\u00e1gi elemz\u0151h\u00e1za, a Capital Economics szakelemz\u0151i a brit p\u00e9nz\u00fcgyminiszt\u00e9rium h\u00e9tf\u0151i k\u00f6zlem\u00e9nye ut\u00e1n \u00f6ssze\u00e1ll\u00edtott gyors\u00e9rt\u00e9kel\u00e9s\u00fckben kiemelt\u00e9k, hogy Sk\u00f3cia lakoss\u00e1ga a jelenlegi brit \u00f6sszlakoss\u00e1g 8 sz\u00e1zal\u00e9ka, \u00edgy ad\u00f3dik, hogy London a teljes brit k\u00f6zad\u00f3ss\u00e1g-\u00e1llom\u00e1ny ekkora h\u00e1nyad\u00e1nak visszafizet\u00e9s\u00e9t v\u00e1rhatja el. A h\u00e1z szerint azonban a k\u00e9rd\u00e9st bonyol\u00edtja annak bizonytalans\u00e1ga is, hogy Sk\u00f3cia megtarthatja-e a fontot fizet\u0151eszk\u00f6zk\u00e9nt elszakad\u00e1sa eset\u00e9n.<br \/>\nA brit korm\u00e1ny m\u00e1ris egy\u00e9rtelm\u0171v\u00e9 tette, hogy ha Sk\u00f3cia f\u00fcggetlenn\u00e9 v\u00e1lik, nem alak\u00edthatna automatikusan valutauni\u00f3t az Egyes\u00fclt Kir\u00e1lys\u00e1ggal. George Osborne brit p\u00e9nz\u00fcgyminiszter nemr\u00e9giben &#8222;igen val\u00f3sz\u00edn\u0171tlennek&#8221; nevezte, hogy a f\u00fcggetlen Sk\u00f3cia haszn\u00e1lhatn\u00e1 a fontot nemzeti valutak\u00e9nt.(MTI)<\/p>\n","protected":false},"excerpt":{"rendered":"<p>A brit korm\u00e1ny marad\u00e9ktalanul eleget tesz az Egyes\u00fclt Kir\u00e1lys\u00e1g mint szuver\u00e9n ad\u00f3s nev\u00e9ben kibocs\u00e1tott \u00e1llampap\u00edrok t\u00f6rleszt\u00e9si k\u00f6telezetts\u00e9geinek abban az esetben is, ha Sk\u00f3cia szeptemberben a f\u00fcggetlens\u00e9gre szavaz, ebben az esetben azonban elv\u00e1rja a k\u00f6zad\u00f3ss\u00e1g-\u00e1llom\u00e1ny megoszt\u00e1s\u00e1t &#8211; k\u00f6z\u00f6lte h\u00e9tf\u0151n a brit p\u00e9nz\u00fcgyminiszt\u00e9rium.<\/p>\n","protected":false},"author":1,"featured_media":0,"comment_status":"open","ping_status":"closed","sticky":false,"template":"","format":"standard","meta":[],"categories":[12],"tags":[],"_links":{"self":[{"href":"https:\/\/gazdasagportal.hu\/index.php\/wp-json\/wp\/v2\/posts\/24970"}],"collection":[{"href":"https:\/\/gazdasagportal.hu\/index.php\/wp-json\/wp\/v2\/posts"}],"about":[{"href":"https:\/\/gazdasagportal.hu\/index.php\/wp-json\/wp\/v2\/types\/post"}],"author":[{"embeddable":true,"href":"https:\/\/gazdasagportal.hu\/index.php\/wp-json\/wp\/v2\/users\/1"}],"replies":[{"embeddable":true,"href":"https:\/\/gazdasagportal.hu\/index.php\/wp-json\/wp\/v2\/comments?post=24970"}],"version-history":[{"count":1,"href":"https:\/\/gazdasagportal.hu\/index.php\/wp-json\/wp\/v2\/posts\/24970\/revisions"}],"predecessor-version":[{"id":24971,"href":"https:\/\/gazdasagportal.hu\/index.php\/wp-json\/wp\/v2\/posts\/24970\/revisions\/24971"}],"wp:attachment":[{"href":"https:\/\/gazdasagportal.hu\/index.php\/wp-json\/wp\/v2\/media?parent=24970"}],"wp:term":[{"taxonomy":"category","embeddable":true,"href":"https:\/\/gazdasagportal.hu\/index.php\/wp-json\/wp\/v2\/categories?post=24970"},{"taxonomy":"post_tag","embeddable":true,"href":"https:\/\/gazdasagportal.hu\/index.php\/wp-json\/wp\/v2\/tags?post=24970"}],"curies":[{"name":"wp","href":"https:\/\/api.w.org\/{rel}","templated":true}]}}