{"id":24958,"date":"2014-01-13T16:50:52","date_gmt":"2014-01-13T15:50:52","guid":{"rendered":"http:\/\/stockportal.hu\/?p=24958"},"modified":"2014-01-13T16:50:52","modified_gmt":"2014-01-13T15:50:52","slug":"londoni-elemzok-kozep-europa-egyelore-reformok-nelkul-is-novekedhet","status":"publish","type":"post","link":"https:\/\/gazdasagportal.hu\/index.php\/londoni-elemzok-kozep-europa-egyelore-reformok-nelkul-is-novekedhet\/","title":{"rendered":"Londoni elemz\u0151k: K\u00f6z\u00e9p-Eur\u00f3pa egyel\u0151re reformok n\u00e9lk\u00fcl is n\u00f6vekedhet"},"content":{"rendered":"<p><strong>K\u00f6z\u00e9p- \u00e9s Kelet-Eur\u00f3pa legt\u00f6bb gazdas\u00e1g\u00e1ban olyan m\u00e9rt\u00e9k\u0171 kapacit\u00e1sfelesleg halmoz\u00f3dott fel az ut\u00f3bbi \u00e9vek recesszi\u00f3s id\u0151szakaiban, hogy e gazdas\u00e1gok \u00e9rdemi szerkezeti reformok n\u00e9lk\u00fcl is k\u00e9pesek tisztes \u00fctem\u0171 n\u00f6veked\u00e9sre, de ez a helyzet nem tarthat \u00f6r\u00f6kk\u00e9 &#8211; v\u00e9lekedtek h\u00e9tf\u0151i \u00e9rt\u00e9kel\u00e9s\u00fckben londoni p\u00e9nz\u00fcgyi elemz\u0151k.<!--more--><\/strong><\/p>\n<p>A City egyik legnagyobb p\u00e9nz\u00fcgyi-gazdas\u00e1gi elemz\u0151h\u00e1za, a Capital Economics az eur\u00f3pai felz\u00e1rk\u00f3z\u00f3 gazdas\u00e1gok r\u00f6vid- \u00e9s k\u00f6z\u00e9pt\u00e1v\u00fa kil\u00e1t\u00e1sair\u00f3l \u00f6ssze\u00e1ll\u00edtott \u00e1tfog\u00f3 el\u0151rejelz\u00e9s\u00e9ben kimutatta, hogy az \u00e1ltala vizsg\u00e1lt t\u00e9rs\u00e9gben csak a lett \u00e9s az \u00e9szt gazdas\u00e1g n\u00f6vekszik potenci\u00e1lis r\u00e1t\u00e1ja felett, a r\u00e9gi\u00f3 \u00f6sszes t\u00f6bbi gazdas\u00e1g\u00e1ban sz\u00e9les negat\u00edv kibocs\u00e1t\u00e1si r\u00e9s \u00e9rv\u00e9nyes\u00fcl. A h\u00e1z grafikus kimutat\u00e1sa szerint e r\u00e9s a t\u00e9rs\u00e9gen bel\u00fcl Magyarorsz\u00e1gon a legsz\u00e9lesebb, a potenci\u00e1lis GDP-hez m\u00e9rve m\u00ednusz 3,5 sz\u00e1zal\u00e9k k\u00f6r\u00fcli.(MTI)<\/p>\n","protected":false},"excerpt":{"rendered":"<p>K\u00f6z\u00e9p- \u00e9s Kelet-Eur\u00f3pa legt\u00f6bb gazdas\u00e1g\u00e1ban olyan m\u00e9rt\u00e9k\u0171 kapacit\u00e1sfelesleg halmoz\u00f3dott fel az ut\u00f3bbi \u00e9vek recesszi\u00f3s id\u0151szakaiban, hogy e gazdas\u00e1gok \u00e9rdemi szerkezeti reformok n\u00e9lk\u00fcl is k\u00e9pesek tisztes \u00fctem\u0171 n\u00f6veked\u00e9sre, de ez a helyzet nem tarthat \u00f6r\u00f6kk\u00e9 &#8211; v\u00e9lekedtek h\u00e9tf\u0151i \u00e9rt\u00e9kel\u00e9s\u00fckben londoni p\u00e9nz\u00fcgyi elemz\u0151k.<\/p>\n","protected":false},"author":1,"featured_media":0,"comment_status":"open","ping_status":"closed","sticky":false,"template":"","format":"standard","meta":[],"categories":[19],"tags":[],"_links":{"self":[{"href":"https:\/\/gazdasagportal.hu\/index.php\/wp-json\/wp\/v2\/posts\/24958"}],"collection":[{"href":"https:\/\/gazdasagportal.hu\/index.php\/wp-json\/wp\/v2\/posts"}],"about":[{"href":"https:\/\/gazdasagportal.hu\/index.php\/wp-json\/wp\/v2\/types\/post"}],"author":[{"embeddable":true,"href":"https:\/\/gazdasagportal.hu\/index.php\/wp-json\/wp\/v2\/users\/1"}],"replies":[{"embeddable":true,"href":"https:\/\/gazdasagportal.hu\/index.php\/wp-json\/wp\/v2\/comments?post=24958"}],"version-history":[{"count":1,"href":"https:\/\/gazdasagportal.hu\/index.php\/wp-json\/wp\/v2\/posts\/24958\/revisions"}],"predecessor-version":[{"id":24959,"href":"https:\/\/gazdasagportal.hu\/index.php\/wp-json\/wp\/v2\/posts\/24958\/revisions\/24959"}],"wp:attachment":[{"href":"https:\/\/gazdasagportal.hu\/index.php\/wp-json\/wp\/v2\/media?parent=24958"}],"wp:term":[{"taxonomy":"category","embeddable":true,"href":"https:\/\/gazdasagportal.hu\/index.php\/wp-json\/wp\/v2\/categories?post=24958"},{"taxonomy":"post_tag","embeddable":true,"href":"https:\/\/gazdasagportal.hu\/index.php\/wp-json\/wp\/v2\/tags?post=24958"}],"curies":[{"name":"wp","href":"https:\/\/api.w.org\/{rel}","templated":true}]}}