{"id":24936,"date":"2014-01-13T12:55:47","date_gmt":"2014-01-13T11:55:47","guid":{"rendered":"http:\/\/stockportal.hu\/?p=24936"},"modified":"2014-01-13T12:36:45","modified_gmt":"2014-01-13T11:36:45","slug":"az-mszp-s-braun-robert-reszvenyeskent-koveteli-a-tv2-eladasanak-leallitasat","status":"publish","type":"post","link":"https:\/\/gazdasagportal.hu\/index.php\/az-mszp-s-braun-robert-reszvenyeskent-koveteli-a-tv2-eladasanak-leallitasat\/","title":{"rendered":"Az MSZP-s Braun R\u00f3bert r\u00e9szv\u00e9nyesk\u00e9nt k\u00f6veteli a TV2 elad\u00e1s\u00e1nak le\u00e1ll\u00edt\u00e1s\u00e1t"},"content":{"rendered":"<p><strong>Braun R\u00f3bert szocialista politikus imm\u00e1ron r\u00e9szv\u00e9nyesk\u00e9nt k\u00f6veteli, hogy a n\u00e9met ProSiebenSat.1-csoport \u00e1lljon el a TV2 elad\u00e1s\u00e1t\u00f3l.<!--more--><\/strong><\/p>\n<p>Az MSZP-s k\u00e9pvisel\u0151jel\u00f6lt h\u00e9tf\u0151i sajt\u00f3t\u00e1j\u00e9koztat\u00f3j\u00e1n elmondta, a napokban az\u00e9rt v\u00e1s\u00e1rolta meg a n\u00e9met m\u00e9diav\u00e1llalat egy r\u00e9szv\u00e9ny\u00e9t, hogy a t\u00f6bbi r\u00e9szv\u00e9nyest t\u00e1j\u00e9koztathassa: &#8222;a menedzsment seg\u00e9dkezet ny\u00fajtott egy aljas \u00e9s korrupt \u00fczlethez&#8221;.<br \/>\nAzt is k\u00f6z\u00f6lte, ha a ProSiebenSat.1 egy h\u00e9ten bel\u00fcl nem \u00e1ll el a TV2 \u00e9rt\u00e9kes\u00edt\u00e9s\u00e9t\u0151l &#8211; amely elad\u00f3i hitellel t\u00f6rt\u00e9nt, azaz az \u00faj tulajdonosok, Simon Zsolt vez\u00e9rigazgat\u00f3 \u00e9s Yvonne Dederick gazdas\u00e1gi igazgat\u00f3 egyel\u0151re nem fizette ki a v\u00e9tel\u00e1rat -, az Eur\u00f3pai Bizotts\u00e1ghoz \u00e9s az amerikai igazs\u00e1g\u00fcgyi miniszt\u00e9rium megfelel\u0151 szerv\u00e9hez fordul (a ProSiebenSat.1 egyik tulajdonosa egy amerikai p\u00e9nz\u00fcgyi befektet\u0151). Gyan\u00faja szerint ugyanis a vev\u0151k arra k\u00e9sz\u00fclnek, hogy a Fidesz v\u00e1laszt\u00e1si gy\u0151zelme ut\u00e1n a TV2-h\u00f6z \u00e9rkez\u0151 \u00e1llami hirdet\u00e9sekb\u0151l fizetik ki a v\u00e9tel\u00e1rat.(MTI)<\/p>\n","protected":false},"excerpt":{"rendered":"<p>Braun R\u00f3bert szocialista politikus imm\u00e1ron r\u00e9szv\u00e9nyesk\u00e9nt k\u00f6veteli, hogy a n\u00e9met ProSiebenSat.1-csoport \u00e1lljon el a TV2 elad\u00e1s\u00e1t\u00f3l.<\/p>\n","protected":false},"author":1,"featured_media":0,"comment_status":"open","ping_status":"closed","sticky":false,"template":"","format":"standard","meta":[],"categories":[18],"tags":[],"_links":{"self":[{"href":"https:\/\/gazdasagportal.hu\/index.php\/wp-json\/wp\/v2\/posts\/24936"}],"collection":[{"href":"https:\/\/gazdasagportal.hu\/index.php\/wp-json\/wp\/v2\/posts"}],"about":[{"href":"https:\/\/gazdasagportal.hu\/index.php\/wp-json\/wp\/v2\/types\/post"}],"author":[{"embeddable":true,"href":"https:\/\/gazdasagportal.hu\/index.php\/wp-json\/wp\/v2\/users\/1"}],"replies":[{"embeddable":true,"href":"https:\/\/gazdasagportal.hu\/index.php\/wp-json\/wp\/v2\/comments?post=24936"}],"version-history":[{"count":1,"href":"https:\/\/gazdasagportal.hu\/index.php\/wp-json\/wp\/v2\/posts\/24936\/revisions"}],"predecessor-version":[{"id":24937,"href":"https:\/\/gazdasagportal.hu\/index.php\/wp-json\/wp\/v2\/posts\/24936\/revisions\/24937"}],"wp:attachment":[{"href":"https:\/\/gazdasagportal.hu\/index.php\/wp-json\/wp\/v2\/media?parent=24936"}],"wp:term":[{"taxonomy":"category","embeddable":true,"href":"https:\/\/gazdasagportal.hu\/index.php\/wp-json\/wp\/v2\/categories?post=24936"},{"taxonomy":"post_tag","embeddable":true,"href":"https:\/\/gazdasagportal.hu\/index.php\/wp-json\/wp\/v2\/tags?post=24936"}],"curies":[{"name":"wp","href":"https:\/\/api.w.org\/{rel}","templated":true}]}}