{"id":24625,"date":"2014-01-09T06:48:47","date_gmt":"2014-01-09T05:48:47","guid":{"rendered":"http:\/\/stockportal.hu\/?p=24625"},"modified":"2014-01-08T21:09:40","modified_gmt":"2014-01-08T20:09:40","slug":"sziria-nemet-kulugyminiszter-irant-is-meg-kell-hivni-a-bekekonferenciara","status":"publish","type":"post","link":"https:\/\/gazdasagportal.hu\/index.php\/sziria-nemet-kulugyminiszter-irant-is-meg-kell-hivni-a-bekekonferenciara\/","title":{"rendered":"Sz\u00edria &#8211; N\u00e9met k\u00fcl\u00fcgyminiszter: Ir\u00e1nt is meg kell h\u00edvni a b\u00e9kekonferenci\u00e1ra"},"content":{"rendered":"<p><strong>A n\u00e9met k\u00fcl\u00fcgyminiszter szerint Ir\u00e1nt is meg kell h\u00edvni a sz\u00edriai polg\u00e1rh\u00e1bor\u00fa lez\u00e1r\u00e1s\u00e1t c\u00e9lz\u00f3 janu\u00e1r 22-ei sv\u00e1jci konferenci\u00e1ra.<!--more--><\/strong><\/p>\n<p>Frank-Walter Steinmeier szerd\u00e1n Berlinben Carl Bildt sv\u00e9d k\u00fcl\u00fcgyminiszterrel folytatott megbesz\u00e9l\u00e9se ut\u00e1n sajt\u00f3t\u00e1j\u00e9koztat\u00f3n azt mondta, hogy a Sz\u00edri\u00e1val szomsz\u00e9dos valamennyi \u00e1llamot be kell vonni a csaknem h\u00e1rom \u00e9ve tart\u00f3 v\u00e1ls\u00e1g rendez\u00e9s\u00e9be, \u00e9s a szomsz\u00e9dok mellett Ir\u00e1nt is meg kell h\u00edvni a Genf-2 nev\u0171 b\u00e9kekonferenci\u00e1ra.<br \/>\nA b\u00e9kefolyamat el\u0151mozd\u00edt\u00e1s\u00e1n dolgoz\u00f3 t\u00f6bbi orsz\u00e1g m\u00e9g csak m\u00e9rlegeli, hogy kell-e helyet biztos\u00edtani a t\u00e1rgyal\u00f3asztaln\u00e1l a teher\u00e1ni vezet\u00e9snek, \u00edgy egyel\u0151re Washington sem hozott d\u00f6nt\u00e9st az \u00fcgyben &#8211; tette hozz\u00e1 a n\u00e9met diplom\u00e1cia vezet\u0151je.<br \/>\nHangs\u00falyozta, hogy a sz\u00edriai ellenz\u00e9ki csoportoknak mindenk\u00e9ppen r\u00e9szt kell venni\u00fck a konferecni\u00e1n.<br \/>\nIr\u00e1n nem szerepel a f\u00f3rumra megh\u00edvand\u00f3 felek eredeti, 26-os list\u00e1j\u00e1n. Ennek \u00f6sszet\u00e9tel\u00e9r\u0151l decemberben d\u00f6nt\u00f6tt az Egyes\u00fclt \u00c1llamok, Oroszorsz\u00e1g \u00e9s az ENSZ.<br \/>\nAz amerikai \u00e9s az orosz k\u00fcl\u00fcgyminiszter janu\u00e1r 13-\u00e1n tal\u00e1lkozik majd, hogy megvitass\u00e1k Ir\u00e1n r\u00e9szv\u00e9tel\u00e9nek lehet\u0151s\u00e9g\u00e9t.<br \/>\nA Genfi-t\u00f3 partj\u00e1n fekv\u0151 Montreux-be szervezett, Genf-2 n\u00e9ven emlegetett konferencia el\u0151k\u00e9sz\u00edt\u00e9se azonban m\u00e1r vas\u00e1rnap folytat\u00f3dik a Sz\u00edria bar\u00e1tai nev\u0171 orsz\u00e1gcsoport &#8211; k\u00f6zt\u00fck N\u00e9metorsz\u00e1g &#8211; k\u00fcl\u00fcgyminisztereinek p\u00e1rizsi tal\u00e1lkoz\u00f3j\u00e1n, amelyre megh\u00edvt\u00e1k a m\u00e9rs\u00e9kelt ellenz\u00e9ki Sz\u00edriai Nemzeti Koal\u00edci\u00f3 (SZNK) vezet\u0151it is.<br \/>\nAz SZNK\u00a0\u00a0egyel\u0151re nem d\u00f6nt\u00f6tt arr\u00f3l, hogy r\u00e9szt vesz-e a Genf-2 konferenci\u00e1n, mert tagszervezetei k\u00f6z\u00f6tt nincs egyet\u00e9rt\u00e9s az \u00fcgyben, \u00e9s ez\u00e9rt elhalasztott\u00e1k az eredetileg keddre tervezett szavaz\u00e1st.<br \/>\nA sz\u00edriai politikai \u00e1tmenet elveir\u0151l a 2012 j\u00fanius\u00e1ban megtartott els\u0151 genfi konferenci\u00e1n \u00e1llapodtak meg. A r\u00e9szvev\u0151k k\u00f6z\u00f6tt az\u00f3ta is vita folyik a Genf-1 n\u00e9ven emlegetett megegyez\u00e9s \u00e9rtelmez\u00e9s\u00e9r\u0151l.<br \/>\nA 2011 m\u00e1rcius\u00e1ban korm\u00e1nyellenes felkel\u00e9ssel elkezd\u0151d\u00f6tt sz\u00edriai polg\u00e1rh\u00e1bor\u00faban t\u00f6bb mint 100 ezren vesztett\u00e9k \u00e9let\u00fcket, a konfliktus miatt t\u00f6bb milli\u00f3an k\u00e9nyszer\u00fcltek menek\u00fcl\u00e9sre.(MTI)<\/p>\n","protected":false},"excerpt":{"rendered":"<p>A n\u00e9met k\u00fcl\u00fcgyminiszter szerint Ir\u00e1nt is meg kell h\u00edvni a sz\u00edriai polg\u00e1rh\u00e1bor\u00fa lez\u00e1r\u00e1s\u00e1t c\u00e9lz\u00f3 janu\u00e1r 22-ei sv\u00e1jci konferenci\u00e1ra.<\/p>\n","protected":false},"author":1,"featured_media":0,"comment_status":"open","ping_status":"closed","sticky":false,"template":"","format":"standard","meta":[],"categories":[16],"tags":[],"_links":{"self":[{"href":"https:\/\/gazdasagportal.hu\/index.php\/wp-json\/wp\/v2\/posts\/24625"}],"collection":[{"href":"https:\/\/gazdasagportal.hu\/index.php\/wp-json\/wp\/v2\/posts"}],"about":[{"href":"https:\/\/gazdasagportal.hu\/index.php\/wp-json\/wp\/v2\/types\/post"}],"author":[{"embeddable":true,"href":"https:\/\/gazdasagportal.hu\/index.php\/wp-json\/wp\/v2\/users\/1"}],"replies":[{"embeddable":true,"href":"https:\/\/gazdasagportal.hu\/index.php\/wp-json\/wp\/v2\/comments?post=24625"}],"version-history":[{"count":1,"href":"https:\/\/gazdasagportal.hu\/index.php\/wp-json\/wp\/v2\/posts\/24625\/revisions"}],"predecessor-version":[{"id":24626,"href":"https:\/\/gazdasagportal.hu\/index.php\/wp-json\/wp\/v2\/posts\/24625\/revisions\/24626"}],"wp:attachment":[{"href":"https:\/\/gazdasagportal.hu\/index.php\/wp-json\/wp\/v2\/media?parent=24625"}],"wp:term":[{"taxonomy":"category","embeddable":true,"href":"https:\/\/gazdasagportal.hu\/index.php\/wp-json\/wp\/v2\/categories?post=24625"},{"taxonomy":"post_tag","embeddable":true,"href":"https:\/\/gazdasagportal.hu\/index.php\/wp-json\/wp\/v2\/tags?post=24625"}],"curies":[{"name":"wp","href":"https:\/\/api.w.org\/{rel}","templated":true}]}}