{"id":24621,"date":"2014-01-08T21:06:29","date_gmt":"2014-01-08T20:06:29","guid":{"rendered":"http:\/\/stockportal.hu\/?p=24621"},"modified":"2014-01-08T21:06:29","modified_gmt":"2014-01-08T20:06:29","slug":"obama-washingtonba-invitalta-merkelt","status":"publish","type":"post","link":"https:\/\/gazdasagportal.hu\/index.php\/obama-washingtonba-invitalta-merkelt\/","title":{"rendered":"Obama Washingtonba invit\u00e1lta Merkelt"},"content":{"rendered":"<p><strong>Barack Obama amerikai eln\u00f6k washingtoni l\u00e1togat\u00e1sra h\u00edvta meg Angela Merkel n\u00e9met kancell\u00e1rt &#8211; k\u00f6z\u00f6lte szerd\u00e1n a Feh\u00e9r H\u00e1z.<!--more--><\/strong><\/p>\n<p>A gesztussal az eln\u00f6k a jelek szerint enyh\u00edteni k\u00edv\u00e1nja a Washington \u00e9s Berlin k\u00f6z\u00f6tti fesz\u00fclts\u00e9get, amely amiatt alakult ki, hogy kider\u00fclt: az amerikai Nemzetbiztons\u00e1gi \u00dcgyn\u00f6ks\u00e9g (NSA) lehallgatta a kancell\u00e1r mobiltelefonj\u00e1t.<br \/>\nA k\u00e9t vezet\u0151 telefonbesz\u00e9lget\u00e9se sor\u00e1n Obama gratul\u00e1lt Merkelnek az \u00faj n\u00e9met korm\u00e1ny megalak\u00edt\u00e1shoz, \u00e9s gyors fel\u00e9p\u00fcl\u00e9st k\u00edv\u00e1nt neki a Sv\u00e1jcban elszenvedett s\u00edbaleset\u00e9b\u0151l.<br \/>\nAz eln\u00f6k \u00e9s a kancell\u00e1r a Feh\u00e9r H\u00e1z k\u00f6zlem\u00e9nye szerint sz\u00f3t ejtett a 2014-es \u00e9v teend\u0151ir\u0151l, bele\u00e9rtve az Egyes\u00fclt \u00c1llamok \u00e9s az EU k\u00f6z\u00f6tt foly\u00f3 szabadkereskedelmi t\u00e1rgyal\u00e1sokat \u00e9s a szeptemberi d\u00e9l-walesi NATO-cs\u00facsot is.(MTI)<\/p>\n","protected":false},"excerpt":{"rendered":"<p>Barack Obama amerikai eln\u00f6k washingtoni l\u00e1togat\u00e1sra h\u00edvta meg Angela Merkel n\u00e9met kancell\u00e1rt &#8211; k\u00f6z\u00f6lte szerd\u00e1n a Feh\u00e9r H\u00e1z.<\/p>\n","protected":false},"author":1,"featured_media":0,"comment_status":"open","ping_status":"closed","sticky":false,"template":"","format":"standard","meta":[],"categories":[13],"tags":[],"_links":{"self":[{"href":"https:\/\/gazdasagportal.hu\/index.php\/wp-json\/wp\/v2\/posts\/24621"}],"collection":[{"href":"https:\/\/gazdasagportal.hu\/index.php\/wp-json\/wp\/v2\/posts"}],"about":[{"href":"https:\/\/gazdasagportal.hu\/index.php\/wp-json\/wp\/v2\/types\/post"}],"author":[{"embeddable":true,"href":"https:\/\/gazdasagportal.hu\/index.php\/wp-json\/wp\/v2\/users\/1"}],"replies":[{"embeddable":true,"href":"https:\/\/gazdasagportal.hu\/index.php\/wp-json\/wp\/v2\/comments?post=24621"}],"version-history":[{"count":1,"href":"https:\/\/gazdasagportal.hu\/index.php\/wp-json\/wp\/v2\/posts\/24621\/revisions"}],"predecessor-version":[{"id":24622,"href":"https:\/\/gazdasagportal.hu\/index.php\/wp-json\/wp\/v2\/posts\/24621\/revisions\/24622"}],"wp:attachment":[{"href":"https:\/\/gazdasagportal.hu\/index.php\/wp-json\/wp\/v2\/media?parent=24621"}],"wp:term":[{"taxonomy":"category","embeddable":true,"href":"https:\/\/gazdasagportal.hu\/index.php\/wp-json\/wp\/v2\/categories?post=24621"},{"taxonomy":"post_tag","embeddable":true,"href":"https:\/\/gazdasagportal.hu\/index.php\/wp-json\/wp\/v2\/tags?post=24621"}],"curies":[{"name":"wp","href":"https:\/\/api.w.org\/{rel}","templated":true}]}}