{"id":24608,"date":"2014-01-08T16:09:38","date_gmt":"2014-01-08T15:09:38","guid":{"rendered":"http:\/\/stockportal.hu\/?p=24608"},"modified":"2014-01-08T15:00:37","modified_gmt":"2014-01-08T14:00:37","slug":"a-vodafone-allami-mobilszolgaltatasi-tendert-nyert-el","status":"publish","type":"post","link":"https:\/\/gazdasagportal.hu\/index.php\/a-vodafone-allami-mobilszolgaltatasi-tendert-nyert-el\/","title":{"rendered":"A Vodafone \u00e1llami mobilszolg\u00e1ltat\u00e1si tendert nyert el"},"content":{"rendered":"<p><strong>\u00c1llami int\u00e9zm\u00e9nyek sz\u00e1m\u00e1ra ny\u00fajthat mobil t\u00e1vk\u00f6zl\u00e9si szolg\u00e1ltat\u00e1st a Vodafone 2014-15-ben, a t\u00e1rsas\u00e1g k\u00f6zbeszerz\u00e9sen nyerte el a megb\u00edz\u00e1st &#8211; k\u00f6z\u00f6lte a t\u00e1rsas\u00e1g szerd\u00e1n az MTI-vel.<!--more--><\/strong><\/p>\n<p>A nett\u00f3 4,5 milli\u00e1rd forint \u00e9rt\u00e9k\u0171 keretszerz\u0151d\u00e9s t\u00f6bb t\u00edzezer el\u0151fizet\u00e9sre, t\u00f6bb sz\u00e1z int\u00e9zm\u00e9nyre terjed ki, bele\u00e9rtve a miniszt\u00e9riumokat, korm\u00e1nyhivatalokat, a rend- \u00e9s k\u00f6zv\u00e9delmi szerveket &#8211; p\u00e9ld\u00e1ul Orsz\u00e1gos Rend\u0151r-f\u0151kapit\u00e1nys\u00e1g, Orsz\u00e1gos Katasztr\u00f3fav\u00e9delmi F\u0151igazgat\u00f3s\u00e1g -, vagy hat\u00f3s\u00e1gokat &#8211; mint a Nemzeti Ad\u00f3- \u00e9s V\u00e1mhivatal, a Gazdas\u00e1gi Versenyhivatal -, illetve t\u00f6bbek k\u00f6z\u00f6tt olyan int\u00e9zm\u00e9nyeket \u00e9rint, mint p\u00e9ld\u00e1ul az Orsz\u00e1gos Ment\u0151szolg\u00e1lat.<br \/>\nA k\u00f6zlem\u00e9ny szerint a Vodafone Magyarorsz\u00e1g kiemelked\u0151en kedvezm\u00e9nyes h\u00edv\u00e1s- \u00e9s SMS, valamint adatcsomagjaival j\u00e1rul hozz\u00e1 az int\u00e9zm\u00e9nyi szektor t\u00e1vk\u00f6zl\u00e9si k\u00f6lts\u00e9geinek optimaliz\u00e1l\u00e1s\u00e1hoz. Az int\u00e9zm\u00e9nyek 2014. janu\u00e1r 2-t\u00f3l kezdhett\u00e9k meg a szerz\u0151d\u00e9sk\u00f6t\u00e9st a szolg\u00e1ltat\u00f3val.<br \/>\nA k\u00f6zlem\u00e9ny id\u00e9zi Diego Massidd\u00e1t, a Vodafone Magyarorsz\u00e1g vez\u00e9rigazgat\u00f3j\u00e1t, aki szerint a Vodafone jelent\u0151s t\u00e9rnyer\u00e9se az \u00e1llami, int\u00e9zm\u00e9nyi szektorban a t\u00e1rsas\u00e1g &#8222;szolg\u00e1ltat\u00e1si sz\u00ednvonal\u00e1nak, innovat\u00edv megold\u00e1sainak, kiv\u00e1l\u00f3 h\u00e1l\u00f3zat\u00e1nak \u00e9s biztons\u00e1gos technol\u00f3giai megold\u00e1sainak k\u00f6sz\u00f6nhet\u0151&#8221;. A vez\u00e9rigazgat\u00f3 hozz\u00e1f\u0171zte: &#8222;nem v\u00e9letlen, hogy az elektronikus adatszolg\u00e1ltat\u00e1sra alkalmas \u00e9s m\u00e1r \u00fczembe helyezett p\u00e9nzt\u00e1rg\u00e9pek t\u00f6bb mint 90 sz\u00e1zal\u00e9k\u00e1ban is Vodafone SIM-k\u00e1rtya tal\u00e1lhat\u00f3&#8221;.<br \/>\nA K\u00f6zbeszerz\u00e9si \u00e9s Ell\u00e1t\u00e1si F\u0151igazgat\u00f3s\u00e1g \u00e1ltal ki\u00edrt tenderre a Vodafone mellett a Magyar Telekom \u00e9s a Telenor is p\u00e1ly\u00e1zott. A tender gy\u0151ztese a Vodafone, az eredm\u00e9nyhirdet\u00e9s szerint a m\u00e1sodik helyezett a Telekom, harmadik pedig a Telenor lett. Ut\u00f3bbi k\u00e9t mobilszolg\u00e1ltat\u00f3val akkor szerz\u0151dhetnek az egyes int\u00e9zm\u00e9nyek, ha valamilyen technol\u00f3giai okb\u00f3l sz\u00e1mukra a Vodafone nem tudja biztos\u00edtani a k\u00e9rt szolg\u00e1ltat\u00e1st.<br \/>\nAz el\u0151z\u0151 hasonl\u00f3 tender els\u0151 helyezettje a Telenor volt, a 14 h\u00f3napra sz\u00f3l\u00f3 megb\u00edz\u00e1s keret\u00f6sszege 1,5 milli\u00e1rd forint volt.(MTI)<\/p>\n","protected":false},"excerpt":{"rendered":"<p>\u00c1llami int\u00e9zm\u00e9nyek sz\u00e1m\u00e1ra ny\u00fajthat mobil t\u00e1vk\u00f6zl\u00e9si szolg\u00e1ltat\u00e1st a Vodafone 2014-15-ben, a t\u00e1rsas\u00e1g k\u00f6zbeszerz\u00e9sen nyerte el a megb\u00edz\u00e1st &#8211; k\u00f6z\u00f6lte a t\u00e1rsas\u00e1g szerd\u00e1n az MTI-vel.<\/p>\n","protected":false},"author":1,"featured_media":0,"comment_status":"open","ping_status":"closed","sticky":false,"template":"","format":"standard","meta":[],"categories":[49],"tags":[],"_links":{"self":[{"href":"https:\/\/gazdasagportal.hu\/index.php\/wp-json\/wp\/v2\/posts\/24608"}],"collection":[{"href":"https:\/\/gazdasagportal.hu\/index.php\/wp-json\/wp\/v2\/posts"}],"about":[{"href":"https:\/\/gazdasagportal.hu\/index.php\/wp-json\/wp\/v2\/types\/post"}],"author":[{"embeddable":true,"href":"https:\/\/gazdasagportal.hu\/index.php\/wp-json\/wp\/v2\/users\/1"}],"replies":[{"embeddable":true,"href":"https:\/\/gazdasagportal.hu\/index.php\/wp-json\/wp\/v2\/comments?post=24608"}],"version-history":[{"count":1,"href":"https:\/\/gazdasagportal.hu\/index.php\/wp-json\/wp\/v2\/posts\/24608\/revisions"}],"predecessor-version":[{"id":24609,"href":"https:\/\/gazdasagportal.hu\/index.php\/wp-json\/wp\/v2\/posts\/24608\/revisions\/24609"}],"wp:attachment":[{"href":"https:\/\/gazdasagportal.hu\/index.php\/wp-json\/wp\/v2\/media?parent=24608"}],"wp:term":[{"taxonomy":"category","embeddable":true,"href":"https:\/\/gazdasagportal.hu\/index.php\/wp-json\/wp\/v2\/categories?post=24608"},{"taxonomy":"post_tag","embeddable":true,"href":"https:\/\/gazdasagportal.hu\/index.php\/wp-json\/wp\/v2\/tags?post=24608"}],"curies":[{"name":"wp","href":"https:\/\/api.w.org\/{rel}","templated":true}]}}