{"id":24606,"date":"2014-01-08T15:56:15","date_gmt":"2014-01-08T14:56:15","guid":{"rendered":"http:\/\/stockportal.hu\/?p=24606"},"modified":"2014-01-08T14:57:25","modified_gmt":"2014-01-08T13:57:25","slug":"ngm-a-kiskeresetuek-is-teljes-mertekben-igenybe-vehetik-a-csaladi-adokedvezmenyt","status":"publish","type":"post","link":"https:\/\/gazdasagportal.hu\/index.php\/ngm-a-kiskeresetuek-is-teljes-mertekben-igenybe-vehetik-a-csaladi-adokedvezmenyt\/","title":{"rendered":"NGM: a kiskereset\u0171ek is teljes m\u00e9rt\u00e9kben ig\u00e9nybe vehetik a csal\u00e1di ad\u00f3kedvezm\u00e9nyt"},"content":{"rendered":"<p>Ez \u00e9v janu\u00e1r 1-j\u00e9t\u0151l azok is ig\u00e9nybe vehetik a csal\u00e1di ad\u00f3kedvezm\u00e9nyt, akik eddig nem tudtak \u00e9lni a lehet\u0151s\u00e9ggel &#8211; h\u00edvja fel a figyelmet a Nemzetgazdas\u00e1gi Miniszt\u00e9rium (NGM) szerdai k\u00f6zlem\u00e9ny\u00e9ben. A kiskereset\u0171ek az eg\u00e9szs\u00e9gbiztos\u00edt\u00e1si \u00e9s nyugd\u00edjj\u00e1rul\u00e9kb\u00f3l is \u00e9rv\u00e9nyes\u00edthetik a csal\u00e1di kedvezm\u00e9nyt, m\u00e1r a janu\u00e1ri b\u00e9r kifizet\u00e9sekor is.<\/p>\n<p>Mint \u00edrj\u00e1k: a csal\u00e1di kedvezm\u00e9ny egy vagy k\u00e9t gyermek ut\u00e1n 10 ezer forint, a harmadik gyermekt\u0151l pedig gyermekenk\u00e9nt 33 ezer forint ad\u00f3megtakar\u00edt\u00e1st jelent. A sz\u00fcl\u0151k j\u00f6vedelemi viszonyai alapj\u00e1n azonban eddig el\u0151fordulhatott, hogy szem\u00e9lyi j\u00f6vedelemad\u00f3jukb\u00f3l nem tudt\u00e1k teljes eg\u00e9sz\u00e9ben ig\u00e9nybe venni a gyermekek ut\u00e1n j\u00e1r\u00f3 kedvezm\u00e9nyt. A j\u00e1rul\u00e9kkedvezm\u00e9ny bevezet\u00e9s\u00e9vel lehet\u0151s\u00e9g ny\u00edlik arra, hogy az ig\u00e9nybe nem vett csal\u00e1di kedvezm\u00e9ny \u00f6sszeg\u00e9t levonhass\u00e1k a j\u00e1rul\u00e9kaikb\u00f3l.<br \/>\nFelh\u00edvj\u00e1k a figyelmet arra, hogy a munk\u00e1ltat\u00f3 csak akkor veheti figyelembe a csal\u00e1di kedvezm\u00e9nyt \u00e9s j\u00e1rul\u00e9kkedvezm\u00e9nyt, ha a sz\u00fcl\u0151k a b\u00e9r kifizet\u00e9s\u00e9t megel\u0151z\u0151en ad\u00f3el\u0151leg-nyilatkozatot tesznek. \u00cdgy jelent\u0151sen emelkedhet a febru\u00e1rban k\u00e9zhez kapott janu\u00e1ri fizet\u00e9s &#8211; \u00e1ll a k\u00f6zlem\u00e9nyben.<br \/>\nA t\u00e1rca szerint ezt a nyilatkozatot c\u00e9lszer\u0171 min\u00e9l kor\u00e1bban, m\u00e1r janu\u00e1r els\u0151 fel\u00e9ben megtenni. Ha a sz\u00fcl\u0151 a janu\u00e1ri b\u00e9rsz\u00e1mfejt\u00e9si (nyilatkozat-\u00e1tad\u00e1si) hat\u00e1rid\u0151t lek\u00e9si, a munk\u00e1ltat\u00f3 a nyilatkozatot csak febru\u00e1ri h\u00f3napra tudja majd figyelembe venni, \u00e9s \u00edgy a csal\u00e1di kedvezm\u00e9ny, j\u00e1rul\u00e9kkedvezm\u00e9ny hat\u00e1sa a janu\u00e1ri nett\u00f3 b\u00e9rben nem jelentkezik. A kedvezm\u00e9nyt azonban a 2015-ben beny\u00fajtand\u00f3 szja-bevall\u00e1sban &#8211; ut\u00f3lag &#8211; is \u00e9rv\u00e9nyes\u00edteni lehet &#8211; olvashat\u00f3 a k\u00f6zlem\u00e9nyben.<br \/>\nA t\u00e1rca k\u00f6zlem\u00e9ny\u00e9ben felh\u00edvja a figyelmet arra is, hogy a nyilatkozatot mindk\u00e9t sz\u00fcl\u0151nek \u00e9s mindk\u00e9t sz\u00fcl\u0151 munk\u00e1ltat\u00f3j\u00e1nak al\u00e1 kell \u00edrnia. B\u00e1r az ad\u00f3el\u0151leg-nyilatkozat b\u00e1rmilyen \u00edr\u00e1sos form\u00e1ban megtehet\u0151, c\u00e9lszer\u0171 azt a Nemzeti Ad\u00f3- \u00e9s V\u00e1mhivatal mint\u00e1ja alapj\u00e1n elk\u00e9sz\u00edteni, mely az al\u00e1bbi linken \u00e9rhet\u0151 el:\u00a0<a title=\"Hely megnyit\u00e1sa\" href=\"http:\/\/www.nav.gov.hu\/nav\/ado\/szja\/adoeleoleg_nyilatkozatok.html\" target=\"_blank\" rel=\"noopener\">http:\/\/www.nav.gov.hu\/nav\/ado\/szja\/adoeleoleg_nyilatkozatok.html<\/a>.<\/p>\n<p>(MTI)<\/p><div id=\"gazda-2243378776\" class=\"gazda-tartalomban gazda-entity-placement\"><script async src=\"https:\/\/pagead2.googlesyndication.com\/pagead\/js\/adsbygoogle.js\"><\/script>\r\n<ins class=\"adsbygoogle\"\r\n     style=\"display:block\"\r\n     data-ad-format=\"fluid\"\r\n     data-ad-layout-key=\"-6t+ed+2i-1n-4w\"\r\n     data-ad-client=\"ca-pub-1959107119989764\"\r\n     data-ad-slot=\"4008251320\"><\/ins>\r\n<script>\r\n     (adsbygoogle = window.adsbygoogle || []).push({});\r\n<\/script><\/div>\n","protected":false},"excerpt":{"rendered":"<p>Ez \u00e9v janu\u00e1r 1-j\u00e9t\u0151l azok is ig\u00e9nybe vehetik a csal\u00e1di ad\u00f3kedvezm\u00e9nyt, akik eddig nem tudtak \u00e9lni a lehet\u0151s\u00e9ggel &#8211; h\u00edvja fel a figyelmet a Nemzetgazdas\u00e1gi Miniszt\u00e9rium (NGM) szerdai k\u00f6zlem\u00e9ny\u00e9ben. A kiskereset\u0171ek az eg\u00e9szs\u00e9gbiztos\u00edt\u00e1si \u00e9s nyugd\u00edjj\u00e1rul\u00e9kb\u00f3l is \u00e9rv\u00e9nyes\u00edthetik a csal\u00e1di kedvezm\u00e9nyt, m\u00e1r a janu\u00e1ri b\u00e9r kifizet\u00e9sekor is. Mint \u00edrj\u00e1k: a csal\u00e1di kedvezm\u00e9ny egy vagy k\u00e9t gyermek &#8230;<\/p>\n","protected":false},"author":1,"featured_media":0,"comment_status":"open","ping_status":"closed","sticky":false,"template":"","format":"standard","meta":[],"categories":[20],"tags":[],"_links":{"self":[{"href":"https:\/\/gazdasagportal.hu\/index.php\/wp-json\/wp\/v2\/posts\/24606"}],"collection":[{"href":"https:\/\/gazdasagportal.hu\/index.php\/wp-json\/wp\/v2\/posts"}],"about":[{"href":"https:\/\/gazdasagportal.hu\/index.php\/wp-json\/wp\/v2\/types\/post"}],"author":[{"embeddable":true,"href":"https:\/\/gazdasagportal.hu\/index.php\/wp-json\/wp\/v2\/users\/1"}],"replies":[{"embeddable":true,"href":"https:\/\/gazdasagportal.hu\/index.php\/wp-json\/wp\/v2\/comments?post=24606"}],"version-history":[{"count":1,"href":"https:\/\/gazdasagportal.hu\/index.php\/wp-json\/wp\/v2\/posts\/24606\/revisions"}],"predecessor-version":[{"id":24607,"href":"https:\/\/gazdasagportal.hu\/index.php\/wp-json\/wp\/v2\/posts\/24606\/revisions\/24607"}],"wp:attachment":[{"href":"https:\/\/gazdasagportal.hu\/index.php\/wp-json\/wp\/v2\/media?parent=24606"}],"wp:term":[{"taxonomy":"category","embeddable":true,"href":"https:\/\/gazdasagportal.hu\/index.php\/wp-json\/wp\/v2\/categories?post=24606"},{"taxonomy":"post_tag","embeddable":true,"href":"https:\/\/gazdasagportal.hu\/index.php\/wp-json\/wp\/v2\/tags?post=24606"}],"curies":[{"name":"wp","href":"https:\/\/api.w.org\/{rel}","templated":true}]}}