{"id":24539,"date":"2014-01-07T21:14:54","date_gmt":"2014-01-07T20:14:54","guid":{"rendered":"http:\/\/stockportal.hu\/?p=24539"},"modified":"2014-01-07T21:14:54","modified_gmt":"2014-01-07T20:14:54","slug":"osszeszolalkozott-eszak-korearol-dennis-rodman-a-cnn-musorvezetojevel","status":"publish","type":"post","link":"https:\/\/gazdasagportal.hu\/index.php\/osszeszolalkozott-eszak-korearol-dennis-rodman-a-cnn-musorvezetojevel\/","title":{"rendered":"\u00d6sszesz\u00f3lalkozott \u00c9szak-Kore\u00e1r\u00f3l Dennis Rodman a CNN m\u0171sorvezet\u0151j\u00e9vel"},"content":{"rendered":"<p><strong>\u00c9l\u0151 ad\u00e1sban sz\u00f3lalkozott \u00f6ssze \u00c9szak-Korea \u00fcgy\u00e9ben kedden Dennis Rodman, az NBA amerikai profi kos\u00e1rliga volt szt\u00e1rja Chris Cuom\u00f3val, a CNN m\u0171sorvezet\u0151j\u00e9vel.<!--more--><\/strong><\/p>\n<p>Rodman m\u00e1s volt NBA-j\u00e1t\u00e9kosok \u00e9s utcai kosarasok t\u00e1rsas\u00e1g\u00e1ban h\u00e9tf\u0151n \u00e9rkezett Phenjanba, hogy szerd\u00e1n &#8222;aj\u00e1nd\u00e9km\u00e9rk\u0151z\u00e9st&#8221; j\u00e1tsszon az \u00e9szak-koreai \u00f6regfi\u00fak-v\u00e1logatott ellen az orsz\u00e1g vezet\u0151je, Kim Dzsong Un (feltehet\u0151en) 31. sz\u00fclet\u00e9snapja alkalm\u00e1b\u00f3l.<br \/>\nDennis Rodman, aki a legismertebb azon amerikaiak k\u00f6z\u00fcl, akiket Kim k\u00f6zel\u00e9be engedtek, k\u00fcl\u00f6n\u00f6sen akkor j\u00f6tt indulatba, amikor Cuomo azt k\u00e9rdezte: megpr\u00f3b\u00e1lta-e latba vetni befoly\u00e1s\u00e1t az \u00c9szak-Kore\u00e1ban t\u00f6bb mint egy \u00e9ve fogva tartott Kenneth Bae szabadon bocs\u00e1t\u00e1s\u00e1nak \u00e9rdek\u00e9ben.<br \/>\nA jelent\u00e9sek szerint s\u00falyosan beteg amerikai kereszt\u00e9ny misszion\u00e1riust &#8222;\u00e1llamellenes b\u0171ncselekm\u00e9nyek&#8221; miatt tart\u00f3ztatt\u00e1k le 2012 november\u00e9ben, \u00e9s tavaly m\u00e1jusban 15 \u00e9vi k\u00e9nyszermunk\u00e1ra \u00edt\u00e9lt\u00e9k, \u00e1m az ellene felhozott konkr\u00e9t v\u00e1dak tov\u00e1bbra sem ismeretesek.<br \/>\n&#8222;A fr\u00e1szkarik\u00e1t \u00e9rdekel engem, hogy \u00f6n mi a f\u00e9szkes fen\u00e9t gondol&#8221; &#8211; mondta emelt hangon Rodman, aki \u00e9l\u0151 kapcsol\u00e1sban nyilatkozott az \u00e9szak-koreai f\u0151v\u00e1rosb\u00f3l.<br \/>\n&#8222;Egy nap ez az ajt\u00f3 meg fog majd ny\u00edlni, ami\u00e9rt ez a 10 fi\u00fa itt van&#8221; &#8211; tette hozz\u00e1 Rodman.<br \/>\nA F\u00e9reg becen\u00e9ven is emlegetett, 52 \u00e9ves volt szt\u00e1r indulatosan, ujjal a kamer\u00e1ba mutogatva visszak\u00e9rdezett, \u00e9s arr\u00f3l faggatta Cuom\u00f3t, van-e fogalma arr\u00f3l, hogy Bae mit csin\u00e1lt \u00c9szak-Kore\u00e1ban. Erre azonban \u0151 maga sem v\u00e1laszolt.<br \/>\nA sportol\u00f3 &#8222;\u00e9letre sz\u00f3l\u00f3 bar\u00e1tj\u00e1nak&#8221; nevezte Kim Dzsong Unt, \u00e9s \u00fagy v\u00e9lekedett, hogy l\u00e1togat\u00e1sa &#8222;nagyszer\u0171 \u00f6tlet a vil\u00e1g sz\u00e1m\u00e1ra&#8221;.<br \/>\nA k\u00f6r\u00fcl\u00f6tte \u00fcl\u0151 j\u00e1t\u00e9kosok az interj\u00fa sor\u00e1n l\u00e1that\u00f3an egyre k\u00e9nyelmetlenebb\u00fcl \u00e9rezt\u00e9k magukat. Charles D. Smith volt NBA-j\u00e1t\u00e9kos k\u00e9s\u0151bb kijelentette: m\u00e1r megb\u00e1nta, hogy Phenjanba utazott.<br \/>\nJay Carney, a Feh\u00e9r H\u00e1z sz\u00f3viv\u0151je hangs\u00falyozta, hogy Rodman mag\u00e1n\u00faton tart\u00f3zkodik \u00c9szak-Kore\u00e1ban, \u00e9s kifejezte Washington aggodalm\u00e1t Kenneth Bae eg\u00e9szs\u00e9gi \u00e1llapota miatt, \u00e9s \u00fajb\u00f3l amneszti\u00e1t s\u00fcrgetett a sz\u00e1m\u00e1ra. Az amerikai k\u00fcl\u00fcgyminiszt\u00e9rium is lesz\u00f6gezte, hogy semmi k\u00f6ze a kosarasok er\u0151sen vitatott vend\u00e9gj\u00e1t\u00e9k\u00e1hoz, \u00e9s ugyan\u00edgy tett az NBA is.<br \/>\nAz amerikai korm\u00e1ny kor\u00e1bban t\u00f6bbsz\u00f6r is elhat\u00e1rol\u00f3dott Dennis Rodman &#8222;kos\u00e1rlabda-diplom\u00e1ci\u00e1j\u00e1t\u00f3l&#8221;. A j\u00e1t\u00e9kos tavaly febru\u00e1r \u00f3ta negyedik alkalommal j\u00e1r Phenjanban, ahol t\u00f6bbsz\u00f6r tal\u00e1lkozott a kos\u00e1rbolondnak mondott Kimmel. Legut\u00f3bb decemberben, nem eg\u00e9szen egy h\u00e9ttel az \u00e9szak-koreai vezet\u0151 nagyb\u00e1tyj\u00e1nak, Csang Szong Tek t\u00e1bornoknak a kiv\u00e9gz\u00e9se ut\u00e1n bukkant fel ott, de &#8222;bar\u00e1tja&#8221; akkor nem fogadta.(MTI)<\/p>\n","protected":false},"excerpt":{"rendered":"<p>\u00c9l\u0151 ad\u00e1sban sz\u00f3lalkozott \u00f6ssze \u00c9szak-Korea \u00fcgy\u00e9ben kedden Dennis Rodman, az NBA amerikai profi kos\u00e1rliga volt szt\u00e1rja Chris Cuom\u00f3val, a CNN m\u0171sorvezet\u0151j\u00e9vel.<\/p>\n","protected":false},"author":1,"featured_media":0,"comment_status":"open","ping_status":"closed","sticky":false,"template":"","format":"standard","meta":[],"categories":[13],"tags":[],"_links":{"self":[{"href":"https:\/\/gazdasagportal.hu\/index.php\/wp-json\/wp\/v2\/posts\/24539"}],"collection":[{"href":"https:\/\/gazdasagportal.hu\/index.php\/wp-json\/wp\/v2\/posts"}],"about":[{"href":"https:\/\/gazdasagportal.hu\/index.php\/wp-json\/wp\/v2\/types\/post"}],"author":[{"embeddable":true,"href":"https:\/\/gazdasagportal.hu\/index.php\/wp-json\/wp\/v2\/users\/1"}],"replies":[{"embeddable":true,"href":"https:\/\/gazdasagportal.hu\/index.php\/wp-json\/wp\/v2\/comments?post=24539"}],"version-history":[{"count":2,"href":"https:\/\/gazdasagportal.hu\/index.php\/wp-json\/wp\/v2\/posts\/24539\/revisions"}],"predecessor-version":[{"id":24541,"href":"https:\/\/gazdasagportal.hu\/index.php\/wp-json\/wp\/v2\/posts\/24539\/revisions\/24541"}],"wp:attachment":[{"href":"https:\/\/gazdasagportal.hu\/index.php\/wp-json\/wp\/v2\/media?parent=24539"}],"wp:term":[{"taxonomy":"category","embeddable":true,"href":"https:\/\/gazdasagportal.hu\/index.php\/wp-json\/wp\/v2\/categories?post=24539"},{"taxonomy":"post_tag","embeddable":true,"href":"https:\/\/gazdasagportal.hu\/index.php\/wp-json\/wp\/v2\/tags?post=24539"}],"curies":[{"name":"wp","href":"https:\/\/api.w.org\/{rel}","templated":true}]}}