{"id":24492,"date":"2014-01-07T10:06:07","date_gmt":"2014-01-07T09:06:07","guid":{"rendered":"http:\/\/stockportal.hu\/?p=24492"},"modified":"2014-01-07T10:06:07","modified_gmt":"2014-01-07T09:06:07","slug":"neizer-anita-a-hvg-hu-foszerkesztoje","status":"publish","type":"post","link":"https:\/\/gazdasagportal.hu\/index.php\/neizer-anita-a-hvg-hu-foszerkesztoje\/","title":{"rendered":"Neizer Anita a hvg.hu f\u0151szerkeszt\u0151je"},"content":{"rendered":"<p><strong>Neizer Anita a hvg.hu f\u0151szerkeszt\u0151je &#8211; k\u00f6z\u00f6lt\u00e9k a h\u00edrport\u00e1l oldal\u00e1n kedden. A lapot eddig megb\u00edzott f\u0151szerkeszt\u0151k\u00e9nt ir\u00e1ny\u00edt\u00f3 32 \u00e9ves k\u00f6zgazd\u00e1sz Gavra G\u00e1bort v\u00e1ltja a poszton.<!--more--><\/strong><\/p>\n<p>A k\u00f6zlem\u00e9nyben azt \u00edrt\u00e1k, hogy a szerkeszt\u0151s\u00e9g egyet\u00e9rt\u00e9s\u00e9vel sz\u00fcletett a janu\u00e1r 1-jei kinevez\u00e9sr\u0151l sz\u00f3l\u00f3 d\u00f6nt\u00e9s. Neizer Anita 2011 j\u00faniusa \u00f3ta dolgozik f\u0151szerkeszt\u0151-helyettesk\u00e9nt a lapn\u00e1l, okt\u00f3ber k\u00f6zep\u00e9t\u0151l pedig megb\u00edzott f\u0151szerkeszt\u0151 volt.<br \/>\nK\u00f6z\u00f6lt\u00e9k: az \u00faj f\u0151szerkeszt\u0151 a folytonoss\u00e1got k\u00e9pviseli a port\u00e1l ir\u00e1nyvonala tekintet\u00e9ben, de egyben \u00faj lend\u00fcletet is szeretne vinni az imm\u00e1r t\u00f6bb mint 350 ezres napi l\u00e1togatotts\u00e1g\u00fa h\u00edrport\u00e1l \u00e9let\u00e9be.<br \/>\nGavra G\u00e1bor, a hvg.hu el\u0151z\u0151 f\u0151szerkeszt\u0151je azut\u00e1n mondott le tavaly okt\u00f3ber 23-\u00e1n, hogy a port\u00e1l val\u00f3dik\u00e9nt kezelte \u00e9s k\u00f6zz\u00e9tette a bajai v\u00e1laszt\u00e1ssal \u00f6sszef\u00fcgg\u0151 videofelv\u00e9telt. A vide\u00f3r\u00f3l &#8211; amelyen f\u00e9rfiak a v\u00e1laszt\u00e1s manipul\u00e1l\u00e1s\u00e1r\u00f3l besz\u00e9ltek &#8211; k\u00e9s\u0151bb a rend\u0151rs\u00e9gi nyomoz\u00e1s kider\u00edtette, hogy megrendezett volt.<br \/>\nOkt\u00f3ber 30-\u00e1n lemondott posztj\u00e1r\u00f3l az MSZP kommunik\u00e1ci\u00f3s igazgat\u00f3ja, D\u00e9ri Bal\u00e1zs, aki k\u00f6z\u00f6lte, hogy \u0151 adta \u00e1t a hvg.hu munkat\u00e1rsainak a videofelv\u00e9telt.<br \/>\nA HVG Kiad\u00f3 Zrt. vezet\u00e9se okt\u00f3ber v\u00e9g\u00e9n azzal indokolta a f\u0151szerkeszt\u0151 lemond\u00e1s\u00e1nak elfogad\u00e1s\u00e1t, hogy &#8222;a bajai videofelv\u00e9tel kezel\u00e9s\u00e9vel, megjelentet\u00e9s\u00e9nek k\u00f6r\u00fclm\u00e9nyeivel s\u00falyosan megs\u00e9rtette az 1979 \u00f3ta megjelen\u0151 HVG alap\u00e9rt\u00e9keit, k\u00fcl\u00f6n\u00f6s tekintettel a f\u00fcggetlens\u00e9gre \u00e9s a p\u00e1rtatlan t\u00e1j\u00e9koztat\u00e1sra, vesz\u00e9lyeztetve ezzel a HVG h\u00e1rom \u00e9s f\u00e9l \u00e9vtized alatt kiv\u00edvott j\u00f3 h\u00edr\u00e9t&#8221;.(MTI)<\/p>\n","protected":false},"excerpt":{"rendered":"<p>Neizer Anita a hvg.hu f\u0151szerkeszt\u0151je &#8211; k\u00f6z\u00f6lt\u00e9k a h\u00edrport\u00e1l oldal\u00e1n kedden. A lapot eddig megb\u00edzott f\u0151szerkeszt\u0151k\u00e9nt ir\u00e1ny\u00edt\u00f3 32 \u00e9ves k\u00f6zgazd\u00e1sz Gavra G\u00e1bort v\u00e1ltja a poszton.<\/p>\n","protected":false},"author":1,"featured_media":0,"comment_status":"open","ping_status":"closed","sticky":false,"template":"","format":"standard","meta":[],"categories":[48],"tags":[],"_links":{"self":[{"href":"https:\/\/gazdasagportal.hu\/index.php\/wp-json\/wp\/v2\/posts\/24492"}],"collection":[{"href":"https:\/\/gazdasagportal.hu\/index.php\/wp-json\/wp\/v2\/posts"}],"about":[{"href":"https:\/\/gazdasagportal.hu\/index.php\/wp-json\/wp\/v2\/types\/post"}],"author":[{"embeddable":true,"href":"https:\/\/gazdasagportal.hu\/index.php\/wp-json\/wp\/v2\/users\/1"}],"replies":[{"embeddable":true,"href":"https:\/\/gazdasagportal.hu\/index.php\/wp-json\/wp\/v2\/comments?post=24492"}],"version-history":[{"count":1,"href":"https:\/\/gazdasagportal.hu\/index.php\/wp-json\/wp\/v2\/posts\/24492\/revisions"}],"predecessor-version":[{"id":24493,"href":"https:\/\/gazdasagportal.hu\/index.php\/wp-json\/wp\/v2\/posts\/24492\/revisions\/24493"}],"wp:attachment":[{"href":"https:\/\/gazdasagportal.hu\/index.php\/wp-json\/wp\/v2\/media?parent=24492"}],"wp:term":[{"taxonomy":"category","embeddable":true,"href":"https:\/\/gazdasagportal.hu\/index.php\/wp-json\/wp\/v2\/categories?post=24492"},{"taxonomy":"post_tag","embeddable":true,"href":"https:\/\/gazdasagportal.hu\/index.php\/wp-json\/wp\/v2\/tags?post=24492"}],"curies":[{"name":"wp","href":"https:\/\/api.w.org\/{rel}","templated":true}]}}