{"id":24477,"date":"2014-01-07T07:48:43","date_gmt":"2014-01-07T06:48:43","guid":{"rendered":"http:\/\/stockportal.hu\/?p=24477"},"modified":"2014-01-07T07:48:43","modified_gmt":"2014-01-07T06:48:43","slug":"az-amerikai-szenatus-megszavazta-janet-yellen-kinevezeset-a-fed-elere","status":"publish","type":"post","link":"https:\/\/gazdasagportal.hu\/index.php\/az-amerikai-szenatus-megszavazta-janet-yellen-kinevezeset-a-fed-elere\/","title":{"rendered":"Az amerikai szen\u00e1tus megszavazta Janet Yellen kinevez\u00e9s\u00e9t a Fed \u00e9l\u00e9re"},"content":{"rendered":"<p><strong>Az amerikai szen\u00e1tus helyi id\u0151 szerint h\u00e9tf\u0151 este 56:26 ar\u00e1nyban megszavazta Janet Yellen kinevez\u00e9s\u00e9t az amerikai jegybank szerep\u00e9t bet\u00f6lt\u0151 Federal Reseve System (Fed) \u00e9l\u00e9re.<!--more--><\/strong><\/p>\n<p>A jelenleg aleln\u00f6ki tiszts\u00e9get bet\u00f6lt\u0151, 67 esztend\u0151s Yellen lesz az els\u0151 n\u0151 a sz\u00e1z\u00e9ves p\u00e9nzint\u00e9zet \u00e9l\u00e9n. A janu\u00e1r 31-\u00e9n t\u00e1voz\u00f3 Ben Bernanke hely\u00e9be l\u00e9p majd a korm\u00e1nyz\u00f3tan\u00e1cs eln\u00f6ki posztj\u00e1n.<br \/>\nObama a v\u00e1rakoz\u00e1sok szerint Stanley Fischert, a Bank of Israel volt eln\u00f6k\u00e9t jel\u00f6li majd a Fed aleln\u00f6k\u00e9nek. Az amerikai eln\u00f6knek be kell majd t\u00f6ltenie a korm\u00e1nyz\u00f3tan\u00e1cs k\u00e9t tov\u00e1bbi meg\u00fcresedett hely\u00e9t is.<br \/>\nBarack Obama h\u00e9tf\u0151 este nyilatkozatban \u00fcdv\u00f6z\u00f6lte az \u00faj Fed-eln\u00f6k k\u00e9tp\u00e1rti szen\u00e1tusi meger\u0151s\u00edt\u00e9s\u00e9t. R\u00e1mutatott, hogy Yellen az orsz\u00e1g egyik legnagyobb tiszteletben \u00e1ll\u00f3 k\u00f6zgazd\u00e1sza, akinek szem\u00e9ly\u00e9ben az amerikaiak olyan szenved\u00e9lyes p\u00e1rtfog\u00f3ra lelnek, aki meg\u00e9rti, hogy a gazdas\u00e1g- \u00e9s p\u00e9nz\u00fcgypolitika v\u00e9gs\u0151 c\u00e9lja az amerikai munk\u00e1sok \u00e9s csal\u00e1djaik munka- \u00e9s \u00e9letk\u00f6r\u00fclm\u00e9nyeinek jav\u00edt\u00e1sa.<br \/>\n&#8222;Janet elk\u00f6telezettje a Fed kett\u0151s megb\u00edzat\u00e1s\u00e1nak, az infl\u00e1ci\u00f3 kord\u00e1ban tart\u00e1s\u00e1nak \u00e9s egy\u00fattal annak, hogy a munkan\u00e9lk\u00fclis\u00e9g cs\u00f6kkent\u00e9se \u00e9s a munkahely-teremt\u00e9s r\u00e9v\u00e9n szemben\u00e9zzen a legfontosabb gazdas\u00e1gi kih\u00edv\u00e1ssal&#8221; &#8211; \u00edrta az eln\u00f6k.<br \/>\nKifejezte meggy\u0151z\u0151d\u00e9s\u00e9t, hogy az \u00faj Fed-eln\u00f6k a p\u00e9nz\u00fcgyi rendszer stabilit\u00e1s\u00e1nak t\u00e1mogat\u00e1s\u00e1val el\u0151seg\u00edti majd a gazdas\u00e1g \u00e1ltal\u00e1nos helyzet\u00e9nek javul\u00e1s\u00e1t \u00e9s megv\u00e9di a fogyaszt\u00f3k \u00e9rdek\u00e9t.<br \/>\nJanet Yellen k\u00f6zgazd\u00e1szi p\u00e1lyafut\u00e1sa sor\u00e1n nagy hangs\u00falyt fektetett a munkan\u00e9lk\u00fclis\u00e9g elleni k\u00fczdelemre \u00e9s t\u00e1mogatta a Fed alacsony kamatl\u00e1b- \u00e9s kiterjedt k\u00f6tv\u00e9nyv\u00e1s\u00e1rl\u00e1si politik\u00e1j\u00e1t. A v\u00e1rakoz\u00e1sok szerint Bernanke szellem\u00e9vel \u00f6sszhangban fogja folytatni az ir\u00e1ny\u00edt\u00e1st, de mint arra elemz\u0151k r\u00e1mutattak, r\u00f6vid id\u0151n bel\u00fcl el kell d\u00f6ntenie, hogy hogyan \u00e9p\u00edtse le hivatali el\u0151dj\u00e9nek gazdas\u00e1g\u00e9l\u00e9nk\u00edt\u0151 expanz\u00edv p\u00e9nz\u00fcgypolitik\u00e1j\u00e1t an\u00e9lk\u00fcl, hogy ezzel k\u00e1rt okozna.<br \/>\nA Fed \u00e9l\u00e9n k\u00e9t n\u00e9gy\u00e9ves ciklust elt\u00f6lt\u00f6tt Bernanke egy olyan s\u00falyos recesszi\u00f3b\u00f3l seg\u00edtette kiemelkedni az amerikai gazdas\u00e1got, amilyenre a harmincas \u00e9vek \u00f3ta nem volt p\u00e9lda. Vezet\u00e9se alatt a Fed rendk\u00edv\u00fcli programokat dolgozott ki a 2008-ban kirobbant v\u00e1ls\u00e1g kezel\u00e9s\u00e9re: k\u00f6lcs\u00f6nt ny\u00fajtott a bankoknak a hitelpiac befagy\u00e1s\u00e1t k\u00f6vet\u0151en, a null\u00e1hoz k\u00f6zeli szintre cs\u00f6kkentette a r\u00f6vid lej\u00e1rat\u00fa hitelek kamat\u00e1t, \u00e9s billi\u00f3s nagys\u00e1grendben v\u00e1s\u00e1rolt k\u00f6tv\u00e9nyeket a hossz\u00fa lej\u00e1rat\u00fa hitelkamatok alacsonyan tart\u00e1sa \u00e9rdek\u00e9ben.<br \/>\nYellen 2010 \u00f3ta a Fed aleln\u00f6ke. A brooklyni sz\u00fclet\u00e9s\u0171 \u00e9s a Yale egyetemen v\u00e9gzett szakember kor\u00e1bban a San Francisc\u00f3-i Federal Reserve Bank eln\u00f6ke, feh\u00e9r h\u00e1zi tan\u00e1csad\u00f3, Bill Clinton eln\u00f6ks\u00e9ge alatt a Fed korm\u00e1nyz\u00f3tan\u00e1cs\u00e1nak tagja \u00e9s a berkeleyi Kaliforniai Egyetem professzora volt. Tan\u00edtott a London School of Economicson is.<br \/>\nF\u00e9rje, George A. Akerlof, ugyancsak k\u00f6zgazd\u00e1sz, aki 2001-ben Joseph E. Stiglitzcel \u00e9s A. Michael Spence-szel egy\u00fctt megkapta a szaktudom\u00e1ny Nobel-d\u00edj\u00e1t.<br \/>\nBerkeleyben Yellen a k\u00f6zgazdas\u00e1gi ellenkult\u00fara r\u00e9szesek\u00e9nt b\u00edr\u00e1lta a<br \/>\nszabadpiac hat\u00e9konys\u00e1g\u00e1nak dogm\u00e1j\u00e1t. \u00c1ll\u00e1spontja szerint a piac sz\u00e1m\u00e1ra hasznos az olyan szab\u00e1lyoz\u00e1s, amely elej\u00e9t veszi a vissza\u00e9l\u00e9seknek \u00e9s korl\u00e1tozza a gazdas\u00e1gi n\u00f6veked\u00e9s zavarait. Az\u00e9rt kezdett el foglalkozni a k\u00f6zgazdas\u00e1gtannal, mert \u00e9rdekelte, hogyan lehetne jav\u00edtani az emberek \u00e9letsz\u00ednvonal\u00e1n.<br \/>\nObama els\u0151 sz\u00e1m\u00fa v\u00e1lasztottja erre a posztra Lawerence H. Summers kor\u00e1bbi vezet\u0151 eln\u00f6ki tan\u00e1csad\u00f3 volt, aki azonban szeptember 15-\u00e9n visszal\u00e9pett a jel\u00f6lts\u00e9gt\u0151l, mert konfliktusba keveredett t\u00f6bb, a meger\u0151s\u00edt\u00e9s\u00e9ben potenci\u00e1lisan kulcsszerepet j\u00e1tsz\u00f3 demokrata szen\u00e1torral. A lehets\u00e9ges jel\u00f6ltek k\u00f6z\u00f6tt felmer\u00fclt m\u00e9g Donald L. Kohn volt Fed-aleln\u00f6k \u00e9s Timothy F. Geithner, az els\u0151 Obama-korm\u00e1ny p\u00e9nz\u00fcgyminisztere is.<br \/>\nA &#8222;galamb&#8221; Yellen demokrata p\u00e1rti v\u00e9lem\u00e9nyek szerint szkeptikusabban viszonyul majd a Wall Streethez, mint ahogy azt a &#8222;h\u00e9ja&#8221; Summers tette volna. Az \u00faj Fed-eln\u00f6k n\u00e9zetei ugyanakkor k\u00f6zelebb \u00e1llnak a jelenlegi, centrista korm\u00e1nyzat\u00e9hoz, mint a liber\u00e1lis demokrat\u00e1k\u00e9hoz. Ennek egyik jele az, hogy nem h\u00edve a nagybankok feldarabol\u00e1s\u00e1nak.<br \/>\nA leend\u0151 bankeln\u00f6k egy \u00e9vtizeddel ezel\u0151tt az els\u0151 k\u00f6zhivatalnokok k\u00f6z\u00f6tt volt, akik figyelmeztett\u00e9k a vil\u00e1got, hogy az emelked\u0151 ingatlan\u00e1rak alkotta &#8222;bubor\u00e9k&#8221; kidurranhat. B\u00edr\u00e1l\u00f3i szerint ugyanakkor a San Francisc\u00f3-i Fed eln\u00f6kek\u00e9nt gyakorlati l\u00e9p\u00e9seket nem tett a v\u00e1rhat\u00f3 k\u00e1rok megel\u0151z\u00e9s\u00e9re.<br \/>\nA recesszi\u00f3t k\u00f6vet\u0151en azonban felismerte, hogy a talpra \u00e1ll\u00e1s lass\u00fa folyamat lesz, \u00e9s hogy nem kell f\u00e9lni az infl\u00e1ci\u00f3t\u00f3l, aminek k\u00f6vetkezt\u00e9ben m\u00e9g Bernank\u00e9n\u00e9l is akt\u00edvabban t\u00e1mogatta, hogy a Federal Reserve akt\u00edv szerepet v\u00e1llaljon a gazdas\u00e1g\u00e9l\u00e9nk\u00edt\u00e9sben.<br \/>\nA h\u00e9tf\u0151i szavaz\u00e1sr\u00f3l a zord id\u0151j\u00e1r\u00e1s miatt t\u00f6bb szen\u00e1tor hi\u00e1nyzott.(MTI)<\/p>\n","protected":false},"excerpt":{"rendered":"<p>Az amerikai szen\u00e1tus helyi id\u0151 szerint h\u00e9tf\u0151 este 56:26 ar\u00e1nyban megszavazta Janet Yellen kinevez\u00e9s\u00e9t az amerikai jegybank szerep\u00e9t bet\u00f6lt\u0151 Federal Reseve System (Fed) \u00e9l\u00e9re.<\/p>\n","protected":false},"author":1,"featured_media":18344,"comment_status":"open","ping_status":"closed","sticky":false,"template":"","format":"standard","meta":[],"categories":[13],"tags":[],"_links":{"self":[{"href":"https:\/\/gazdasagportal.hu\/index.php\/wp-json\/wp\/v2\/posts\/24477"}],"collection":[{"href":"https:\/\/gazdasagportal.hu\/index.php\/wp-json\/wp\/v2\/posts"}],"about":[{"href":"https:\/\/gazdasagportal.hu\/index.php\/wp-json\/wp\/v2\/types\/post"}],"author":[{"embeddable":true,"href":"https:\/\/gazdasagportal.hu\/index.php\/wp-json\/wp\/v2\/users\/1"}],"replies":[{"embeddable":true,"href":"https:\/\/gazdasagportal.hu\/index.php\/wp-json\/wp\/v2\/comments?post=24477"}],"version-history":[{"count":1,"href":"https:\/\/gazdasagportal.hu\/index.php\/wp-json\/wp\/v2\/posts\/24477\/revisions"}],"predecessor-version":[{"id":24478,"href":"https:\/\/gazdasagportal.hu\/index.php\/wp-json\/wp\/v2\/posts\/24477\/revisions\/24478"}],"wp:featuredmedia":[{"embeddable":true,"href":"https:\/\/gazdasagportal.hu\/index.php\/wp-json\/wp\/v2\/media\/18344"}],"wp:attachment":[{"href":"https:\/\/gazdasagportal.hu\/index.php\/wp-json\/wp\/v2\/media?parent=24477"}],"wp:term":[{"taxonomy":"category","embeddable":true,"href":"https:\/\/gazdasagportal.hu\/index.php\/wp-json\/wp\/v2\/categories?post=24477"},{"taxonomy":"post_tag","embeddable":true,"href":"https:\/\/gazdasagportal.hu\/index.php\/wp-json\/wp\/v2\/tags?post=24477"}],"curies":[{"name":"wp","href":"https:\/\/api.w.org\/{rel}","templated":true}]}}