{"id":24471,"date":"2014-01-06T23:09:54","date_gmt":"2014-01-06T22:09:54","guid":{"rendered":"http:\/\/stockportal.hu\/?p=24471"},"modified":"2014-01-06T23:09:54","modified_gmt":"2014-01-06T22:09:54","slug":"uj-korszak-bekoszonteset-kivantak-karacsonyra-az-ellenzek-vezetoi-ukrajnanak","status":"publish","type":"post","link":"https:\/\/gazdasagportal.hu\/index.php\/uj-korszak-bekoszonteset-kivantak-karacsonyra-az-ellenzek-vezetoi-ukrajnanak\/","title":{"rendered":"\u00daj korszak bek\u00f6sz\u00f6nt\u00e9s\u00e9t k\u00edv\u00e1nt\u00e1k kar\u00e1csonyra az ellenz\u00e9k vezet\u0151i Ukrajn\u00e1nak"},"content":{"rendered":"<p><strong>Az ukr\u00e1n ellenz\u00e9k vezet\u0151i a kijevi F\u00fcggetlens\u00e9g ter\u00e9n fel\u00e1ll\u00edtott sz\u00ednpadon k\u00f6sz\u00f6nt\u00f6tt\u00e9k az orsz\u00e1g lakosait Krisztus sz\u00fclet\u00e9se alkalm\u00e1b\u00f3l h\u00e9tf\u0151n, a pravoszl\u00e1v szentest\u00e9n.<!--more--><\/strong><\/p>\n<p>&#8222;Azt szeretn\u00e9m, ha mint sok sz\u00e1z \u00e9vvel ezel\u0151tt a kar\u00e1csonyi csillag, amely jelezte Krisztus megsz\u00fclet\u00e9s\u00e9t \u00e9s egy \u00faj id\u0151szak kezdet\u00e9t, ma sz\u00e1munkra Ukrajna meg\u00fajul\u00e1s\u00e1nak \u00e9s \u00fajj\u00e1sz\u00fclet\u00e9s\u00e9nek jelk\u00e9pe lenne&#8221; &#8211; mondta Vitalij Klicsko, az \u00dct\u00e9s (UDAR) p\u00e1rt eln\u00f6ke. Hangs\u00falyozta, hogy a t\u00e9ren \u00f6sszegy\u0171ltek egy nagy csal\u00e1dot alkotnak, amelynek tagjait &#8222;a k\u00f6z\u00f6s ide\u00e1lok, \u00e1lmok, k\u00f6z\u00f6sen v\u00edvott harcuk \u00e9s t\u00f6rekv\u00e9seik&#8221; tartj\u00e1k \u00f6ssze.<br \/>\nA politikus mindenkinek &#8222;\u00e1llhatatoss\u00e1got, b\u00f6lcsess\u00e9get k\u00edv\u00e1nt, \u00e9s azt, hogy kereszt\u00e9nyi szeretettel viszonyuljanak egym\u00e1shoz, \u00e1lmaik v\u00e1ljanak val\u00f3ra, \u00e9s legyen erej\u00fck az orsz\u00e1g \u00e1talak\u00edt\u00e1s\u00e1hoz&#8221;.<br \/>\nMegjegyezte, hogy el\u0151z\u0151 nap a kelet-ukrajnai Donyeckben a kijevi EU-p\u00e1rti t\u00fcntet\u0151ket t\u00e1mogat\u00f3 demonstr\u00e1l\u00f3k plak\u00e1tjukra azt \u00edrt\u00e1k: &#8222;az orsz\u00e1gnak akarunk dolgozni, nem a csal\u00e1dnak&#8221;, utalva Viktor Janukovics eln\u00f6k k\u00f6zvetlen k\u00f6rnyezet\u00e9re, amelyet Ukrajn\u00e1ban &#8222;a csal\u00e1dk\u00e9nt&#8221; emlegetnek.<br \/>\nAnnak a bizonyos csal\u00e1dnak az Ukrajna r\u00e9m\u00e1lmai c\u00edm\u0171 fejezetben kell helyet kapnia az orsz\u00e1g t\u00f6rt\u00e9nelm\u00e9ben &#8211; f\u0171zte hozz\u00e1 Klicsko.<br \/>\nCsatlakoztak a j\u00f3k\u00edv\u00e1ns\u00e1gokhoz a m\u00e1sik k\u00e9t ellenz\u00e9ki er\u0151 vezet\u0151i, Arszenyij Jacenyuk, a Julija Timosenko beb\u00f6rt\u00f6nz\u00f6tt volt korm\u00e1nyf\u0151 m\u00f6g\u00f6tt \u00e1ll\u00f3 Haza (Batykivscsina) frakci\u00f3vezet\u0151je \u00e9s Oleh Tyahnibok, a Szabads\u00e1g (Szvoboda) p\u00e1rt eln\u00f6ke is, egys\u00e9get \u00e9s boldogs\u00e1got k\u00edv\u00e1nva az ukr\u00e1n n\u00e9pnek.<br \/>\nA t\u00e9ren felolvast\u00e1k Timosenko kar\u00e1csonyi \u00fcdv\u00f6zlet\u00e9t, amelyben a beb\u00f6rt\u00f6nz\u00f6tt politikus kifejezte bizonyoss\u00e1g\u00e1t abban, hogy &#8222;a kar\u00e1csony csillaga megmutatja az igaz utat&#8221; Ukrajn\u00e1nak.<br \/>\n&#8222;Krisztus megsz\u00fclet\u00e9se mindig bizonyoss\u00e1got ny\u00fajt sz\u00e1munkra afel\u0151l, hogy a j\u00f3 felt\u00e9tlen\u00fcl legy\u0151zi a gonoszt&#8221; &#8211; hangoztatta Timosenko.<br \/>\nA besz\u00e9dek ut\u00e1n a h\u00e1rom ellenz\u00e9ki vezet\u0151 lement a sz\u00ednpadr\u00f3l a t\u00fcntet\u0151k k\u00f6z\u00e9, hogy r\u00e9szt vegyen a szentest\u00e9re k\u00e9sz\u00edtett hagyom\u00e1nyos \u00e9telek sz\u00e9toszt\u00e1s\u00e1ban.<br \/>\nHelyi jelent\u00e9sek szerint kora este mintegy 5-6 ezren voltak a t\u00e9ren.<br \/>\nH\u00e9tf\u0151n Janukovics eln\u00f6k is k\u00f6sz\u00f6nt\u00f6tte az orsz\u00e1g lakosait a kar\u00e1csonyi \u00fcnnepek alkalm\u00e1b\u00f3l. Honlapj\u00e1n k\u00f6zz\u00e9tett \u00fcdv\u00f6zlet\u00e9ben arra sz\u00f3l\u00edtotta fel az ukr\u00e1nokat, hogy &#8222;k\u00f6z\u00f6s er\u0151vel h\u00e1r\u00edts\u00e1k el az ellent\u00e9teket, \u00e9s keress\u00e9k a b\u00e9k\u00e9hez \u00e9s a szeretethez vezet\u0151 utat&#8221;.(MTI)<\/p>\n","protected":false},"excerpt":{"rendered":"<p>Az ukr\u00e1n ellenz\u00e9k vezet\u0151i a kijevi F\u00fcggetlens\u00e9g ter\u00e9n fel\u00e1ll\u00edtott sz\u00ednpadon k\u00f6sz\u00f6nt\u00f6tt\u00e9k az orsz\u00e1g lakosait Krisztus sz\u00fclet\u00e9se alkalm\u00e1b\u00f3l h\u00e9tf\u0151n, a pravoszl\u00e1v szentest\u00e9n.<\/p>\n","protected":false},"author":1,"featured_media":0,"comment_status":"open","ping_status":"closed","sticky":false,"template":"","format":"standard","meta":[],"categories":[12],"tags":[],"_links":{"self":[{"href":"https:\/\/gazdasagportal.hu\/index.php\/wp-json\/wp\/v2\/posts\/24471"}],"collection":[{"href":"https:\/\/gazdasagportal.hu\/index.php\/wp-json\/wp\/v2\/posts"}],"about":[{"href":"https:\/\/gazdasagportal.hu\/index.php\/wp-json\/wp\/v2\/types\/post"}],"author":[{"embeddable":true,"href":"https:\/\/gazdasagportal.hu\/index.php\/wp-json\/wp\/v2\/users\/1"}],"replies":[{"embeddable":true,"href":"https:\/\/gazdasagportal.hu\/index.php\/wp-json\/wp\/v2\/comments?post=24471"}],"version-history":[{"count":2,"href":"https:\/\/gazdasagportal.hu\/index.php\/wp-json\/wp\/v2\/posts\/24471\/revisions"}],"predecessor-version":[{"id":24473,"href":"https:\/\/gazdasagportal.hu\/index.php\/wp-json\/wp\/v2\/posts\/24471\/revisions\/24473"}],"wp:attachment":[{"href":"https:\/\/gazdasagportal.hu\/index.php\/wp-json\/wp\/v2\/media?parent=24471"}],"wp:term":[{"taxonomy":"category","embeddable":true,"href":"https:\/\/gazdasagportal.hu\/index.php\/wp-json\/wp\/v2\/categories?post=24471"},{"taxonomy":"post_tag","embeddable":true,"href":"https:\/\/gazdasagportal.hu\/index.php\/wp-json\/wp\/v2\/tags?post=24471"}],"curies":[{"name":"wp","href":"https:\/\/api.w.org\/{rel}","templated":true}]}}