{"id":24427,"date":"2014-01-06T06:41:04","date_gmt":"2014-01-06T05:41:04","guid":{"rendered":"http:\/\/stockportal.hu\/?p=24427"},"modified":"2014-01-06T06:41:04","modified_gmt":"2014-01-06T05:41:04","slug":"obama-visszatert-a-feher-hazba-a-hawaii-vakaciorol","status":"publish","type":"post","link":"https:\/\/gazdasagportal.hu\/index.php\/obama-visszatert-a-feher-hazba-a-hawaii-vakaciorol\/","title":{"rendered":"Obama visszat\u00e9rt a Feh\u00e9r H\u00e1zba a hawaii vak\u00e1ci\u00f3r\u00f3l"},"content":{"rendered":"<p><strong>Barack Obama amerikai eln\u00f6k vas\u00e1rnap visszat\u00e9rt 16 napos hawaii vak\u00e1ci\u00f3j\u00e1r\u00f3l, hogy megkezdje a munk\u00e1t \u00e9s folytassa a felk\u00e9sz\u00fcl\u00e9st az \u00e9v legfontosabb belpolitikai megm\u00e9rettet\u00e9s\u00e9re, a &#8222;f\u00e9lid\u0151s&#8221; kongresszusi v\u00e1laszt\u00e1sokra.<!--more--><\/strong><\/p>\n<p>Az eln\u00f6k k\u00e9t l\u00e1nya, Sasha \u00e9s Malia t\u00e1rsas\u00e1g\u00e1ban t\u00e9rt vissza Washingtonba. A first lady, Michelle Obama a k\u00f6zelg\u0151 50. sz\u00fclet\u00e9snapj\u00e1ra azt kapta aj\u00e1nd\u00e9kul, hogy tov\u00e1bbi k\u00e9t hetet t\u00f6lthet &#8211; egyed\u00fcl &#8211; a napf\u00e9nyes csendes-\u00f3ce\u00e1ni szigeteken.<br \/>\nA 27 fokos Hawaiir\u00f3l a 2 fokos Washingtonba visszat\u00e9rt Obama sz\u00e1m\u00e1ra az \u00e9v belf\u00f6ldi megm\u00e9rettet\u00e9se el\u0151rel\u00e1that\u00f3an az lesz, hogy p\u00e1rtja, a Demokrata P\u00e1rt el tudja-e h\u00f3d\u00edtani a republik\u00e1nusokt\u00f3l a k\u00e9pvisel\u0151h\u00e1zat \u00fagy, hogy k\u00f6zben meg tudja \u0151rizni t\u00f6bbs\u00e9g\u00e9t a szen\u00e1tusban is.<br \/>\nA republik\u00e1nusok csaknem minden t\u00e9ren megmutatkoz\u00f3 hajthatatlan ellen\u00e1ll\u00e1sa miatt ugyanis t\u00f6bb elemz\u0151 \u00fagy v\u00e9li, hogy az eln\u00f6k csak \u00edgy \u00e9rheti el, hogy &#8211; a p\u00e9nz\u00fcgyi v\u00e1ls\u00e1gb\u00f3l val\u00f3 neh\u00e9zkes kil\u00e1bal\u00e1s mellett &#8211; az eg\u00e9szs\u00e9g\u00fcgy reformja legyen eln\u00f6ks\u00e9g\u00e9nek egyetlen emblematikus v\u00edvm\u00e1nya.<br \/>\nA k\u00e9t nagy p\u00e1rt k\u00f6z\u00f6tt a k\u00e9t\u00e9ves k\u00f6lts\u00e9gvet\u00e9sr\u0151l decemberben megk\u00f6t\u00f6tt kompromisszum nyom\u00e1n azonban felsejlett annak halv\u00e1ny lehet\u0151s\u00e9ge is, hogy id\u00e9n is lesznek p\u00e9ld\u00e1k az egy\u00fcttm\u0171k\u00f6d\u00e9sre. P\u00e9ld\u00e1ul arra, hogy meg\u00e1llapodjanak az ad\u00f3ss\u00e1gplafon m\u00e1rcius elej\u00e9ig esed\u00e9kes \u00fajabb emel\u00e9s\u00e9ben.<br \/>\n2014 nagy horderej\u0171 feladatai k\u00f6z\u00e9 tartozik a bev\u00e1ndorl\u00e1si reform megval\u00f3s\u00edt\u00e1sa, az eg\u00e9szs\u00e9g\u00fcgyi t\u00f6rv\u00e9nycsomag hib\u00e1inak korrig\u00e1l\u00e1sa, valamint az elektronikus h\u00edrszerz\u00e9sre szakosodott Nemzetbiztons\u00e1gi \u00dcgyn\u00f6ks\u00e9g (NSA) tev\u00e9kenys\u00e9g\u00e9nek fel\u00fclvizsg\u00e1lata. A kongresszusban h\u00e9tf\u0151n kezd\u0151dik meg a vita 1,3 milli\u00f3 munkan\u00e9lk\u00fcli ell\u00e1t\u00e1s\u00e1nak fel\u00faj\u00edt\u00e1s\u00e1r\u00f3l.<br \/>\nAz \u00e9v fontosabb v\u00e1ltoz\u00e1sai k\u00f6z\u00e9 tartozik, hogy a k\u00f6zponti bank szerep\u00e9t bet\u00f6lt\u0151 Federal Reserve \u00e9l\u00e9n v\u00e1rhat\u00f3an Janet Yellen l\u00e9p a janu\u00e1r v\u00e9g\u00e9n t\u00e1voz\u00f3 Ben Bernanke hely\u00e9be. 2014 v\u00e9g\u00e9re pedig &#8211; att\u00f3l f\u00fcgg\u0151en, hogy Washingtonnak siker\u00fcl-e biztons\u00e1gi meg\u00e1llapod\u00e1st k\u00f6tnie Kabullal &#8211; Afganiszt\u00e1nb\u00f3l t\u00falnyom\u00f3 t\u00f6bbs\u00e9g\u00fckben vagy marad\u00e9ktalanul kivonulnak az amerikai csapatok.<br \/>\nAz \u00e9v els\u0151 kisebb sajt\u00f3vihar\u00e1t az Obama h\u00e1zasp\u00e1r k\u00fcl\u00f6n t\u00f6rt\u00e9n\u0151 hazautaz\u00e1sa v\u00e1ltotta ki. Annak biztos\u00edt\u00e1sa ugyanis az amerikai m\u00e9di\u00e1ban k\u00f6z\u00f6lt becsl\u00e9sek szerint 60-100 ezer doll\u00e1rj\u00e1ba ker\u00fcl majd az amerikai ad\u00f3fizet\u0151nek. Az eln\u00f6k feles\u00e9ge janu\u00e1r 17-\u00e9n \u00fcnnepli f\u00e9lsz\u00e1zadik sz\u00fclet\u00e9snapj\u00e1t.(MTI)<\/p>\n","protected":false},"excerpt":{"rendered":"<p>Barack Obama amerikai eln\u00f6k vas\u00e1rnap visszat\u00e9rt 16 napos hawaii vak\u00e1ci\u00f3j\u00e1r\u00f3l, hogy megkezdje a munk\u00e1t \u00e9s folytassa a felk\u00e9sz\u00fcl\u00e9st az \u00e9v legfontosabb belpolitikai megm\u00e9rettet\u00e9s\u00e9re, a &#8222;f\u00e9lid\u0151s&#8221; kongresszusi v\u00e1laszt\u00e1sokra.<\/p>\n","protected":false},"author":1,"featured_media":0,"comment_status":"open","ping_status":"closed","sticky":false,"template":"","format":"standard","meta":[],"categories":[13],"tags":[],"_links":{"self":[{"href":"https:\/\/gazdasagportal.hu\/index.php\/wp-json\/wp\/v2\/posts\/24427"}],"collection":[{"href":"https:\/\/gazdasagportal.hu\/index.php\/wp-json\/wp\/v2\/posts"}],"about":[{"href":"https:\/\/gazdasagportal.hu\/index.php\/wp-json\/wp\/v2\/types\/post"}],"author":[{"embeddable":true,"href":"https:\/\/gazdasagportal.hu\/index.php\/wp-json\/wp\/v2\/users\/1"}],"replies":[{"embeddable":true,"href":"https:\/\/gazdasagportal.hu\/index.php\/wp-json\/wp\/v2\/comments?post=24427"}],"version-history":[{"count":1,"href":"https:\/\/gazdasagportal.hu\/index.php\/wp-json\/wp\/v2\/posts\/24427\/revisions"}],"predecessor-version":[{"id":24428,"href":"https:\/\/gazdasagportal.hu\/index.php\/wp-json\/wp\/v2\/posts\/24427\/revisions\/24428"}],"wp:attachment":[{"href":"https:\/\/gazdasagportal.hu\/index.php\/wp-json\/wp\/v2\/media?parent=24427"}],"wp:term":[{"taxonomy":"category","embeddable":true,"href":"https:\/\/gazdasagportal.hu\/index.php\/wp-json\/wp\/v2\/categories?post=24427"},{"taxonomy":"post_tag","embeddable":true,"href":"https:\/\/gazdasagportal.hu\/index.php\/wp-json\/wp\/v2\/tags?post=24427"}],"curies":[{"name":"wp","href":"https:\/\/api.w.org\/{rel}","templated":true}]}}