{"id":24424,"date":"2014-01-05T20:54:43","date_gmt":"2014-01-05T19:54:43","guid":{"rendered":"http:\/\/stockportal.hu\/?p=24424"},"modified":"2014-01-05T20:54:43","modified_gmt":"2014-01-05T19:54:43","slug":"ukrajnai-tuntetesek-nagygyules-helyett-spontan-tizezres-tuntetes-kijevben","status":"publish","type":"post","link":"https:\/\/gazdasagportal.hu\/index.php\/ukrajnai-tuntetesek-nagygyules-helyett-spontan-tizezres-tuntetes-kijevben\/","title":{"rendered":"Ukrajnai t\u00fcntet\u00e9sek &#8211; Nagygy\u0171l\u00e9s helyett spont\u00e1n t\u00edzezres t\u00fcntet\u00e9s Kijevben"},"content":{"rendered":"<p><strong>Becsl\u00e9sek szerint legal\u00e1bb t\u00edzezren gy\u0171ltek \u00f6ssze vas\u00e1rnap d\u00e9lut\u00e1n a Majdanon, azaz a kijevi F\u00fcggetlens\u00e9g ter\u00e9n annak ellen\u00e9re, hogy az ellenz\u00e9k bejelentette a szok\u00e1sos heti &#8222;n\u00e9pi nagygy\u0171l\u00e9s&#8221; elmarad\u00e1s\u00e1t, tekintettel a kar\u00e1csonyi \u00fcnnepi k\u00e9sz\u00fcl\u0151d\u00e9sre.<!--more--><\/strong><\/p>\n<p>A gy\u00fclekez\u00e9s l\u00e1tt\u00e1n az ellenz\u00e9ki vezet\u0151k \u00fagy hat\u00e1roztak, hogy a &#8222;n\u00e9pi nagygy\u0171l\u00e9s&#8221; helyett akkor szokv\u00e1nyos t\u00fcntet\u00e9st tartanak.<br \/>\nA demonstr\u00e1ci\u00f3 a szok\u00e1sok szerint k\u00f6z\u00f6s im\u00e1val kezd\u0151d\u00f6tt. Az egyh\u00e1zak k\u00e9pvisel\u0151i meg\u00e1ldott\u00e1k az EU-p\u00e1rti t\u00fcntet\u0151k \u00e1ltal alak\u00edtott \u00f6nv\u00e9delmi csapatok z\u00e1szlait. Andrij Parubij parlamenti k\u00e9pvisel\u0151, a t\u00fcntet\u00e9sek szervez\u00e9s\u00e9\u00e9rt felel\u0151s &#8222;nemzeti ellen\u00e1ll\u00e1s&#8221; egyik parancsnoka szerint m\u00e1r 27 csapatot \u00e1ll\u00edtottak fel t\u00f6bb sz\u00e1z \u00f6nk\u00e9ntes r\u00e9szv\u00e9tel\u00e9vel. Alapvet\u0151 feladatuk a rend biztos\u00edt\u00e1sa \u00e9s a t\u00fcntet\u0151k v\u00e9delme a tiltakoz\u00f3 t\u00f6megmegmozdul\u00e1sokon.<br \/>\nA sz\u00ednpadon felsz\u00f3lal\u00f3 ellenz\u00e9ki politikusok k\u00f6z\u00fcl Vitalij Klicsko, az \u00dct\u00e9s (UDAR) p\u00e1rt eln\u00f6ke ism\u00e9telten el\u0151rehozott parlamenti \u00e9s eln\u00f6kv\u00e1laszt\u00e1st s\u00fcrgetett. Szavai szerint a s\u00falyos politikai v\u00e1ls\u00e1g ellen\u00e9re a jelenlegi vezet\u00e9s makacsul elz\u00e1rk\u00f3zik az el\u0151l, hogy meghallgassa az embereket, ehelyett a provok\u00e1ci\u00f3k, az elnyom\u00e1s \u00e9s a megf\u00e9leml\u00edt\u00e9s eszk\u00f6zeivel \u00e9l, s k\u00f6zben tov\u00e1bb folytatja &#8222;n\u00e9pellenes politik\u00e1j\u00e1t&#8221; a szoci\u00e1lis kiad\u00e1sok lefarag\u00e1s\u00e1val \u00e9s a b\u00e9rek visszatart\u00e1s\u00e1val.<br \/>\nA helyi m\u00e9dia megfogalmaz\u00e1sa szerint a Majdan t\u00fcntet\u0151i kisebb csoportokban &#8222;partiz\u00e1nkit\u00f6r\u00e9sekre&#8221; eml\u00e9keztet\u0151 akci\u00f3kat hajtottak v\u00e9gre vas\u00e1rnap. Vitalij Zaharcsenko bel\u00fcgyminiszter Kijev k\u00f6rny\u00e9ki h\u00e1z\u00e1t teleragasztott\u00e1k &#8222;bandit\u00e1k tulajdona&#8221; sz\u00f6veg\u0171 matric\u00e1kkal. A nacionalista Szabads\u00e1g (Szvoboda) p\u00e1rt ism\u00e9t a miniszter t\u00e1voz\u00e1s\u00e1t s\u00fcrgette azut\u00e1n, hogy p\u00e9nteken a p\u00e1rt egyik parlamenti k\u00e9pvisel\u0151j\u00e9t, Andrij Illjenk\u00f3t ismeretlenek megt\u00e1madt\u00e1k \u00e9s \u00f6sszevert\u00e9k Kijevben.<br \/>\nT\u00f6bb vid\u00e9ki v\u00e1rosban, Zsitomirban, Dnyipropetrovszkban, Harkivban \u00e9s Herszonban pedig az EU-p\u00e1rti aktivist\u00e1k feh\u00e9r sz\u00ednnel k\u00f6rbefestett\u00e9k az utakon a k\u00e1ty\u00fakat, egyr\u00e9szt az\u00e9rt, hogy az aut\u00f3sok j\u00f3l l\u00e1thass\u00e1k \u00e9s kiker\u00fclhess\u00e9k azokat, m\u00e1sr\u00e9szt \u00edgy k\u00f6vetelik a v\u00e1rosvezet\u00e9st\u0151l az utak mihamarabbi rendbet\u00e9tel\u00e9t.(MTI)<\/p>\n","protected":false},"excerpt":{"rendered":"<p>Becsl\u00e9sek szerint legal\u00e1bb t\u00edzezren gy\u0171ltek \u00f6ssze vas\u00e1rnap d\u00e9lut\u00e1n a Majdanon, azaz a kijevi F\u00fcggetlens\u00e9g ter\u00e9n annak ellen\u00e9re, hogy az ellenz\u00e9k bejelentette a szok\u00e1sos heti &#8222;n\u00e9pi nagygy\u0171l\u00e9s&#8221; elmarad\u00e1s\u00e1t, tekintettel a kar\u00e1csonyi \u00fcnnepi k\u00e9sz\u00fcl\u0151d\u00e9sre.<\/p>\n","protected":false},"author":1,"featured_media":0,"comment_status":"open","ping_status":"closed","sticky":false,"template":"","format":"standard","meta":[],"categories":[12],"tags":[],"_links":{"self":[{"href":"https:\/\/gazdasagportal.hu\/index.php\/wp-json\/wp\/v2\/posts\/24424"}],"collection":[{"href":"https:\/\/gazdasagportal.hu\/index.php\/wp-json\/wp\/v2\/posts"}],"about":[{"href":"https:\/\/gazdasagportal.hu\/index.php\/wp-json\/wp\/v2\/types\/post"}],"author":[{"embeddable":true,"href":"https:\/\/gazdasagportal.hu\/index.php\/wp-json\/wp\/v2\/users\/1"}],"replies":[{"embeddable":true,"href":"https:\/\/gazdasagportal.hu\/index.php\/wp-json\/wp\/v2\/comments?post=24424"}],"version-history":[{"count":2,"href":"https:\/\/gazdasagportal.hu\/index.php\/wp-json\/wp\/v2\/posts\/24424\/revisions"}],"predecessor-version":[{"id":24426,"href":"https:\/\/gazdasagportal.hu\/index.php\/wp-json\/wp\/v2\/posts\/24424\/revisions\/24426"}],"wp:attachment":[{"href":"https:\/\/gazdasagportal.hu\/index.php\/wp-json\/wp\/v2\/media?parent=24424"}],"wp:term":[{"taxonomy":"category","embeddable":true,"href":"https:\/\/gazdasagportal.hu\/index.php\/wp-json\/wp\/v2\/categories?post=24424"},{"taxonomy":"post_tag","embeddable":true,"href":"https:\/\/gazdasagportal.hu\/index.php\/wp-json\/wp\/v2\/tags?post=24424"}],"curies":[{"name":"wp","href":"https:\/\/api.w.org\/{rel}","templated":true}]}}