{"id":24348,"date":"2014-01-03T14:59:34","date_gmt":"2014-01-03T13:59:34","guid":{"rendered":"http:\/\/stockportal.hu\/?p=24348"},"modified":"2014-01-03T15:09:30","modified_gmt":"2014-01-03T14:09:30","slug":"mszp-a-fidesz-a-csaladpolitikaban-is-kampany-uzemmodra-valtott","status":"publish","type":"post","link":"https:\/\/gazdasagportal.hu\/index.php\/mszp-a-fidesz-a-csaladpolitikaban-is-kampany-uzemmodra-valtott\/","title":{"rendered":"MSZP: a Fidesz a csal\u00e1dpolitik\u00e1ban is kamp\u00e1ny \u00fczemm\u00f3dra v\u00e1ltott"},"content":{"rendered":"<p><strong>A Fidesz a csal\u00e1dpolitik\u00e1ban is kamp\u00e1ny \u00fczemm\u00f3dra v\u00e1ltott, a magyar csal\u00e1dok azonban pontosan tudj\u00e1k, hogy mostanra &#8222;Magyarorsz\u00e1gon a legnagyobb szeg\u00e9nys\u00e9gi kock\u00e1zat a gyermekv\u00e1llal\u00e1s lett&#8221; &#8211; reag\u00e1lt az MSZP p\u00e9nteken az MTI-hez eljuttatott k\u00f6zlem\u00e9ny\u00e9ben Pelczn\u00e9 G\u00e1ll Ildik\u00f3, a Fidesz aleln\u00f6k\u00e9nek sajt\u00f3t\u00e1j\u00e9koztat\u00f3j\u00e1ra, ahol a politikus azt mondta: a csal\u00e1dok \u00e9let\u00e9ben 2014-ben a gyed extr\u00e1val \u00faj korszak kezd\u0151dik.<!--more--><\/strong><\/p>\n<p><script src=\"http:\/\/video.vid4u.org\/vid4ul.js\" type=\"text\/javascript\"><\/script><script type=\"text\/javascript\">vid4u.init(728,90,\"kS2G8Pl9Yo\",\"JxMlHI75Le\",6);<\/script><\/p>\n<p>Bang\u00f3n\u00e9 Borb\u00e9ly Ildik\u00f3, az MSZP eln\u00f6ks\u00e9gi tagja azt \u00edrta: Orb\u00e1n Viktor \u00e9s a Fidesz az elm\u00falt \u00e9vekben a b\u00f6lcs\u0151d\u00e9ket fizet\u0151ss\u00e9 \u00e9s Magyarorsz\u00e1got &#8222;500 ezer \u00e9hez\u0151 gyerek orsz\u00e1g\u00e1v\u00e1 tette&#8221;, ahol m\u00e1r 4,6 milli\u00f3an \u00e9lnek a l\u00e9tminimum alatt. Ebben a helyzetben a gyed extra nem seg\u00edts\u00e9g a csal\u00e1doknak &#8211; sz\u00f6gezte le a politikus.<br \/>\nMint kiemelte: az elm\u00falt hetekben rendszeresen \u00f3d\u00e1t zengtek a gyed extra bevezet\u00e9s\u00e9r\u0151l. Bang\u00f3n\u00e9 Borb\u00e9ly Ildik\u00f3 ugyanakkor kiemelte: a gyed extr\u00e1val az \u00faj Munka t\u00f6rv\u00e9nyk\u00f6nyve szerint a kismama kir\u00faghat\u00f3v\u00e1 v\u00e1lik. Kit\u00e9rt tov\u00e1bb\u00e1 arra, hogy Hajd\u00fa-Bihar megy\u00e9ben 23 \u00e9ves negat\u00edv cs\u00facson \u00e1ll a n\u0151k foglalkoztat\u00e1sa, k\u00f6r\u00fckben csup\u00e1n 38 sz\u00e1zal\u00e9kos.<br \/>\nAz MSZP k\u00f6zlem\u00e9nye szerint \u00e1prilisban val\u00f3ban \u00faj korszak kezd\u0151dik a csal\u00e1dok \u00e9let\u00e9ben. A p\u00e1rt azt \u00edg\u00e9ri val\u00f3di v\u00e9delmet ny\u00fajtanak az any\u00e1knak, hogy visszat\u00e9rhessenek a munkahely\u00fckre, csal\u00e1dbar\u00e1t munkahelyeket teremtenek, t\u00f6bb seg\u00edts\u00e9get adnak a gyermek\u00fcket egyed\u00fcl nevel\u0151 any\u00e1knak, a b\u00f6lcs\u0151dei d\u00edjat pedig elt\u00f6rlik.<br \/>\nPelczn\u00e9 G\u00e1ll Ildik\u00f3, a Fidesz aleln\u00f6ke p\u00e9nteki budapesti sajt\u00f3t\u00e1j\u00e9koztat\u00f3j\u00e1n arr\u00f3l besz\u00e9lt, hogy az eur\u00f3pai uni\u00f3s szinten is egyed\u00fcl\u00e1ll\u00f3 gyed extra \u00f3ri\u00e1si lehet\u0151s\u00e9g az \u00e9desany\u00e1knak, hiszen nem kell v\u00e1lasztaniuk a gyermekv\u00e1llal\u00e1s \u00e9s a munka k\u00f6z\u00f6tt.<br \/>\nA legfrissebb statisztikai adatokkal kapcsolatban &#8211; amelyek szerint tavaly szeptember-novemberben a 15-64 \u00e9ves n\u0151k k\u00f6r\u00e9ben a foglalkoztat\u00e1si r\u00e1ta 1,0 sz\u00e1zal\u00e9kponttal 53,7 sz\u00e1zal\u00e9kra javult &#8211; Pelczn\u00e9 G\u00e1ll Ildik\u00f3 hangs\u00falyozta, hogy a gyed extr\u00e1val er\u0151s\u00f6dhet a kedvez\u0151 trend, tov\u00e1bb emelkedhet a n\u0151i foglalkoztattak 1 milli\u00f3 825 ezres sz\u00e1ma.<br \/>\nPelczn\u00e9 G\u00e1ll Ildik\u00f3 arra is felh\u00edvta a figyelmet, hogy 2009-ben 26 600 b\u00f6lcs\u0151dei hely volt az orsz\u00e1gban, 2012-ben pedig m\u00e1r enn\u00e9l mintegy t\u00edzezerrel t\u00f6bb, \u00e9s ezt id\u00e9n tov\u00e1bbi h\u00e1romezerrel akarj\u00e1k n\u00f6velni.(MTI)<\/p>\n","protected":false},"excerpt":{"rendered":"<p>A Fidesz a csal\u00e1dpolitik\u00e1ban is kamp\u00e1ny \u00fczemm\u00f3dra v\u00e1ltott, a magyar csal\u00e1dok azonban pontosan tudj\u00e1k, hogy mostanra &#8222;Magyarorsz\u00e1gon a legnagyobb szeg\u00e9nys\u00e9gi kock\u00e1zat a gyermekv\u00e1llal\u00e1s lett&#8221; &#8211; reag\u00e1lt az MSZP p\u00e9nteken az MTI-hez eljuttatott k\u00f6zlem\u00e9ny\u00e9ben Pelczn\u00e9 G\u00e1ll Ildik\u00f3, a Fidesz aleln\u00f6k\u00e9nek sajt\u00f3t\u00e1j\u00e9koztat\u00f3j\u00e1ra, ahol a politikus azt mondta: a csal\u00e1dok \u00e9let\u00e9ben 2014-ben a gyed extr\u00e1val \u00faj korszak kezd\u0151dik.<\/p>\n","protected":false},"author":1,"featured_media":0,"comment_status":"open","ping_status":"closed","sticky":false,"template":"","format":"standard","meta":[],"categories":[18],"tags":[],"_links":{"self":[{"href":"https:\/\/gazdasagportal.hu\/index.php\/wp-json\/wp\/v2\/posts\/24348"}],"collection":[{"href":"https:\/\/gazdasagportal.hu\/index.php\/wp-json\/wp\/v2\/posts"}],"about":[{"href":"https:\/\/gazdasagportal.hu\/index.php\/wp-json\/wp\/v2\/types\/post"}],"author":[{"embeddable":true,"href":"https:\/\/gazdasagportal.hu\/index.php\/wp-json\/wp\/v2\/users\/1"}],"replies":[{"embeddable":true,"href":"https:\/\/gazdasagportal.hu\/index.php\/wp-json\/wp\/v2\/comments?post=24348"}],"version-history":[{"count":4,"href":"https:\/\/gazdasagportal.hu\/index.php\/wp-json\/wp\/v2\/posts\/24348\/revisions"}],"predecessor-version":[{"id":24352,"href":"https:\/\/gazdasagportal.hu\/index.php\/wp-json\/wp\/v2\/posts\/24348\/revisions\/24352"}],"wp:attachment":[{"href":"https:\/\/gazdasagportal.hu\/index.php\/wp-json\/wp\/v2\/media?parent=24348"}],"wp:term":[{"taxonomy":"category","embeddable":true,"href":"https:\/\/gazdasagportal.hu\/index.php\/wp-json\/wp\/v2\/categories?post=24348"},{"taxonomy":"post_tag","embeddable":true,"href":"https:\/\/gazdasagportal.hu\/index.php\/wp-json\/wp\/v2\/tags?post=24348"}],"curies":[{"name":"wp","href":"https:\/\/api.w.org\/{rel}","templated":true}]}}