{"id":24303,"date":"2014-01-03T09:37:40","date_gmt":"2014-01-03T08:37:40","guid":{"rendered":"http:\/\/stockportal.hu\/?p=24303"},"modified":"2014-01-03T09:37:40","modified_gmt":"2014-01-03T08:37:40","slug":"illegalis-mososzeruzemet-szamoltak-fel-nyiregyhazan","status":"publish","type":"post","link":"https:\/\/gazdasagportal.hu\/index.php\/illegalis-mososzeruzemet-szamoltak-fel-nyiregyhazan\/","title":{"rendered":"Illeg\u00e1lis mos\u00f3szer\u00fczemet sz\u00e1moltak fel Ny\u00edregyh\u00e1z\u00e1n"},"content":{"rendered":"<p><strong>Illeg\u00e1lis mos\u00f3szer\u00fczemet sz\u00e1moltak fel a Nemzeti Ad\u00f3- \u00e9s V\u00e1mhivatal munkat\u00e1rsai Ny\u00edregyh\u00e1z\u00e1n &#8211; k\u00f6z\u00f6lte a szervezet \u00e9szak-alf\u00f6ldi region\u00e1lis b\u0171n\u00fcgyi igazgat\u00f3s\u00e1g\u00e1nak sajt\u00f3referense p\u00e9nteken az MTI-vel.<!--more--><\/strong><\/p>\n<p>J\u00e1nv\u00e1ri-Stef\u00e1n Regina elmondta: az \u00fczemben csaknem n\u00e9gymilli\u00f3 forint \u00e9rt\u00e9k\u0171 hamis\u00edtott term\u00e9ket foglaltak le, \u00e9s az ott dolgoz\u00f3 \u00f6t f\u00e9rfi el\u0151\u00e1ll\u00edtott\u00e1k.<br \/>\nA p\u00e9nz\u00fcgy\u0151r\u00f6k kilencezer liter hamis mos\u00f3szert tal\u00e1ltak a helysz\u00ednen.<br \/>\nAz ellen\u0151rz\u00e9s idej\u00e9n nemcsak gy\u00e1rt\u00e1s, hanem \u00e9rt\u00e9kes\u00edt\u00e9s is zajlott az \u00fczemben.<br \/>\nA mos\u00f3szerek egy r\u00e9sze m\u00e1r neves m\u00e1rkajelz\u00e9ssel ell\u00e1tott flakonokba volt t\u00f6ltve, m\u00edg a t\u00f6bbit nagy tart\u00e1lyokban t\u00e1rolt\u00e1k. Jelent\u0151s mennyis\u00e9g\u0171 mos\u00f3por is volt a helysz\u00ednen, tov\u00e1bb\u00e1 h\u00e1romezer \u00fcres flakon v\u00e1rt t\u00f6lt\u00e9sre, a hozz\u00e1juk tartoz\u00f3 m\u00e1rkajelz\u00e9sekkel, kupakokkal, levon\u00f3kkal egy\u00fctt.<br \/>\nAz el\u0151\u00e1ll\u00edtott \u00f6t f\u00e9rfi ellen \u00fczletszer\u0171en elk\u00f6vetett iparv\u00e9delmi jogs\u00e9rt\u00e9s miatt indult elj\u00e1r\u00e1s.<br \/>\nA lefoglalt vegyi term\u00e9kek szak\u00e9rt\u0151i vizsg\u00e1lata folyik &#8211; jegyezte meg a sajt\u00f3referens.(MTI)<\/p>\n","protected":false},"excerpt":{"rendered":"<p>Illeg\u00e1lis mos\u00f3szer\u00fczemet sz\u00e1moltak fel a Nemzeti Ad\u00f3- \u00e9s V\u00e1mhivatal munkat\u00e1rsai Ny\u00edregyh\u00e1z\u00e1n &#8211; k\u00f6z\u00f6lte a szervezet \u00e9szak-alf\u00f6ldi region\u00e1lis b\u0171n\u00fcgyi igazgat\u00f3s\u00e1g\u00e1nak sajt\u00f3referense p\u00e9nteken az MTI-vel.<\/p>\n","protected":false},"author":1,"featured_media":0,"comment_status":"open","ping_status":"closed","sticky":false,"template":"","format":"standard","meta":[],"categories":[48],"tags":[],"_links":{"self":[{"href":"https:\/\/gazdasagportal.hu\/index.php\/wp-json\/wp\/v2\/posts\/24303"}],"collection":[{"href":"https:\/\/gazdasagportal.hu\/index.php\/wp-json\/wp\/v2\/posts"}],"about":[{"href":"https:\/\/gazdasagportal.hu\/index.php\/wp-json\/wp\/v2\/types\/post"}],"author":[{"embeddable":true,"href":"https:\/\/gazdasagportal.hu\/index.php\/wp-json\/wp\/v2\/users\/1"}],"replies":[{"embeddable":true,"href":"https:\/\/gazdasagportal.hu\/index.php\/wp-json\/wp\/v2\/comments?post=24303"}],"version-history":[{"count":1,"href":"https:\/\/gazdasagportal.hu\/index.php\/wp-json\/wp\/v2\/posts\/24303\/revisions"}],"predecessor-version":[{"id":24304,"href":"https:\/\/gazdasagportal.hu\/index.php\/wp-json\/wp\/v2\/posts\/24303\/revisions\/24304"}],"wp:attachment":[{"href":"https:\/\/gazdasagportal.hu\/index.php\/wp-json\/wp\/v2\/media?parent=24303"}],"wp:term":[{"taxonomy":"category","embeddable":true,"href":"https:\/\/gazdasagportal.hu\/index.php\/wp-json\/wp\/v2\/categories?post=24303"},{"taxonomy":"post_tag","embeddable":true,"href":"https:\/\/gazdasagportal.hu\/index.php\/wp-json\/wp\/v2\/tags?post=24303"}],"curies":[{"name":"wp","href":"https:\/\/api.w.org\/{rel}","templated":true}]}}