{"id":24301,"date":"2014-01-03T09:33:33","date_gmt":"2014-01-03T08:33:33","guid":{"rendered":"http:\/\/stockportal.hu\/?p=24301"},"modified":"2014-01-03T09:33:33","modified_gmt":"2014-01-03T08:33:33","slug":"ksh-tovabb-csokkent-a-munkanelkuliseg","status":"publish","type":"post","link":"https:\/\/gazdasagportal.hu\/index.php\/ksh-tovabb-csokkent-a-munkanelkuliseg\/","title":{"rendered":"KSH: tov\u00e1bb cs\u00f6kkent a munkan\u00e9lk\u00fclis\u00e9g"},"content":{"rendered":"<p><strong>Tavaly szeptember-novemberben a munkan\u00e9lk\u00fcliek sz\u00e1ma 411 ezer volt, 57 ezerrel kevesebb, mint 2012 azonos id\u0151szak\u00e1ban, a munkan\u00e9lk\u00fclis\u00e9gi r\u00e1ta 1,3 sz\u00e1zal\u00e9kponttal 9,3 sz\u00e1zal\u00e9kra m\u00e9rs\u00e9kl\u0151d\u00f6tt &#8211; k\u00f6z\u00f6lte a K\u00f6zponti Statisztikai Hivatal (KSH) p\u00e9nteken.<!--more--><\/strong><\/p>\n<p>A KSH adataib\u00f3l kit\u0171nik, hogy a 2012. \u00e9vi 10,9 sz\u00e1zal\u00e9kos munkan\u00e9lk\u00fclis\u00e9g ut\u00e1n tavaly az eg\u00e9sz \u00e9v sor\u00e1n folyamatosan cs\u00f6kkent a r\u00e1ta. 2013. janu\u00e1r-m\u00e1rciusban 11,8 sz\u00e1zal\u00e9k volt, m\u00e1rcius-m\u00e1jusban 10,5, m\u00e1jus-j\u00faliusban 10,1 sz\u00e1zal\u00e9k, majd j\u00fanius-augusztusban 10 sz\u00e1zal\u00e9k al\u00e1, 9,9 sz\u00e1zal\u00e9kra cs\u00f6kkent, \u0151sszel pedig tov\u00e1bb m\u00e9rs\u00e9kl\u0151d\u00f6tt. J\u00falius-szeptemberben \u00e9s augusztus-okt\u00f3berben a mutat\u00f3 9,8 sz\u00e1zal\u00e9k volt, szeptember-novemberre pedig 9,3 sz\u00e1zal\u00e9kra cs\u00f6kkent.<br \/>\nA 25-54 \u00e9vesek, az \u00fagynevezett legjobb munkav\u00e1llal\u00e1si kor\u00faak munkan\u00e9lk\u00fclis\u00e9gi r\u00e1t\u00e1ja 1,3 sz\u00e1zal\u00e9kponttal 8,3 sz\u00e1zal\u00e9kra cs\u00f6kkent 2013 szeptember-november\u00e9ben 2012 azonos id\u0151szak\u00e1hoz k\u00e9pest, mik\u00f6zben az 55-64 \u00e9vesek\u00e9 0,3 sz\u00e1zal\u00e9kponttal 7,4 sz\u00e1zal\u00e9kra n\u0151tt.<br \/>\nTavaly szeptember-novemberben a 15-74 \u00e9ves munkan\u00e9lk\u00fcli f\u00e9rfiak sz\u00e1ma 220 ezer volt, 34 ezerrel kevesebb, mint egy \u00e9vvel kor\u00e1bban, munkan\u00e9lk\u00fclis\u00e9gi r\u00e1t\u00e1juk 1,5 sz\u00e1zal\u00e9kponttal, 9,2 sz\u00e1zal\u00e9kra cs\u00f6kkent. A n\u0151k k\u00f6z\u00f6tt a munkan\u00e9lk\u00fcliek sz\u00e1ma 190 ezer, a munkan\u00e9lk\u00fclis\u00e9gi r\u00e1ta 9,4 sz\u00e1zal\u00e9k volt, 1,1 sz\u00e1zal\u00e9kponttal alacsonyabb az el\u0151z\u0151 \u00e9v azonos id\u0151szakin\u00e1l.<br \/>\nA munkan\u00e9lk\u00fcliek 19,0 sz\u00e1zal\u00e9ka a munkaer\u0151piacon csak kis sz\u00e1mban jelenl\u00e9v\u0151 15-24 \u00e9ves koroszt\u00e1lyb\u00f3l ker\u00fclt ki. A korcsoport 24,7 sz\u00e1zal\u00e9kos munkan\u00e9lk\u00fclis\u00e9gi r\u00e1t\u00e1ja 4,3 sz\u00e1zal\u00e9kponttal alacsonyabb, mint egy \u00e9vvel ezel\u0151tt.<br \/>\nA KSH jelent\u00e9se szerint a munkan\u00e9lk\u00fcliek 55,1 sz\u00e1zal\u00e9ka egy \u00e9ve vagy ann\u00e1l r\u00e9gebben keresett \u00e1ll\u00e1st. A munkan\u00e9lk\u00fclis\u00e9g \u00e1tlagos id\u0151tartama 19,4 h\u00f3nap volt.<br \/>\nA Nemzeti Munka\u00fcgyi Hivatal adminisztrat\u00edv adatai szerint (<a title=\"Hely megnyit\u00e1sa\" href=\"http:\/\/www.munka.hu\/\" target=\"_blank\" rel=\"noopener\">http:\/\/www.munka.hu\/<\/a>) 2013. november v\u00e9g\u00e9n 446 ezer volt a nyilv\u00e1ntartott \u00e1ll\u00e1skeres\u0151k l\u00e9tsz\u00e1ma, ez 16,7 sz\u00e1zal\u00e9kos m\u00e9rs\u00e9kl\u0151d\u00e9st jelent 2012 november\u00e9hez k\u00e9pest.(MTI)<\/p>\n","protected":false},"excerpt":{"rendered":"<p>Tavaly szeptember-novemberben a munkan\u00e9lk\u00fcliek sz\u00e1ma 411 ezer volt, 57 ezerrel kevesebb, mint 2012 azonos id\u0151szak\u00e1ban, a munkan\u00e9lk\u00fclis\u00e9gi r\u00e1ta 1,3 sz\u00e1zal\u00e9kponttal 9,3 sz\u00e1zal\u00e9kra m\u00e9rs\u00e9kl\u0151d\u00f6tt &#8211; k\u00f6z\u00f6lte a K\u00f6zponti Statisztikai Hivatal (KSH) p\u00e9nteken.<\/p>\n","protected":false},"author":1,"featured_media":0,"comment_status":"open","ping_status":"closed","sticky":false,"template":"","format":"standard","meta":[],"categories":[19],"tags":[],"_links":{"self":[{"href":"https:\/\/gazdasagportal.hu\/index.php\/wp-json\/wp\/v2\/posts\/24301"}],"collection":[{"href":"https:\/\/gazdasagportal.hu\/index.php\/wp-json\/wp\/v2\/posts"}],"about":[{"href":"https:\/\/gazdasagportal.hu\/index.php\/wp-json\/wp\/v2\/types\/post"}],"author":[{"embeddable":true,"href":"https:\/\/gazdasagportal.hu\/index.php\/wp-json\/wp\/v2\/users\/1"}],"replies":[{"embeddable":true,"href":"https:\/\/gazdasagportal.hu\/index.php\/wp-json\/wp\/v2\/comments?post=24301"}],"version-history":[{"count":1,"href":"https:\/\/gazdasagportal.hu\/index.php\/wp-json\/wp\/v2\/posts\/24301\/revisions"}],"predecessor-version":[{"id":24302,"href":"https:\/\/gazdasagportal.hu\/index.php\/wp-json\/wp\/v2\/posts\/24301\/revisions\/24302"}],"wp:attachment":[{"href":"https:\/\/gazdasagportal.hu\/index.php\/wp-json\/wp\/v2\/media?parent=24301"}],"wp:term":[{"taxonomy":"category","embeddable":true,"href":"https:\/\/gazdasagportal.hu\/index.php\/wp-json\/wp\/v2\/categories?post=24301"},{"taxonomy":"post_tag","embeddable":true,"href":"https:\/\/gazdasagportal.hu\/index.php\/wp-json\/wp\/v2\/tags?post=24301"}],"curies":[{"name":"wp","href":"https:\/\/api.w.org\/{rel}","templated":true}]}}