{"id":24251,"date":"2014-01-02T16:39:40","date_gmt":"2014-01-02T15:39:40","guid":{"rendered":"http:\/\/stockportal.hu\/?p=24251"},"modified":"2014-01-02T16:39:40","modified_gmt":"2014-01-02T15:39:40","slug":"jobbik-a-fidesz-mar-tavaly-marciusban-megkezdte-kampanyat","status":"publish","type":"post","link":"https:\/\/gazdasagportal.hu\/index.php\/jobbik-a-fidesz-mar-tavaly-marciusban-megkezdte-kampanyat\/","title":{"rendered":"Jobbik: a Fidesz m\u00e1r tavaly m\u00e1rciusban megkezdte kamp\u00e1ny\u00e1t"},"content":{"rendered":"<p><strong>A Jobbik szerint \u00e1lszent \u00e9s \u00e1ls\u00e1gos a Fidesz r\u00e9sz\u00e9r\u0151l, hogy r\u00f6vid v\u00e1laszt\u00e1si id\u0151szakr\u00f3l besz\u00e9lnek, mik\u00f6zben m\u00e1r tavaly m\u00e1rciusban megkezdt\u00e9k a k\u00f6zp\u00e9nzb\u0151l finansz\u00edrozott kamp\u00e1nyukat.<!--more--><\/strong><\/p>\n<p>Err\u0151l D\u00far\u00f3 D\u00f3ra, az ellenz\u00e9ki p\u00e1rt sz\u00f3viv\u0151je besz\u00e9lt cs\u00fct\u00f6rt\u00f6ki sajt\u00f3t\u00e1j\u00e9koztat\u00f3j\u00e1n. Felid\u00e9zte: december k\u00f6zep\u00e9n \u00edr\u00e1sbeli k\u00e9rd\u00e9ssel fordult Navracsics Tibor k\u00f6zigazgat\u00e1si miniszterhez a &#8222;Magyarorsz\u00e1g jobban teljes\u00edt&#8221; elnevez\u00e9s\u0171 kamp\u00e1nnyal kapcsolatban. A t\u00e1rcavezet\u0151 december 31-i v\u00e1lasz\u00e1ban ismertette: a kamp\u00e1ny csaknem 800 milli\u00f3 forintba ker\u00fclt \u00e1f\u00e1val egy\u00fctt, \u00e9s h\u00e9t h\u00f3napig tartott.<br \/>\nA Jobbik szerint ez kir\u00edv\u00f3an dr\u00e1ga \u00e9s hossz\u00fa kamp\u00e1ny annak t\u00fckr\u00e9ben, hogy az orsz\u00e1ggy\u0171l\u00e9si v\u00e1laszt\u00e1sokon indul\u00f3 p\u00e1rtok legfeljebb 600 milli\u00f3 forint \u00e1llami t\u00e1mogat\u00e1st kaphatnak, a hivatalos kamp\u00e1nyid\u0151szak pedig mind\u00f6ssze \u00f6tven napig tart.<br \/>\n\u00c9ppen ez\u00e9rt az ellenz\u00e9ki p\u00e1rt szerint &#8222;\u00e1lszent \u00e9s \u00e1ls\u00e1gos&#8221; a Fidesz r\u00e9sz\u00e9r\u0151l r\u00f6vid kamp\u00e1nyid\u0151szakr\u00f3l besz\u00e9lni, hiszen ezzel a h\u00e9t h\u00f3napos, 800 milli\u00f3 forintos, k\u00f6zp\u00e9nzb\u0151l folytatott kamp\u00e1nyb\u00f3l is l\u00e1tszik, hogy m\u00e1r tavaly m\u00e1rciusban megkezdt\u00e9k a kamp\u00e1nyt.<br \/>\nEml\u00e9keztetett arra is, hogy a korm\u00e1ny a &#8222;Magyarorsz\u00e1g jobban teljes\u00edt&#8221; elnevez\u00e9s\u0171 kamp\u00e1nyra ism\u00e9telten azzal az Inter Media Group Kft.-vel k\u00f6t\u00f6tt szerz\u0151d\u00e9st, &#8222;amely Simicska Lajos \u00e9rdekelts\u00e9g\u00e9be tartozik&#8221;, \u00e9s amely tavaly az IMF-ellenes kamp\u00e1nyban &#8222;a piaci \u00e1r nyolcszoros\u00e1\u00e9rt&#8221; szerezte a megb\u00edzat\u00e1st a korm\u00e1nyt\u00f3l. D\u00far\u00f3 D\u00f3ra hangs\u00falyozta: a Jobbik korm\u00e1nyra ker\u00fcl\u00e9se eset\u00e9n a k\u00f6zp\u00e9nzek ilyen jelleg\u0171 &#8222;pazarl\u00e1s\u00e1ra&#8221; is kiterjed majd az elsz\u00e1moltat\u00e1s.(MTI)<\/p>\n","protected":false},"excerpt":{"rendered":"<p>A Jobbik szerint \u00e1lszent \u00e9s \u00e1ls\u00e1gos a Fidesz r\u00e9sz\u00e9r\u0151l, hogy r\u00f6vid v\u00e1laszt\u00e1si id\u0151szakr\u00f3l besz\u00e9lnek, mik\u00f6zben m\u00e1r tavaly m\u00e1rciusban megkezdt\u00e9k a k\u00f6zp\u00e9nzb\u0151l finansz\u00edrozott kamp\u00e1nyukat.<\/p>\n","protected":false},"author":1,"featured_media":0,"comment_status":"open","ping_status":"closed","sticky":false,"template":"","format":"standard","meta":[],"categories":[18],"tags":[],"_links":{"self":[{"href":"https:\/\/gazdasagportal.hu\/index.php\/wp-json\/wp\/v2\/posts\/24251"}],"collection":[{"href":"https:\/\/gazdasagportal.hu\/index.php\/wp-json\/wp\/v2\/posts"}],"about":[{"href":"https:\/\/gazdasagportal.hu\/index.php\/wp-json\/wp\/v2\/types\/post"}],"author":[{"embeddable":true,"href":"https:\/\/gazdasagportal.hu\/index.php\/wp-json\/wp\/v2\/users\/1"}],"replies":[{"embeddable":true,"href":"https:\/\/gazdasagportal.hu\/index.php\/wp-json\/wp\/v2\/comments?post=24251"}],"version-history":[{"count":1,"href":"https:\/\/gazdasagportal.hu\/index.php\/wp-json\/wp\/v2\/posts\/24251\/revisions"}],"predecessor-version":[{"id":24252,"href":"https:\/\/gazdasagportal.hu\/index.php\/wp-json\/wp\/v2\/posts\/24251\/revisions\/24252"}],"wp:attachment":[{"href":"https:\/\/gazdasagportal.hu\/index.php\/wp-json\/wp\/v2\/media?parent=24251"}],"wp:term":[{"taxonomy":"category","embeddable":true,"href":"https:\/\/gazdasagportal.hu\/index.php\/wp-json\/wp\/v2\/categories?post=24251"},{"taxonomy":"post_tag","embeddable":true,"href":"https:\/\/gazdasagportal.hu\/index.php\/wp-json\/wp\/v2\/tags?post=24251"}],"curies":[{"name":"wp","href":"https:\/\/api.w.org\/{rel}","templated":true}]}}