{"id":24232,"date":"2014-01-02T13:34:35","date_gmt":"2014-01-02T12:34:35","guid":{"rendered":"http:\/\/stockportal.hu\/?p=24232"},"modified":"2014-01-02T13:34:35","modified_gmt":"2014-01-02T12:34:35","slug":"erste-elemzes-a-devizahitelesek-problemaira-vegleges-megoldas-szulethet","status":"publish","type":"post","link":"https:\/\/gazdasagportal.hu\/index.php\/erste-elemzes-a-devizahitelesek-problemaira-vegleges-megoldas-szulethet\/","title":{"rendered":"Erste elemz\u00e9s &#8211; A devizahitelesek probl\u00e9m\u00e1ira v\u00e9gleges megold\u00e1s sz\u00fclethet"},"content":{"rendered":"<p><strong>Kelet-K\u00f6z\u00e9p-Eur\u00f3p\u00e1ban a GDP-n\u00f6veked\u00e9s v\u00e1rhat\u00f3an 2,2 sz\u00e1zal\u00e9kra gyorsul 2014-ben a 2013-as (becs\u00fclt) 0,9 sz\u00e1zal\u00e9kr\u00f3l, Magyarorsz\u00e1gon pedig a v\u00e1laszt\u00e1sok ut\u00e1n k\u00f6lts\u00e9gvet\u00e9si megszor\u00edt\u00e1sok j\u00f6hetnek, \u00e9s a devizahitelesek probl\u00e9m\u00e1ira is v\u00e9gleges megold\u00e1s sz\u00fclethet &#8211; \u00e1ll az Erste csoport legfrissebb, a r\u00e9gi\u00f3 2014-es gazdas\u00e1gi kil\u00e1t\u00e1sair\u00f3l sz\u00f3l\u00f3 elemz\u00e9s\u00e9ben.<!--more--><\/strong><\/p>\n<p>Az Erste cs\u00fct\u00f6rt\u00f6ki, MTI-hez eljuttatott k\u00f6zlem\u00e9nye szerint Kelet-K\u00f6z\u00e9p-Eur\u00f3p\u00e1ban kiegyens\u00falyozottabb\u00e1 v\u00e1lnak a gazdas\u00e1gi n\u00f6veked\u00e9s hajt\u00f3er\u0151i, \u00e9s a v\u00e1ls\u00e1g \u00f3ta els\u0151 \u00edzben b\u0151v\u00fclnek a beruh\u00e1z\u00e1sok.<br \/>\nJuraj Kotian, az Erste Group makroelemz\u00e9si r\u00e9szleg\u00e9nek vezet\u0151je a k\u00f6zlem\u00e9ny szerint kiemelte: a t\u00e9rs\u00e9gben k\u00e9tszer akkora gazdas\u00e1gi n\u00f6veked\u00e9s v\u00e1rhat\u00f3, mint az eur\u00f3\u00f6vezetben, valamint a b\u0151v\u00fcl\u00e9s is fenntarthat\u00f3bb\u00e1 v\u00e1lik. 2014 lesz az els\u0151 \u00e9v a v\u00e1ls\u00e1g kirobban\u00e1sa \u00f3ta, amikor a beruh\u00e1z\u00e1sok minden orsz\u00e1gban b\u0151v\u00fclni fognak &#8211; v\u00e9lekedett a szak\u00e9rt\u0151.<br \/>\nAz Erste elemz\u0151i szerint tov\u00e1bb cs\u00f6kken a t\u00e9rs\u00e9g orsz\u00e1gainak k\u00f6lts\u00e9gvet\u00e9si hi\u00e1nya, a foly\u00f3 fizet\u00e9si m\u00e9rlegek pedig tov\u00e1bbra sem &#8222;sz\u00e1llnak el&#8221;. Horv\u00e1torsz\u00e1g \u00e9s Szerbia kiv\u00e9tel\u00e9vel minden kelet-k\u00f6z\u00e9p-eur\u00f3pai orsz\u00e1g v\u00e1rhat\u00f3an megfelel a maastrichti k\u00f6vetelm\u00e9nynek, amely szerint a k\u00f6lts\u00e9gvet\u00e9s hi\u00e1nya nem l\u00e9pheti \u00e1t a GDP 3 sz\u00e1zal\u00e9k\u00e1t.<br \/>\n&#8222;Magyarorsz\u00e1g \u00e9s Rom\u00e1nia 2013 nyar\u00e1n kiker\u00fclt a t\u00falzottdeficit-elj\u00e1r\u00e1s al\u00f3l, Csehorsz\u00e1g \u00e9s Szlov\u00e1kia pedig v\u00e1rhat\u00f3an id\u00e9n fog. Szlov\u00e1kia csak \u00fagy kaphatja meg a felment\u00e9st, ha az Eur\u00f3pai Bizotts\u00e1g sz\u00e1m\u00e1ra tov\u00e1bbi r\u00e9szletekkel szolg\u00e1l j\u00f6v\u0151beli konszolid\u00e1ci\u00f3s terveit illet\u0151en. Lengyelorsz\u00e1g m\u00e9g egy \u00e9vig az elj\u00e1r\u00e1s hat\u00e1lya alatt marad, de 2014-ben pozit\u00edv k\u00f6lts\u00e9gvet\u00e9ssel z\u00e1rhat a mag\u00e1nnyugd\u00edjp\u00e9nzt\u00e1rak \u00e1llamk\u00f6tv\u00e9ny-\u00e1llom\u00e1ny\u00e1nak felv\u00e1s\u00e1rl\u00e1s\u00e1b\u00f3l sz\u00e1rmaz\u00f3 j\u00e1rul\u00e9kos bev\u00e9tel miatt&#8221; &#8211; hangs\u00falyozta Juraj Kotian.<br \/>\nT\u00f6bb kelet-k\u00f6z\u00e9p-eur\u00f3pai orsz\u00e1gban is rekordm\u00e9lys\u00e9gbe s\u00fcllyedtek a kamatok. Nem val\u00f3sz\u00edn\u0171, hogy a ny\u00e1r v\u00e9ge el\u0151tt megt\u00f6rt\u00e9nn\u00e9nek az els\u0151 kamatemel\u00e9sek, s\u0151t a jegybankok ak\u00e1r tov\u00e1bb is folytathatj\u00e1k a monet\u00e1ris laz\u00edt\u00e1st. Az amerikai jegybank szerep\u00e9t bet\u00f6lt\u0151 Fed eszk\u00f6zv\u00e1s\u00e1rl\u00e1si programj\u00e1nak visszafog\u00e1sa m\u00e1r nagyj\u00e1b\u00f3l be\u00e1raz\u00f3dott a kelet-k\u00f6z\u00e9p-eur\u00f3pai k\u00f6tv\u00e9ny\u00e1rfolyamokba, ez\u00e9rt a kelet-k\u00f6z\u00e9p-eur\u00f3pai hetek eset\u00e9ben a finansz\u00edroz\u00e1si kond\u00edci\u00f3k csak kis m\u00e9rt\u00e9kben v\u00e1ltozhatnak.<br \/>\n&#8222;\u00dagy t\u0171nik, a lass\u00edt\u00e1s nagyon is kontroll\u00e1lt folyamatnak \u00edg\u00e9rkezik, hiszen a Fed mindenk\u00e9ppen szeretn\u00e9 elker\u00fclni az amerikai k\u00f6tv\u00e9nyhozamok b\u00e1rmif\u00e9le drasztikus emel\u00e9s\u00e9t, nehogy vesz\u00e9lybe sodorja a gazdas\u00e1gi kil\u00e1bal\u00e1s fennmarad\u00e1s\u00e1t. Ez ugyanakkor a kelet-k\u00f6z\u00e9p-eur\u00f3pai k\u00f6tv\u00e9nyhozamok felfel\u00e9 mutat\u00f3 kock\u00e1zatait is visszafogja, s \u00e9ppen ez\u00e9rt csak nagyon szer\u00e9ny, 20-70 b\u00e1zispont m\u00e9rt\u00e9k\u0171 emelked\u00e9sre sz\u00e1m\u00edtunk j\u00f6v\u0151re&#8221; &#8211; mondta Juraj Kotian.<br \/>\nMagyarorsz\u00e1gon az Erste elemz\u0151i szerint a korm\u00e1ny unortodox politik\u00e1ja v\u00e9lhet\u0151en 2014-ben is a legjelent\u0151sebb t\u00e9nyez\u0151 marad. A tavasszal esed\u00e9kes parlamenti v\u00e1laszt\u00e1sok a j\u00f6v\u0151 esztend\u0151 egyik k\u00f6zponti esem\u00e9ny\u00e9nek sz\u00e1m\u00edtanak.<br \/>\nA legfrissebb felm\u00e9r\u00e9sek szerint a jelenlegi korm\u00e1ny marad hatalmon, ennek ellen\u00e9re az Erste elemz\u0151i nem z\u00e1rj\u00e1k ki, hogy a v\u00e1laszt\u00e1sok ut\u00e1n k\u00f6lts\u00e9gvet\u00e9si szigor\u00edt\u00e1s l\u00e9p \u00e9letbe, akadnak ugyanis kock\u00e1zatok arra vonatkoz\u00f3an, hogy siker\u00fcl-e a GDP 3 sz\u00e1zal\u00e9ka alatt tartani a k\u00f6lts\u00e9gvet\u00e9si hi\u00e1nyt, ami v\u00e9lhet\u0151en el\u0151felt\u00e9tele lesz a tov\u00e1bbi EU-p\u00e9nzek \u00e9rkez\u00e9s\u00e9nek, ez\u00e9rt kiemelt jelent\u0151s\u00e9ggel b\u00edr a korm\u00e1ny sz\u00e1m\u00e1ra.<br \/>\n&#8222;M\u00e1sr\u00e9szr\u0151l nem szabad megfeledkezni arr\u00f3l sem, hogy a korm\u00e1ny tov\u00e1bbi seg\u00edts\u00e9gny\u00fajt\u00e1st tervez a devizahitelesek sz\u00e1m\u00e1ra, ami viszont jelent\u0151s kihat\u00e1ssal lehet a bankszektorra, a forint \u00e1rfolyam\u00e1ra \u00e9s mag\u00e1ra a gazdas\u00e1g eg\u00e9sz\u00e9re&#8221; &#8211; \u00e1ll a k\u00f6zlem\u00e9nyben. (MTI)<\/p>\n","protected":false},"excerpt":{"rendered":"<p>Kelet-K\u00f6z\u00e9p-Eur\u00f3p\u00e1ban a GDP-n\u00f6veked\u00e9s v\u00e1rhat\u00f3an 2,2 sz\u00e1zal\u00e9kra gyorsul 2014-ben a 2013-as (becs\u00fclt) 0,9 sz\u00e1zal\u00e9kr\u00f3l, Magyarorsz\u00e1gon pedig a v\u00e1laszt\u00e1sok ut\u00e1n k\u00f6lts\u00e9gvet\u00e9si megszor\u00edt\u00e1sok j\u00f6hetnek, \u00e9s a devizahitelesek probl\u00e9m\u00e1ira is v\u00e9gleges megold\u00e1s sz\u00fclethet &#8211; \u00e1ll az Erste csoport legfrissebb, a r\u00e9gi\u00f3 2014-es gazdas\u00e1gi kil\u00e1t\u00e1sair\u00f3l sz\u00f3l\u00f3 elemz\u00e9s\u00e9ben.<\/p>\n","protected":false},"author":1,"featured_media":0,"comment_status":"open","ping_status":"closed","sticky":false,"template":"","format":"standard","meta":[],"categories":[19],"tags":[],"_links":{"self":[{"href":"https:\/\/gazdasagportal.hu\/index.php\/wp-json\/wp\/v2\/posts\/24232"}],"collection":[{"href":"https:\/\/gazdasagportal.hu\/index.php\/wp-json\/wp\/v2\/posts"}],"about":[{"href":"https:\/\/gazdasagportal.hu\/index.php\/wp-json\/wp\/v2\/types\/post"}],"author":[{"embeddable":true,"href":"https:\/\/gazdasagportal.hu\/index.php\/wp-json\/wp\/v2\/users\/1"}],"replies":[{"embeddable":true,"href":"https:\/\/gazdasagportal.hu\/index.php\/wp-json\/wp\/v2\/comments?post=24232"}],"version-history":[{"count":1,"href":"https:\/\/gazdasagportal.hu\/index.php\/wp-json\/wp\/v2\/posts\/24232\/revisions"}],"predecessor-version":[{"id":24233,"href":"https:\/\/gazdasagportal.hu\/index.php\/wp-json\/wp\/v2\/posts\/24232\/revisions\/24233"}],"wp:attachment":[{"href":"https:\/\/gazdasagportal.hu\/index.php\/wp-json\/wp\/v2\/media?parent=24232"}],"wp:term":[{"taxonomy":"category","embeddable":true,"href":"https:\/\/gazdasagportal.hu\/index.php\/wp-json\/wp\/v2\/categories?post=24232"},{"taxonomy":"post_tag","embeddable":true,"href":"https:\/\/gazdasagportal.hu\/index.php\/wp-json\/wp\/v2\/tags?post=24232"}],"curies":[{"name":"wp","href":"https:\/\/api.w.org\/{rel}","templated":true}]}}