{"id":24212,"date":"2014-01-02T10:44:43","date_gmt":"2014-01-02T09:44:43","guid":{"rendered":"http:\/\/stockportal.hu\/?p=24212"},"modified":"2014-01-02T10:44:43","modified_gmt":"2014-01-02T09:44:43","slug":"fel-napig-nem-lesz-adas-a-tv2-n-csutortok-deltol","status":"publish","type":"post","link":"https:\/\/gazdasagportal.hu\/index.php\/fel-napig-nem-lesz-adas-a-tv2-n-csutortok-deltol\/","title":{"rendered":"F\u00e9l napig nem lesz ad\u00e1s a TV2-n cs\u00fct\u00f6rt\u00f6k d\u00e9lt\u0151l"},"content":{"rendered":"<p><strong>F\u00e9l napig nem lesz ad\u00e1s a TV2-n cs\u00fct\u00f6rt\u00f6k d\u00e9lt\u0151l \u00e9jf\u00e9lig, mert a kereskedelmi telev\u00edzi\u00f3 m\u00e9g 2009-ben megs\u00e9rtette az akkor hat\u00e1lyos m\u00e9diat\u00f6rv\u00e9nyt. A szankci\u00f3t a m\u00e9diahat\u00f3s\u00e1g a kiskor\u00faak v\u00e9delme \u00e9rdek\u00e9ben szabta ki &#8211; k\u00f6z\u00f6lte a M\u00e9diatan\u00e1cs sz\u00f3viv\u0151i irod\u00e1ja.<!--more--><\/strong><\/p>\n<p>A M\u00e9diatan\u00e1cs jogel\u0151dje, az Orsz\u00e1gos R\u00e1di\u00f3 \u00e9s Telev\u00edzi\u00f3 Test\u00fclet (ORTT) egy 2009 j\u00faliusi hat\u00e1rozat\u00e1ban \u00e1llap\u00edtotta meg, hogy az MTM-SBS Telev\u00edzi\u00f3 Zrt. (TV2) az \u00e1ltala sug\u00e1rzott Joshi Bharat c\u00edm\u0171 m\u0171sorsz\u00e1m helytelen korhat\u00e1r-besorol\u00e1s\u00e1val \u00e9s k\u00f6zread\u00e1s\u00e1nak id\u0151pontj\u00e1val megs\u00e9rtette a r\u00e1di\u00f3z\u00e1sr\u00f3l \u00e9s telev\u00edzi\u00f3z\u00e1sr\u00f3l sz\u00f3l\u00f3 (1996. \u00e9vi) t\u00f6rv\u00e9nyt.<br \/>\nEml\u00e9keztettek arra, a r\u00e9gi m\u00e9diat\u00f6rv\u00e9ny szerint azt a m\u0171sorsz\u00e1mot, amely alkalmas a 16 \u00e9ven aluliak fizikai, szellemi vagy erk\u00f6lcsi fejl\u0151d\u00e9s\u00e9nek kedvez\u0151tlen befoly\u00e1sol\u00e1s\u00e1ra, &#8222;k\u00fcl\u00f6n\u00f6sen az\u00e1ltal, hogy k\u00f6zvetett m\u00f3don utal er\u0151szakra, illetve szexualit\u00e1sra, vagy t\u00e9m\u00e1j\u00e1nak meghat\u00e1roz\u00f3 eleme az er\u0151szakos m\u00f3don megoldott konfliktus&#8221;, a tizenhat \u00e9ven aluliak sz\u00e1m\u00e1ra nem aj\u00e1nlott (III.) kateg\u00f3ri\u00e1ba kell sorolni.<br \/>\nAz ebbe a kateg\u00f3ri\u00e1ba sorolt m\u0171sorsz\u00e1m megfelel\u0151 jelz\u00e9ssel ell\u00e1tva 21 \u00e9s 5 \u00f3ra k\u00f6z\u00f6tt tehet\u0151 csak k\u00f6zz\u00e9.<br \/>\nEz azt jelenti, hogy a TV2-nek a tizenhat \u00e9ven aluliak sz\u00e1m\u00e1ra nem aj\u00e1nlott kateg\u00f3ri\u00e1ba kellett volna sorolni a m\u0171sort \u00e9s csak este kilenc \u00f3ra ut\u00e1n kezdhette volna vet\u00edteni.<br \/>\nAz ORTT meg\u00e1llap\u00edtotta tov\u00e1bb\u00e1 azt is, hogy a TV2 a m\u0171sorsz\u00e1m el\u0151zeteseivel is megs\u00e9rtette a t\u00f6rv\u00e9nyt, mert azokat sem megfelel\u0151 id\u0151s\u00e1vban tette k\u00f6zz\u00e9.<br \/>\nAz ORTT a t\u00f6rv\u00e9nys\u00e9rt\u00e9sek miatt 720 perc id\u0151tartamra f\u00fcggesztette fel az MTM-SBS Telev\u00edzi\u00f3 Zrt. m\u0171sorszolg\u00e1ltat\u00e1si jogosults\u00e1g\u00e1nak gyakorl\u00e1s\u00e1t.<br \/>\nA TV2 t\u00f6bbsz\u00f6r is fellebbezett, de a b\u00edr\u00f3s\u00e1g mindannyiszor a m\u00e9diahat\u00f3s\u00e1gnak adott igazat. A csatorna v\u00e9g\u00fcl a K\u00fari\u00e1n\u00e1l kezdem\u00e9nyezett fel\u00fclvizsg\u00e1lati elj\u00e1r\u00e1st. A K\u00faria a F\u0151v\u00e1rosi \u00cdt\u00e9l\u0151t\u00e1bla joger\u0151s \u00edt\u00e9let\u00e9t hat\u00e1ly\u00e1ban fenntartotta, azaz ism\u00e9t kimondta, hogy a m\u00e9diahat\u00f3s\u00e1g jogszer\u0171 d\u00f6nt\u00e9st hozott.<br \/>\nA TV2 cs\u00fct\u00f6rt\u00f6k d\u00e9l \u00e9s \u00e9jf\u00e9l k\u00f6z\u00f6tt hajtja v\u00e9gre a hat\u00e1rozatot.(MTI)<\/p>\n","protected":false},"excerpt":{"rendered":"<p>F\u00e9l napig nem lesz ad\u00e1s a TV2-n cs\u00fct\u00f6rt\u00f6k d\u00e9lt\u0151l \u00e9jf\u00e9lig, mert a kereskedelmi telev\u00edzi\u00f3 m\u00e9g 2009-ben megs\u00e9rtette az akkor hat\u00e1lyos m\u00e9diat\u00f6rv\u00e9nyt. A szankci\u00f3t a m\u00e9diahat\u00f3s\u00e1g a kiskor\u00faak v\u00e9delme \u00e9rdek\u00e9ben szabta ki &#8211; k\u00f6z\u00f6lte a M\u00e9diatan\u00e1cs sz\u00f3viv\u0151i irod\u00e1ja.<\/p>\n","protected":false},"author":1,"featured_media":0,"comment_status":"open","ping_status":"closed","sticky":false,"template":"","format":"standard","meta":[],"categories":[48],"tags":[],"_links":{"self":[{"href":"https:\/\/gazdasagportal.hu\/index.php\/wp-json\/wp\/v2\/posts\/24212"}],"collection":[{"href":"https:\/\/gazdasagportal.hu\/index.php\/wp-json\/wp\/v2\/posts"}],"about":[{"href":"https:\/\/gazdasagportal.hu\/index.php\/wp-json\/wp\/v2\/types\/post"}],"author":[{"embeddable":true,"href":"https:\/\/gazdasagportal.hu\/index.php\/wp-json\/wp\/v2\/users\/1"}],"replies":[{"embeddable":true,"href":"https:\/\/gazdasagportal.hu\/index.php\/wp-json\/wp\/v2\/comments?post=24212"}],"version-history":[{"count":1,"href":"https:\/\/gazdasagportal.hu\/index.php\/wp-json\/wp\/v2\/posts\/24212\/revisions"}],"predecessor-version":[{"id":24213,"href":"https:\/\/gazdasagportal.hu\/index.php\/wp-json\/wp\/v2\/posts\/24212\/revisions\/24213"}],"wp:attachment":[{"href":"https:\/\/gazdasagportal.hu\/index.php\/wp-json\/wp\/v2\/media?parent=24212"}],"wp:term":[{"taxonomy":"category","embeddable":true,"href":"https:\/\/gazdasagportal.hu\/index.php\/wp-json\/wp\/v2\/categories?post=24212"},{"taxonomy":"post_tag","embeddable":true,"href":"https:\/\/gazdasagportal.hu\/index.php\/wp-json\/wp\/v2\/tags?post=24212"}],"curies":[{"name":"wp","href":"https:\/\/api.w.org\/{rel}","templated":true}]}}