{"id":2419,"date":"2013-02-08T08:08:34","date_gmt":"2013-02-08T07:08:34","guid":{"rendered":"http:\/\/stockportal.hu\/?p=2419"},"modified":"2013-02-10T09:43:05","modified_gmt":"2013-02-10T08:43:05","slug":"eu-csucs-nagy-vonalakban-megallapodtak-a-keretkoltsegvetesrol","status":"publish","type":"post","link":"https:\/\/gazdasagportal.hu\/index.php\/eu-csucs-nagy-vonalakban-megallapodtak-a-keretkoltsegvetesrol\/","title":{"rendered":"EU-cs\u00facs &#8211; Nagy vonalakban meg\u00e1llapodtak a keretk\u00f6lts\u00e9gvet\u00e9sr\u0151l"},"content":{"rendered":"<p><strong>Az EU-orsz\u00e1gok cs\u00facsvezet\u0151i p\u00e9ntek reggelre nagy vonalakban meg\u00e1llapodtak a 2014 \u00e9s 2020 k\u00f6z\u00f6tti id\u0151szak uni\u00f3s keretk\u00f6lts\u00e9gvet\u00e9s\u00e9r\u0151l &#8211; jelezt\u00e9k Br\u00fcsszelben uni\u00f3s forr\u00e1sok, egyel\u0151re n\u00e9vtelens\u00e9get k\u00e9rve.<!--more--><\/strong><\/p>\n<p>A forr\u00e1sok hangs\u00falyozt\u00e1k, hogy a minden r\u00e9szletre kiterjed\u0151 meg\u00e1llapod\u00e1st m\u00e9g nem dolgozt\u00e1k ki, de annak k\u00f6zvetlen k\u00f6zel\u00e9be jutottak. A teljes k\u00f6r\u0171 megegyez\u00e9s m\u00e9g a nap folyam\u00e1n v\u00e1rhat\u00f3.<br \/>\nA tan\u00e1cskoz\u00e1s helysz\u00edn\u00e9n kering\u0151 \u00e9rtes\u00fcl\u00e9sek szerint a keretk\u00f6lts\u00e9gvet\u00e9s fels\u0151 hat\u00e1ra a k\u00f6telezetts\u00e9gv\u00e1llal\u00e1sokra n\u00e9zve 960 milli\u00e1rd, a t\u00e9nyleges kifizet\u00e9sekre n\u00e9zve 908,4 milli\u00e1rd eur\u00f3 lenne.<br \/>\nA britek &#8211; mondj\u00e1k a t\u00e1rgyal\u00e1sok ismer\u0151i &#8211; eredetileg azt k\u00f6vetelt\u00e9k, hogy a t\u00e9nyleges kifizet\u00e9seket nyess\u00e9k le 900 milli\u00e1rd al\u00e1.<br \/>\nUni\u00f3s diplomat\u00e1k szerint a legut\u00f3bbi sz\u00e1msorok t\u00fckr\u00e9ben az eddigi elk\u00e9pzel\u00e9sekhez k\u00e9pest valamelyest n\u00f6vekedett a koh\u00e9zi\u00f3s &#8211; felz\u00e1rk\u00f3ztat\u00e1si &#8211; t\u00e1mogat\u00e1si keret, ami Magyarorsz\u00e1g szempontj\u00e1b\u00f3l k\u00fcl\u00f6n\u00f6sen fontos r\u00e9szter\u00fclet. A javaslat egyebek k\u00f6z\u00f6tt a hat magyarorsz\u00e1gi felz\u00e1rk\u00f3z\u00f3 r\u00e9gi\u00f3 sz\u00e1m\u00e1ra k\u00fcl\u00f6n 1,4 milli\u00e1rd eur\u00f3t ir\u00e1nyoz el\u0151.<br \/>\nA nem hivatalos k\u00f6zl\u00e9sek szerint az \u00e1fa-visszat\u00e9r\u00edt\u00e9s szab\u00e1lyoz\u00e1s\u00e1t illet\u0151en is olyan konstrukci\u00f3 elfogad\u00e1sa a legval\u00f3sz\u00edn\u0171bb, amely kedvez\u0151 Magyarorsz\u00e1g sz\u00e1m\u00e1ra.<br \/>\nA fiatalok k\u00f6r\u00e9ben szinte eg\u00e9sz Eur\u00f3p\u00e1ban tapasztalt nagyon magas munkan\u00e9lk\u00fclis\u00e9gi r\u00e1ta cs\u00f6kkent\u00e9se \u00e9rdek\u00e9ben 6 milli\u00e1rd eur\u00f3s alapot hoznak l\u00e9tre arra, hogy e koroszt\u00e1ly sz\u00e1m\u00e1ra foglalkoztat\u00e1si, illetve tov\u00e1bbk\u00e9pz\u00e9si programokat val\u00f3s\u00edtsanak meg.<br \/>\nA kor\u00e1bban tervezett mintegy 40 milli\u00e1rd eur\u00f3 helyett 30-n\u00e1l kevesebbet kap majd a t\u00e1vk\u00f6zl\u00e9si, k\u00f6zleked\u00e9si \u00e9s egy\u00e9b infrastruktur\u00e1lis h\u00e1l\u00f3zatok fejleszt\u00e9s\u00e9t szolg\u00e1l\u00f3 Connecting Europe program.\u00a0(MTI)<\/p>\n","protected":false},"excerpt":{"rendered":"<p>Az EU-orsz\u00e1gok cs\u00facsvezet\u0151i p\u00e9ntek reggelre nagy vonalakban meg\u00e1llapodtak a 2014 \u00e9s 2020 k\u00f6z\u00f6tti id\u0151szak uni\u00f3s keretk\u00f6lts\u00e9gvet\u00e9s\u00e9r\u0151l &#8211; jelezt\u00e9k Br\u00fcsszelben uni\u00f3s forr\u00e1sok, egyel\u0151re n\u00e9vtelens\u00e9get k\u00e9rve.<\/p>\n","protected":false},"author":1,"featured_media":2125,"comment_status":"closed","ping_status":"closed","sticky":false,"template":"","format":"standard","meta":[],"categories":[12],"tags":[32],"_links":{"self":[{"href":"https:\/\/gazdasagportal.hu\/index.php\/wp-json\/wp\/v2\/posts\/2419"}],"collection":[{"href":"https:\/\/gazdasagportal.hu\/index.php\/wp-json\/wp\/v2\/posts"}],"about":[{"href":"https:\/\/gazdasagportal.hu\/index.php\/wp-json\/wp\/v2\/types\/post"}],"author":[{"embeddable":true,"href":"https:\/\/gazdasagportal.hu\/index.php\/wp-json\/wp\/v2\/users\/1"}],"replies":[{"embeddable":true,"href":"https:\/\/gazdasagportal.hu\/index.php\/wp-json\/wp\/v2\/comments?post=2419"}],"version-history":[{"count":4,"href":"https:\/\/gazdasagportal.hu\/index.php\/wp-json\/wp\/v2\/posts\/2419\/revisions"}],"predecessor-version":[{"id":2421,"href":"https:\/\/gazdasagportal.hu\/index.php\/wp-json\/wp\/v2\/posts\/2419\/revisions\/2421"}],"wp:featuredmedia":[{"embeddable":true,"href":"https:\/\/gazdasagportal.hu\/index.php\/wp-json\/wp\/v2\/media\/2125"}],"wp:attachment":[{"href":"https:\/\/gazdasagportal.hu\/index.php\/wp-json\/wp\/v2\/media?parent=2419"}],"wp:term":[{"taxonomy":"category","embeddable":true,"href":"https:\/\/gazdasagportal.hu\/index.php\/wp-json\/wp\/v2\/categories?post=2419"},{"taxonomy":"post_tag","embeddable":true,"href":"https:\/\/gazdasagportal.hu\/index.php\/wp-json\/wp\/v2\/tags?post=2419"}],"curies":[{"name":"wp","href":"https:\/\/api.w.org\/{rel}","templated":true}]}}