{"id":24172,"date":"2014-01-01T10:46:35","date_gmt":"2014-01-01T09:46:35","guid":{"rendered":"http:\/\/stockportal.hu\/?p=24172"},"modified":"2014-01-01T10:27:21","modified_gmt":"2014-01-01T09:27:21","slug":"volgogradi-merenyletek-varatlanul-volgogradba-utazott-az-orosz-elnok","status":"publish","type":"post","link":"https:\/\/gazdasagportal.hu\/index.php\/volgogradi-merenyletek-varatlanul-volgogradba-utazott-az-orosz-elnok\/","title":{"rendered":"Volgogr\u00e1di mer\u00e9nyletek &#8211; V\u00e1ratlanul Volgogr\u00e1dba utazott az orosz eln\u00f6k"},"content":{"rendered":"<p><strong>El\u0151re be nem jelentett l\u00e1togat\u00e1sra Volgogr\u00e1dba, a n\u00e9h\u00e1ny nappal kor\u00e1bbi robbant\u00e1sok helysz\u00edn\u00e9re utazott szerd\u00e1n hajnalban Vlagyimir Putyin orosz \u00e1llamf\u0151, hogy helyi illet\u00e9kesekkel tan\u00e1cskozzon.<!--more--><\/strong><\/p>\n<p>&#8222;B\u00e1rmi is volt a tettesek ind\u00edt\u00e9ka, semmi sem igazolja a civil lakoss\u00e1g, k\u00fcl\u00f6n\u00f6sen a n\u0151k \u00e9s gyermekek elleni b\u0171ncselekm\u00e9nyeket&#8221; &#8211; jelentette ki az \u00e1llamf\u0151, aki nem sokkal meg\u00e9rkez\u00e9se ut\u00e1n a terrorizmus elleni fell\u00e9p\u00e9sr\u0151l sz\u00f3l\u00f3 tan\u00e1cskoz\u00e1st h\u00edvott \u00f6ssze a Moszkv\u00e1t\u00f3l mintegy ezer kilom\u00e9terre d\u00e9lre fekv\u0151 v\u00e1rosban.<br \/>\nA kora reggeli megbesz\u00e9l\u00e9sen Vlagyimir Kolokolcev orosz bel\u00fcgyminiszter, Alekszandr Bortnyikov, az orosz Sz\u00f6vets\u00e9gi Biztons\u00e1gi Szolg\u00e1lat vezet\u0151je, a rendv\u00e9delmi szervek helyi vezet\u0151i, Veronyika Szkorcova orosz eg\u00e9szs\u00e9g\u00fcgyi miniszter \u00e9s Szergej Bozsenov, a Volgogr\u00e1di r\u00e9gi\u00f3 korm\u00e1nyz\u00f3ja vett r\u00e9szt. Az \u00e1llamf\u0151 az eddigi int\u00e9zked\u00e9sekr\u0151l \u00e9s a tov\u00e1bbi l\u00e9p\u00e9sekr\u0151l sz\u00e1moltatta be a korm\u00e1nyzat k\u00e9pvisel\u0151it \u00e9s a rendv\u00e9delmi szervek vezet\u0151it.<br \/>\nAz eln\u00f6k el\u0151z\u0151leg, az orosz T\u00e1vol-Keleten l\u00e9v\u0151 Habarovszkban mondott \u00faj\u00e9vi besz\u00e9d\u00e9ben kem\u00e9ny \u00e9s k\u00f6vetkezetes harcot \u00edg\u00e9rt a terrorizmus ellen.<br \/>\nA volgogr\u00e1di tan\u00e1cskoz\u00e1son Putyin megjegyezte, hogy a speci\u00e1lis orosz egys\u00e9gek a terrorelh\u00e1r\u00edt\u00f3 akci\u00f3k sor\u00e1n mindent megtesznek a polg\u00e1ri lakoss\u00e1g biztons\u00e1ga \u00e9rdek\u00e9ben, de a d\u00e9l-oroszorsz\u00e1gi nagyv\u00e1rosban &#8222;minden ellenkez\u0151k\u00e9ppen t\u00f6rt\u00e9nt&#8221;.<br \/>\nVolgogr\u00e1dban t\u00f6bbs\u00e9g\u00e9ben civilek v\u00e1ltak a v\u00e9res mer\u00e9nyletek \u00e1ldozataiv\u00e1, de egy szolg\u00e1latot teljes\u00edt\u0151 rend\u0151r \u00e9s a vas\u00fat\u00e1llom\u00e1s k\u00e9t biztons\u00e1gi embere is meghalt a k\u00f6zponti p\u00e1lyaudvaron. \u0150k akad\u00e1lyozt\u00e1k meg a mer\u00e9nyl\u0151t abban, hogy \u00e1thaladjon a biztons\u00e1gi kapun. T\u00f6bb rend\u0151r is megs\u00e9r\u00fclt a robbant\u00e1skor.<br \/>\nAz orosz \u00e1llamf\u0151 a volgogr\u00e1di megbesz\u00e9l\u00e9st k\u00f6vet\u0151en j\u00e1rt a trolibusz felrobbant\u00e1s\u00e1nak helysz\u00edn\u00e9n is, ahol vir\u00e1got helyezett el, majd megl\u00e1togatta a robbant\u00e1sok s\u00e9r\u00fcltjeit az egyik volgogr\u00e1di k\u00f3rh\u00e1zban. Az egyik sebes\u00fclt asszony az eln\u00f6knek azt mondta: &#8222;a volgogr\u00e1diaknak er\u0151s a lelk\u00fck, csak \u00fagy nem lehet benn\u00fcnket megt\u00f6rni&#8221;.<br \/>\nVolgogr\u00e1dban m\u00falt vas\u00e1rnap a k\u00f6zponti vas\u00fat\u00e1llom\u00e1son, h\u00e9tf\u0151n pedig egy forgalmas trolibuszon k\u00f6vettek el robbant\u00e1sos mer\u00e9nyleteket. Ezek hal\u00e1los \u00e1ldozatainak sz\u00e1ma 34-re emelkedett, de t\u00f6bb s\u00e9r\u00fclt \u00e1llapota tov\u00e1bbra is s\u00falyos. Az orosz eg\u00e9szs\u00e9g\u00fcgyi miniszt\u00e9rium k\u00f6zl\u00e9se szerint \u00f6sszesen 72 ember sebes\u00fclt meg, k\u00f6z\u00f6tt\u00fck gyermekek is. Egy kilenc\u00e9ves kisl\u00e1ny\u00e9rt \u00e9s egy s\u00falyos s\u00e9r\u00fcl\u00e9seket szenvedett h\u00e1rom h\u00f3napos kisfi\u00fa\u00e9rt Volgogr\u00e1dba \u00e9rkezett az orosz rendk\u00edv\u00fcli helyzetek miniszt\u00e9rium\u00e1nak rep\u00fcl\u0151g\u00e9pe, hogy Moszkv\u00e1ba sz\u00e1ll\u00edtsa \u0151ket tov\u00e1bbi klinikai kezel\u00e9sre.(MTI)<\/p>\n","protected":false},"excerpt":{"rendered":"<p>El\u0151re be nem jelentett l\u00e1togat\u00e1sra Volgogr\u00e1dba, a n\u00e9h\u00e1ny nappal kor\u00e1bbi robbant\u00e1sok helysz\u00edn\u00e9re utazott szerd\u00e1n hajnalban Vlagyimir Putyin orosz \u00e1llamf\u0151, hogy helyi illet\u00e9kesekkel tan\u00e1cskozzon.<\/p>\n","protected":false},"author":1,"featured_media":0,"comment_status":"open","ping_status":"closed","sticky":false,"template":"","format":"standard","meta":[],"categories":[12],"tags":[],"_links":{"self":[{"href":"https:\/\/gazdasagportal.hu\/index.php\/wp-json\/wp\/v2\/posts\/24172"}],"collection":[{"href":"https:\/\/gazdasagportal.hu\/index.php\/wp-json\/wp\/v2\/posts"}],"about":[{"href":"https:\/\/gazdasagportal.hu\/index.php\/wp-json\/wp\/v2\/types\/post"}],"author":[{"embeddable":true,"href":"https:\/\/gazdasagportal.hu\/index.php\/wp-json\/wp\/v2\/users\/1"}],"replies":[{"embeddable":true,"href":"https:\/\/gazdasagportal.hu\/index.php\/wp-json\/wp\/v2\/comments?post=24172"}],"version-history":[{"count":1,"href":"https:\/\/gazdasagportal.hu\/index.php\/wp-json\/wp\/v2\/posts\/24172\/revisions"}],"predecessor-version":[{"id":24173,"href":"https:\/\/gazdasagportal.hu\/index.php\/wp-json\/wp\/v2\/posts\/24172\/revisions\/24173"}],"wp:attachment":[{"href":"https:\/\/gazdasagportal.hu\/index.php\/wp-json\/wp\/v2\/media?parent=24172"}],"wp:term":[{"taxonomy":"category","embeddable":true,"href":"https:\/\/gazdasagportal.hu\/index.php\/wp-json\/wp\/v2\/categories?post=24172"},{"taxonomy":"post_tag","embeddable":true,"href":"https:\/\/gazdasagportal.hu\/index.php\/wp-json\/wp\/v2\/tags?post=24172"}],"curies":[{"name":"wp","href":"https:\/\/api.w.org\/{rel}","templated":true}]}}