{"id":24162,"date":"2014-01-01T07:49:41","date_gmt":"2014-01-01T06:49:41","guid":{"rendered":"http:\/\/stockportal.hu\/?p=24162"},"modified":"2013-12-31T17:50:33","modified_gmt":"2013-12-31T16:50:33","slug":"bizottsag-velemenyezi-a-jatekkaszino-uzemeltetesi-ajanlatokat","status":"publish","type":"post","link":"https:\/\/gazdasagportal.hu\/index.php\/bizottsag-velemenyezi-a-jatekkaszino-uzemeltetesi-ajanlatokat\/","title":{"rendered":"Bizotts\u00e1g v\u00e9lem\u00e9nyezi a j\u00e1t\u00e9kkaszin\u00f3-\u00fczemeltet\u00e9si aj\u00e1nlatokat"},"content":{"rendered":"<p><strong>H\u00e1romtag\u00fa d\u00f6nt\u00e9s-el\u0151k\u00e9sz\u00edt\u0151 bizotts\u00e1g v\u00e9lem\u00e9nyezi majd a j\u00e1t\u00e9kkaszin\u00f3k \u00fczemeltet\u00e9s\u00e9re \u00e9rkez\u0151 aj\u00e1nlatokat. Egyebek k\u00f6z\u00f6tt ezt tartalmazza a nemzetgazdas\u00e1gi miniszternek a keddi Hivatalos \u00c9rtes\u00edt\u0151ben megjelent utas\u00edt\u00e1sa.<!--more--><\/strong><\/p>\n<p>Az utas\u00edt\u00e1s szerint a szerz\u0151d\u00e9sek el\u0151k\u00e9sz\u00edt\u00e9s\u00e9hez \u00e9s az aj\u00e1nlatok elb\u00edr\u00e1l\u00e1s\u00e1hoz kapcsol\u00f3d\u00f3 el\u0151zetes jogi tev\u00e9kenys\u00e9get &#8211; k\u00f6zt\u00fck a k\u00f6zigazgat\u00e1si szervek megkeres\u00e9s\u00e9t &#8211; az ad\u00f3z\u00e1s\u00e9rt \u00e9s sz\u00e1mvitel\u00e9rt felel\u0151s helyettes \u00e1llamtitk\u00e1rs\u00e1g ad\u00f3- \u00e9s v\u00e1migazgat\u00e1si f\u0151oszt\u00e1lya v\u00e9gzi.<br \/>\nA l\u00e9trej\u00f6v\u0151 d\u00f6nt\u00e9s-el\u0151k\u00e9sz\u00edt\u0151 bizotts\u00e1g az aj\u00e1nlat elb\u00edr\u00e1l\u00e1s\u00e1hoz \u00e9s a koncesszi\u00f3s szerz\u0151d\u00e9s megk\u00f6t\u00e9s\u00e9hez is v\u00e9lem\u00e9nyt k\u00e9sz\u00edt az utas\u00edt\u00e1sban megadott hat\u00e1rid\u0151re a miniszternek a jogszab\u00e1lyi felt\u00e9telek teljes\u00fcl\u00e9s\u00e9r\u0151l.<br \/>\nA v\u00e9lem\u00e9ny k\u00e9sz\u00edt\u00e9se sor\u00e1n a tagok vizsg\u00e1lata k\u00fcl\u00f6n\u00f6sen arra terjed ki, hogy a szerencsej\u00e1t\u00e9k-szervez\u0151, valamint annak t\u00f6bbs\u00e9gi tulajdonosa \u00e1tl\u00e1that\u00f3 szervezet-e, valamennyi k\u00f6zteherre vonatkoz\u00f3 bevall\u00e1si \u00e9s fizet\u00e9si k\u00f6telezetts\u00e9g\u00e9nek eleget tett-e, \u00e9s egyszer sem esett harminc napot meghalad\u00f3 k\u00e9sedelembe.<br \/>\nMegvizsg\u00e1lj\u00e1k azt is, hogy a p\u00e1ly\u00e1z\u00f3 egyik banksz\u00e1ml\u00e1j\u00e1n sem volt azonnali beszed\u00e9si megb\u00edz\u00e1s az ad\u00f3hat\u00f3s\u00e1g r\u00e9sz\u00e9r\u0151l, illetve m\u0171k\u00f6d\u00e9se sor\u00e1n nem indult ellene v\u00e9grehajt\u00e1si elj\u00e1r\u00e1s, illetve a m\u0171k\u00f6d\u00e9se sor\u00e1n, azzal \u00f6sszef\u00fcgg\u00e9sben, t\u00f6rt\u00e9nt-e olyan jogs\u00e9rt\u00e9s, amely miatt esetenk\u00e9nt \u00f6tmilli\u00f3 forint \u00f6sszeget meghalad\u00f3 b\u00edrs\u00e1ggal s\u00fajtott\u00e1k volna. A bizotts\u00e1g ellen\u0151rzi, hogy a szerencsej\u00e1t\u00e9k-szervez\u0151 legal\u00e1bb 10 \u00e9ven kereszt\u00fcl folytatott-e szerencsej\u00e1t\u00e9k szervez\u00e9s\u00e9re ir\u00e1nyul\u00f3 tev\u00e9kenys\u00e9get Magyarorsz\u00e1gon, \u00e9s v\u00e1llalta-e, hogy egys\u00e9genk\u00e9nt a mindenkori k\u00f6zponti k\u00f6lts\u00e9gvet\u00e9sr\u0151l sz\u00f3l\u00f3 t\u00f6rv\u00e9nyben meghat\u00e1rozott koncesszi\u00f3s d\u00edj \u00f6sszege legal\u00e1bb k\u00e9tszeres\u00e9nek megfelel\u0151 \u00f6sszeg\u0171 \u00e9ves koncesszi\u00f3s d\u00edjat fizet.<br \/>\nA l\u00e9trej\u00f6v\u0151 h\u00e1romtag\u00fa test\u00fclet vezet\u0151je a miniszteri kabinet f\u0151n\u00f6ke, szavazati joggal rendelkez\u0151 tagja az ad\u00f3z\u00e1s\u00e9rt \u00e9s sz\u00e1mvitel\u00e9rt felel\u0151s helyettes \u00e1llamtitk\u00e1r \u00e9s a jogi \u00e9s koordin\u00e1ci\u00f3s \u00fcgyek\u00e9rt felel\u0151s helyettes \u00e1llamtitk\u00e1r. A test\u00fcletnek konzult\u00e1ci\u00f3s joggal m\u00e1s szem\u00e9ly is tagja lehet a bizotts\u00e1g eln\u00f6k\u00e9nek d\u00f6nt\u00e9se alapj\u00e1n.<br \/>\nA bizotts\u00e1g titk\u00e1rs\u00e1g\u00e1nak feladatait az ad\u00f3z\u00e1s\u00e9rt \u00e9s sz\u00e1mvitel\u00e9rt felel\u0151s helyettes \u00e1llamtitk\u00e1rs\u00e1g l\u00e1tja el, a test\u00fclet az aj\u00e1nlatt\u00e9teli elj\u00e1r\u00e1sban sz\u00fcks\u00e9g szerinti gyakoris\u00e1ggal \u00fcl\u00e9sezik.<br \/>\nAz utas\u00edt\u00e1s 2014. janu\u00e1r 1-j\u00e9n l\u00e9p hat\u00e1lyba, rendelkez\u00e9seit a hat\u00e1lybal\u00e9p\u00e9s napj\u00e1n folyamatban lev\u0151 elj\u00e1r\u00e1sokra is alkalmazni kell.<br \/>\nAz Orsz\u00e1ggy\u0171l\u00e9s december 10-\u00e9n tizenegy j\u00e1t\u00e9kkaszin\u00f3 \u00e9s benn\u00fck \u00f6sszesen 3300 nyer\u0151g\u00e9p m\u0171k\u00f6d\u00e9s\u00e9t enged\u00e9lyezte. A t\u00f6rv\u00e9ny szerint \u00f6tsz\u00e1zezer lakosonk\u00e9nt legfeljebb egy j\u00e1t\u00e9kkaszin\u00f3t lehet \u00fczemeltetni, azzal a megk\u00f6t\u00e9ssel, hogy a f\u0151v\u00e1rosban \u00e9s Pest megy\u00e9ben \u00f6sszesen maximum \u00f6t\u00f6t, a Dun\u00e1nt\u00falon \u00e9s a keleti orsz\u00e1gr\u00e9szben pedig h\u00e1rmat-h\u00e1rmat. A kaszin\u00f3kban egyenk\u00e9nt legfeljebb h\u00e1romsz\u00e1z p\u00e9nznyer\u0151 automata m\u0171k\u00f6dhet.<br \/>\nA parlament 2012 okt\u00f3berben t\u00f6rv\u00e9nyben tiltotta meg a j\u00e1t\u00e9ktermek \u00e9s az elektronikus kaszin\u00f3k \u00fczemeltet\u00e9s\u00e9t, p\u00e9nznyer\u0151 g\u00e9pek az\u00f3ta csak j\u00e1t\u00e9kkaszin\u00f3kban m\u0171k\u00f6dtethet\u0151k, a kor\u00e1bban kiadott enged\u00e9lyek hat\u00e1lyukat vesztett\u00e9k.<br \/>\nEgy m\u00e1sik jogszab\u00e1ly szerint a nemzetgazdas\u00e1gi miniszter kiemelt d\u00edj ellen\u00e9ben p\u00e1ly\u00e1zati elj\u00e1r\u00e1s n\u00e9lk\u00fcl is koncesszi\u00f3s\u00a0\u00a0szerz\u0151d\u00e9st k\u00f6thet legfeljebb \u00f6t j\u00e1t\u00e9kkaszin\u00f3 \u00fczemeltet\u00e9s\u00e9re a megb\u00edzhat\u00f3nak min\u0151s\u00edtett szerencsej\u00e1t\u00e9k-szervez\u0151kkel. A m\u00f3dos\u00edt\u00e1s alapj\u00e1n a szerencsej\u00e1t\u00e9k-szervez\u0151k levonhatj\u00e1k j\u00e1t\u00e9kad\u00f3jukb\u00f3l a koncesszi\u00f3s d\u00edj \u00f6sszeg\u00e9t.(MTI)<\/p>\n","protected":false},"excerpt":{"rendered":"<p>H\u00e1romtag\u00fa d\u00f6nt\u00e9s-el\u0151k\u00e9sz\u00edt\u0151 bizotts\u00e1g v\u00e9lem\u00e9nyezi majd a j\u00e1t\u00e9kkaszin\u00f3k \u00fczemeltet\u00e9s\u00e9re \u00e9rkez\u0151 aj\u00e1nlatokat. Egyebek k\u00f6z\u00f6tt ezt tartalmazza a nemzetgazdas\u00e1gi miniszternek a keddi Hivatalos \u00c9rtes\u00edt\u0151ben megjelent utas\u00edt\u00e1sa.<\/p>\n","protected":false},"author":1,"featured_media":0,"comment_status":"open","ping_status":"closed","sticky":false,"template":"","format":"standard","meta":[],"categories":[19],"tags":[],"_links":{"self":[{"href":"https:\/\/gazdasagportal.hu\/index.php\/wp-json\/wp\/v2\/posts\/24162"}],"collection":[{"href":"https:\/\/gazdasagportal.hu\/index.php\/wp-json\/wp\/v2\/posts"}],"about":[{"href":"https:\/\/gazdasagportal.hu\/index.php\/wp-json\/wp\/v2\/types\/post"}],"author":[{"embeddable":true,"href":"https:\/\/gazdasagportal.hu\/index.php\/wp-json\/wp\/v2\/users\/1"}],"replies":[{"embeddable":true,"href":"https:\/\/gazdasagportal.hu\/index.php\/wp-json\/wp\/v2\/comments?post=24162"}],"version-history":[{"count":1,"href":"https:\/\/gazdasagportal.hu\/index.php\/wp-json\/wp\/v2\/posts\/24162\/revisions"}],"predecessor-version":[{"id":24163,"href":"https:\/\/gazdasagportal.hu\/index.php\/wp-json\/wp\/v2\/posts\/24162\/revisions\/24163"}],"wp:attachment":[{"href":"https:\/\/gazdasagportal.hu\/index.php\/wp-json\/wp\/v2\/media?parent=24162"}],"wp:term":[{"taxonomy":"category","embeddable":true,"href":"https:\/\/gazdasagportal.hu\/index.php\/wp-json\/wp\/v2\/categories?post=24162"},{"taxonomy":"post_tag","embeddable":true,"href":"https:\/\/gazdasagportal.hu\/index.php\/wp-json\/wp\/v2\/tags?post=24162"}],"curies":[{"name":"wp","href":"https:\/\/api.w.org\/{rel}","templated":true}]}}