{"id":24128,"date":"2013-12-31T06:19:03","date_gmt":"2013-12-31T05:19:03","guid":{"rendered":"http:\/\/stockportal.hu\/?p=24128"},"modified":"2013-12-30T23:00:32","modified_gmt":"2013-12-30T22:00:32","slug":"volgogradi-merenyletek-tobb-mint-30-halott-ket-veres-merenyletben","status":"publish","type":"post","link":"https:\/\/gazdasagportal.hu\/index.php\/volgogradi-merenyletek-tobb-mint-30-halott-ket-veres-merenyletben\/","title":{"rendered":"Volgogr\u00e1di mer\u00e9nyletek &#8211; T\u00f6bb mint 30 halott k\u00e9t v\u00e9res mer\u00e9nyletben"},"content":{"rendered":"<p><strong>T\u00f6bb mint 30 halottja \u00e9s mintegy 70 s\u00e9r\u00fcltje van a d\u00e9l-oroszorsz\u00e1gi Volgogr\u00e1dban egy nap leforg\u00e1sa alatt elk\u00f6vetett k\u00e9t robbant\u00e1sos mer\u00e9nyletnek.<!--more--><\/strong><\/p>\n<p>A nagyv\u00e1rosban \u00e9s t\u00e9rs\u00e9g\u00e9ben, valamint Oroszorsz\u00e1g t\u00f6bb r\u00e9gi\u00f3j\u00e1ban fokozott k\u00e9sz\u00fclts\u00e9gbe helyezt\u00e9k a rendv\u00e9delmi szerveket Vlagyimir Putyin orosz \u00e1llamf\u0151 utas\u00edt\u00e1s\u00e1ra &#8211; jelentette be h\u00e9tf\u0151n az orosz Sz\u00f6vets\u00e9gi Biztons\u00e1gi Szolg\u00e1lat (FSZB) igazgat\u00f3ja. Alekszandr Bortnyikov, aki egyben a Nemzeti Terrorelh\u00e1r\u00edt\u00e1si Bizotts\u00e1g (NAK) vezet\u0151je, nem r\u00e9szletezte, hogy Oroszorsz\u00e1g mely ter\u00fcletein er\u0151s\u00edtik a biztons\u00e1gi k\u00e9sz\u00fclts\u00e9get.<br \/>\nMoszkv\u00e1ban mintha k\u00ednosan ker\u00fcln\u00e9k a Volgogr\u00e1dt\u00f3l mintegy 1000 kilom\u00e9terre d\u00e9lre tal\u00e1lhat\u00f3 Szocsi, a j\u00f6v\u0151 febru\u00e1r 7-\u00e9n kezd\u0151d\u0151 t\u00e9li olimpia helysz\u00edn\u00e9nek az eml\u00edt\u00e9s\u00e9t. Egyetlen hivatalos szem\u00e9ly sem hozta sz\u00f3ba a v\u00e1ros nev\u00e9t a volgogr\u00e1di mer\u00e9nyletekkel kapcsolatban.<br \/>\nA Nemzetk\u00f6zi Olimpiai Bizotts\u00e1g (NOB) ugyanakkor k\u00f6zlem\u00e9nyben tudatta: biztos abban, hogy Oroszorsz\u00e1g k\u00e9pes garant\u00e1lni a j\u00e1t\u00e9kok kell\u0151 biztons\u00e1gi sz\u00ednvonal\u00e1t a t\u00e9li olimpi\u00e1n. &#8222;Nincs k\u00e9ts\u00e9g\u00fcnk afel\u0151l, hogy Oroszorsz\u00e1g megbirk\u00f3zik&#8221; e feladattal &#8211; hangoztatt\u00e1k moszkvai sajt\u00f3jelent\u00e9sek szerint Z\u00fcrichben, a NOB sz\u00e9khely\u00e9n.<br \/>\nBortnyikov a NAK \u00fcl\u00e9s\u00e9t k\u00f6vet\u0151en k\u00f6z\u00f6lte, hogy intenz\u00edven nyomoznak a k\u00e9t volgogr\u00e1di terrorcselekm\u00e9ny \u00fcgy\u00e9ben \u00e9s \u00fagy gondolja, hogy fel tudj\u00e1k der\u00edteni a mer\u00e9nyleteket.<br \/>\nA d\u00e9l-oroszorsz\u00e1gi nagyv\u00e1rosban helyi id\u0151 szerint vas\u00e1rnap d\u00e9lut\u00e1n egy \u00f3ra k\u00f6r\u00fcl a k\u00f6zponti vas\u00fat\u00e1llom\u00e1s bej\u00e1rat\u00e1n\u00e1l, majd h\u00e9tf\u0151 reggel f\u00e9l kilenc t\u00e1jban a cs\u00facsforgalomban egy zs\u00fafolt trolibuszon elk\u00f6vetett \u00f6ngyilkos mer\u00e9nyletben \u00f6sszesen 32 ember halt meg, \u00e9s mintegy 70-en megsebes\u00fcltek. A telev\u00edzi\u00f3s felv\u00e9teleken l\u00e1that\u00f3 volt, hogy a j\u00e1rm\u0171 teljesen sz\u00e9troncsol\u00f3dott a deton\u00e1ci\u00f3 miatt. Volt olyan nyilatkoz\u00f3, aki szerint a hat\u00f3s\u00e1gok a vas\u00e1rnapi robbant\u00e1s ut\u00e1n tett \u00edg\u00e9retek ellen\u00e9re nem tettek meg mindent az \u00fajabb mer\u00e9nylet elker\u00fcl\u00e9s\u00e9\u00e9rt. A k\u00fcl\u00f6nb\u00f6z\u0151 volgogr\u00e1di v\u00e1llalatok k\u00fcl\u00f6nj\u00e1ratokat szerveznek dolgoz\u00f3iknak, mert azok f\u00e9lnek a t\u00f6megk\u00f6zleked\u00e9st ig\u00e9nybe venni a munk\u00e1ba \u00e9s hazajut\u00e1shoz.<br \/>\nA halottak sz\u00e1ma m\u00e9g tov\u00e1bb n\u0151het, ugyanis a trolibuszon t\u00f6rt\u00e9nt, mintegy 4 kilogramm trotil hat\u00f3erej\u00e9nek megfelel\u0151 erej\u0171 robban\u00e1s k\u00e9t sebes\u00fcltje igen s\u00falyos \u00e1llapotban van, egy f\u00e9l\u00e9ves csecsem\u0151 k\u00f3m\u00e1ba esett. 25 ember \u00e1llapota k\u00f6zepesen s\u00falyos &#8211; mondta Veronyika Szkvorcova orosz eg\u00e9szs\u00e9g\u00fcgyi miniszter Volgogr\u00e1dban.<br \/>\nA sz\u00f6vets\u00e9gi nyomoz\u00f3hivatal k\u00f6zl\u00e9se szerint mindk\u00e9t \u00f6ngyilkos mer\u00e9nyletet f\u00e9rfiak k\u00f6vett\u00e9k el Volgogr\u00e1dban. Egyik\u00fck az Oroszorsz\u00e1g kelet-eur\u00f3pai r\u00e9sz\u00e9n elter\u00fcl\u0151 Mari K\u00f6zt\u00e1rsas\u00e1gb\u00f3l sz\u00e1rmaz\u00f3 Pavel Csecsenkin volt, aki tavaly vette fel az iszl\u00e1m vall\u00e1st \u00e9s csatlakozott egy dageszt\u00e1ni illeg\u00e1lis fegyveres csoporthoz. A hivatal szerint a k\u00e9t robbant\u00e1s m\u00e1s azonoss\u00e1gokat is mutat, \u00edgy ugyanazok \u00e1llhatnak m\u00f6g\u00f6tt\u00fck.<br \/>\nA volgogr\u00e1di robbant\u00e1sok miatt \u00f6tnapos gy\u00e1sz vette kezdet\u00e9t a r\u00e9gi\u00f3ban, az orosz k\u00f6zponti telev\u00edzi\u00f3k levett\u00e9k a k\u00e9perny\u0151r\u0151l a sz\u00f3rakoztat\u00f3 m\u0171sorokat.<br \/>\nAz orosz egyh\u00e1zi m\u00e9lt\u00f3s\u00e1gok, \u00edgy Kirill ortodox p\u00e1tri\u00e1rka \u00e9s az oroszorsz\u00e1gi muzulm\u00e1n vall\u00e1si vezet\u0151k is el\u00edt\u00e9lt\u00e9k a volgogr\u00e1di terrorcselekm\u00e9nyeket.<br \/>\nJunisz-Bek Jevkurov, az Oroszorsz\u00e1ghoz tartoz\u00f3, kauk\u00e1zusi l\u00e1zad\u00f3 csoportokkal k\u00fczd\u0151 Ingus K\u00f6zt\u00e1rsas\u00e1g eln\u00f6ke kijelentette, az iszl\u00e1m sz\u00e9ls\u0151s\u00e9gesekkel nem lehet demokratikus m\u00f3don b\u00e1nni. A vahabit\u00e1k az illeg\u00e1lis fegyveres csoportok tagjait Oroszorsz\u00e1g m\u00e1s r\u00e9gi\u00f3iban verbuv\u00e1lj\u00e1k. Szentp\u00e9terv\u00e1ron, Moszkv\u00e1ban \u00e9s m\u00e1s nagyv\u00e1rosokban megvetett\u00e9k l\u00e1bukat, ez\u00e9rt ellen\u00fck nem csak az \u00c9szak-Kauk\u00e1zusban kell felvenni a harcot.<br \/>\nMagyarorsz\u00e1g m\u00e9lys\u00e9gesen el\u00edt\u00e9li az oroszorsz\u00e1gi Volgogr\u00e1d v\u00e1ros\u00e1ban vas\u00e1rnap \u00e9s h\u00e9tf\u0151n elk\u00f6vetett s\u00falyos terrorista mer\u00e9nyleteket, amelyek sz\u00e1mos hal\u00e1los \u00e1ldozatot k\u00f6veteltek \u00e9s t\u00f6bb tucat ember sebes\u00fcl\u00e9s\u00e9t okozt\u00e1k &#8211; hangs\u00falyozta a K\u00fcl\u00fcgyminiszt\u00e9rium az MTI-hez h\u00e9tf\u0151 d\u00e9lel\u0151tt eljuttatott k\u00f6zlem\u00e9ny\u00e9ben. A K\u00fcl\u00fcgyminiszt\u00e9rium egy\u00fctt\u00e9rz\u00e9s\u00e9t fejezte ki az \u00e1ldozatok hozz\u00e1tartoz\u00f3inak. Emellett kiemelte, hogy &#8222;Magyarorsz\u00e1g el\u00edt\u00e9li a terrorizmus valamennyi form\u00e1j\u00e1t, \u00e9s messzemen\u0151kig elk\u00f6telezett az emberi \u00e9let \u00e9s a nemzetk\u00f6zi b\u00e9ke v\u00e9delme mellett&#8221;.(MTI)<\/p>\n","protected":false},"excerpt":{"rendered":"<p>T\u00f6bb mint 30 halottja \u00e9s mintegy 70 s\u00e9r\u00fcltje van a d\u00e9l-oroszorsz\u00e1gi Volgogr\u00e1dban egy nap leforg\u00e1sa alatt elk\u00f6vetett k\u00e9t robbant\u00e1sos mer\u00e9nyletnek.<\/p>\n","protected":false},"author":1,"featured_media":0,"comment_status":"open","ping_status":"closed","sticky":false,"template":"","format":"standard","meta":[],"categories":[12],"tags":[],"_links":{"self":[{"href":"https:\/\/gazdasagportal.hu\/index.php\/wp-json\/wp\/v2\/posts\/24128"}],"collection":[{"href":"https:\/\/gazdasagportal.hu\/index.php\/wp-json\/wp\/v2\/posts"}],"about":[{"href":"https:\/\/gazdasagportal.hu\/index.php\/wp-json\/wp\/v2\/types\/post"}],"author":[{"embeddable":true,"href":"https:\/\/gazdasagportal.hu\/index.php\/wp-json\/wp\/v2\/users\/1"}],"replies":[{"embeddable":true,"href":"https:\/\/gazdasagportal.hu\/index.php\/wp-json\/wp\/v2\/comments?post=24128"}],"version-history":[{"count":1,"href":"https:\/\/gazdasagportal.hu\/index.php\/wp-json\/wp\/v2\/posts\/24128\/revisions"}],"predecessor-version":[{"id":24129,"href":"https:\/\/gazdasagportal.hu\/index.php\/wp-json\/wp\/v2\/posts\/24128\/revisions\/24129"}],"wp:attachment":[{"href":"https:\/\/gazdasagportal.hu\/index.php\/wp-json\/wp\/v2\/media?parent=24128"}],"wp:term":[{"taxonomy":"category","embeddable":true,"href":"https:\/\/gazdasagportal.hu\/index.php\/wp-json\/wp\/v2\/categories?post=24128"},{"taxonomy":"post_tag","embeddable":true,"href":"https:\/\/gazdasagportal.hu\/index.php\/wp-json\/wp\/v2\/tags?post=24128"}],"curies":[{"name":"wp","href":"https:\/\/api.w.org\/{rel}","templated":true}]}}