{"id":24118,"date":"2013-12-30T18:35:27","date_gmt":"2013-12-30T17:35:27","guid":{"rendered":"http:\/\/stockportal.hu\/?p=24118"},"modified":"2013-12-30T14:07:06","modified_gmt":"2013-12-30T13:07:06","slug":"az-olaszok-jobban-biznak-az-egyhazban-mint-a-partokban","status":"publish","type":"post","link":"https:\/\/gazdasagportal.hu\/index.php\/az-olaszok-jobban-biznak-az-egyhazban-mint-a-partokban\/","title":{"rendered":"Az olaszok jobban b\u00edznak az egyh\u00e1zban, mint a p\u00e1rtokban"},"content":{"rendered":"<p><strong>Az olasz lakoss\u00e1g 2013-ban teljesen bizalm\u00e1t vesz\u00edtette a politikai int\u00e9zm\u00e9nyekben &#8211; der\u00fclt ki a La Repubblica olasz napilap h\u00e9tf\u0151n k\u00f6z\u00f6lt \u00e9v v\u00e9gi felm\u00e9r\u00e9s\u00e9b\u0151l.<!--more--><\/strong><\/p>\n<p>Az olaszok m\u00e1r nem b\u00edznak semmiben. \u00d6sszeomlott a p\u00e1rtokba vetett bizalmuk \u00e9s az Eur\u00f3pai Uni\u00f3 sem tetszik m\u00e1r nekik &#8211; komment\u00e1lta a balk\u00f6z\u00e9p napilapban megjelent adatokat Ilvo Diamanti szociol\u00f3gus.<br \/>\nAz olaszorsz\u00e1gi int\u00e9zm\u00e9nyek ir\u00e1nti bizalmat vizsg\u00e1l\u00f3 felm\u00e9r\u00e9s szerint a legnagyobb n\u00e9pszer\u0171s\u00e9get m\u00e9g mindig Giorgio Napolitano olasz \u00e1llamf\u0151 \u00e9lvezi. Napolitano 49 sz\u00e1zal\u00e9kos t\u00e1mogatotts\u00e1ga is hat sz\u00e1zal\u00e9kponttal alacsonyabb azonban a 2012 v\u00e9g\u00e9n m\u00e9rtn\u00e9l. Diamanti szerint az idei \u00e9vet v\u00e9gigk\u00eds\u00e9r\u0151 belpolitikai k\u00e1osz miatt az olaszok az \u00e1llamf\u0151t\u0151l is megvont\u00e1k bizalmukat.<br \/>\nAz olaszok h\u00e9t sz\u00e1zal\u00e9k\u00e1nak van bizalma a parlament ir\u00e1nt, ami k\u00e9t tized sz\u00e1zal\u00e9kponttal magasabb tavalyhoz k\u00e9pest. \u00d6t sz\u00e1zal\u00e9k b\u00edzik a p\u00e1rtokban, \u00f6t tized sz\u00e1zal\u00e9kkal kevesebben, mint tavaly.<br \/>\nAz \u00e1llam eg\u00e9sze ir\u00e1nt az olaszok majdnem 19 sz\u00e1zal\u00e9ka mutat bizalmat, h\u00e1rom \u00e9s f\u00e9l sz\u00e1zal\u00e9kponttal kevesebben az egy \u00e9vvel ezel\u0151ttihez k\u00e9pest. A politikai int\u00e9zm\u00e9nyekbe vetett bizalom 24 sz\u00e1zal\u00e9kra esett vissza, a tavalyi 28-r\u00f3l \u00e9s a 2005-ben m\u00e9rt 41 sz\u00e1zal\u00e9kr\u00f3l. T\u00f6bb mint 30 sz\u00e1zal\u00e9k \u00e9rzi \u00fagy, hogy a demokratikus int\u00e9zm\u00e9nyrendszer kudarcot vallott.<br \/>\nAz olaszok 70 sz\u00e1zal\u00e9ka a fegyveres er\u0151ket, 54 sz\u00e1zal\u00e9ka az egyh\u00e1zat tartja megb\u00edzhat\u00f3 int\u00e9zm\u00e9nynek. A hadsereg t\u00e1mogatotts\u00e1ga az ut\u00f3bbi tizenk\u00e9t h\u00f3nap alatt n\u00e9gy, az egyh\u00e1z\u00e9 t\u00edz sz\u00e1zal\u00e9kponttal er\u0151s\u00f6d\u00f6tt. Negyven sz\u00e1zal\u00e9kos az \u00fcgy\u00e9szs\u00e9gek t\u00e1mogatotts\u00e1ga. A szakszervezetek\u00e9 t\u00f6bb mint h\u00fasz sz\u00e1zal\u00e9k, a bankok\u00e9 nem eg\u00e9szen tizenh\u00e1rom sz\u00e1zal\u00e9k.<br \/>\nAz olaszok 32,3 sz\u00e1zal\u00e9ka b\u00edzik az Eur\u00f3pai Uni\u00f3ban. Tavaly m\u00e9g 43,5 sz\u00e1zal\u00e9k volt az ar\u00e1nyuk.<br \/>\nAz olaszok t\u00f6bb mint 52 sz\u00e1zal\u00e9ka nem b\u00edzik a j\u00f6v\u0151ben (tavaly ez az adat 46,7 volt), \u00e9s t\u00edz olaszb\u00f3l hat gondolja \u00fagy, hogy a gazdas\u00e1gi v\u00e1ls\u00e1g It\u00e1li\u00e1ban m\u00e9g legal\u00e1bb k\u00e9t \u00e9vig tart.(MTI)<\/p>\n","protected":false},"excerpt":{"rendered":"<p>Az olasz lakoss\u00e1g 2013-ban teljesen bizalm\u00e1t vesz\u00edtette a politikai int\u00e9zm\u00e9nyekben &#8211; der\u00fclt ki a La Repubblica olasz napilap h\u00e9tf\u0151n k\u00f6z\u00f6lt \u00e9v v\u00e9gi felm\u00e9r\u00e9s\u00e9b\u0151l.<\/p>\n","protected":false},"author":1,"featured_media":0,"comment_status":"open","ping_status":"closed","sticky":false,"template":"","format":"standard","meta":[],"categories":[12,1],"tags":[],"_links":{"self":[{"href":"https:\/\/gazdasagportal.hu\/index.php\/wp-json\/wp\/v2\/posts\/24118"}],"collection":[{"href":"https:\/\/gazdasagportal.hu\/index.php\/wp-json\/wp\/v2\/posts"}],"about":[{"href":"https:\/\/gazdasagportal.hu\/index.php\/wp-json\/wp\/v2\/types\/post"}],"author":[{"embeddable":true,"href":"https:\/\/gazdasagportal.hu\/index.php\/wp-json\/wp\/v2\/users\/1"}],"replies":[{"embeddable":true,"href":"https:\/\/gazdasagportal.hu\/index.php\/wp-json\/wp\/v2\/comments?post=24118"}],"version-history":[{"count":1,"href":"https:\/\/gazdasagportal.hu\/index.php\/wp-json\/wp\/v2\/posts\/24118\/revisions"}],"predecessor-version":[{"id":24119,"href":"https:\/\/gazdasagportal.hu\/index.php\/wp-json\/wp\/v2\/posts\/24118\/revisions\/24119"}],"wp:attachment":[{"href":"https:\/\/gazdasagportal.hu\/index.php\/wp-json\/wp\/v2\/media?parent=24118"}],"wp:term":[{"taxonomy":"category","embeddable":true,"href":"https:\/\/gazdasagportal.hu\/index.php\/wp-json\/wp\/v2\/categories?post=24118"},{"taxonomy":"post_tag","embeddable":true,"href":"https:\/\/gazdasagportal.hu\/index.php\/wp-json\/wp\/v2\/tags?post=24118"}],"curies":[{"name":"wp","href":"https:\/\/api.w.org\/{rel}","templated":true}]}}