{"id":24112,"date":"2013-12-30T14:47:37","date_gmt":"2013-12-30T13:47:37","guid":{"rendered":"http:\/\/stockportal.hu\/?p=24112"},"modified":"2013-12-30T13:48:31","modified_gmt":"2013-12-30T12:48:31","slug":"kovacs-arpad-2014-a-lehetosegek-eve","status":"publish","type":"post","link":"https:\/\/gazdasagportal.hu\/index.php\/kovacs-arpad-2014-a-lehetosegek-eve\/","title":{"rendered":"Kov\u00e1cs \u00c1rp\u00e1d: 2014 a lehet\u0151s\u00e9gek \u00e9ve"},"content":{"rendered":"<p><strong>Az \u00e9vek \u00f3ta stabil \u00e1llamh\u00e1ztart\u00e1si poz\u00edci\u00f3k is hozz\u00e1j\u00e1rultak ahhoz, hogy 2013 \u0151sz\u00e9n megteremt\u0151dtek a gazdas\u00e1gi n\u00f6veked\u00e9s felt\u00e9telei. A nemzetk\u00f6zi konjunkt\u00fara \u00e9l\u00e9nk\u00fcl\u00e9se, a belf\u00f6ldi kereslet v\u00e1rhat\u00f3 b\u0151v\u00fcl\u00e9se alapj\u00e1n re\u00e1lis a korm\u00e1ny k\u00e9tsz\u00e1zal\u00e9kos n\u00f6veked\u00e9si el\u0151rejelz\u00e9se a j\u00f6v\u0151 \u00e9vre &#8211; mondta Kov\u00e1cs \u00c1rp\u00e1d, a K\u00f6lts\u00e9gvet\u00e9si Tan\u00e1cs eln\u00f6ke az MTI-nek adott \u00e9v v\u00e9gi nyilatkozat\u00e1ban.<\/strong><!--more--><br \/>\nKiemelte: az eredm\u00e9nyeket \u00e9s a neh\u00e9zs\u00e9geket sz\u00e1mba v\u00e9ve l\u00e1that\u00f3, hogy 2013-ban m\u00e1r a pozit\u00edvumok voltak d\u00f6nt\u0151 t\u00f6bbs\u00e9gben. Magyarorsz\u00e1g 2013-ban kiker\u00fclt a t\u00falzottdeficit-elj\u00e1r\u00e1s al\u00f3l, \u00edgy elh\u00e1rult az uni\u00f3s forr\u00e1sok cs\u00f6kkent\u00e9s\u00e9nek vesz\u00e9lye, \u00e9s ami enn\u00e9l fontosabb, hogy ez az eredm\u00e9ny az orsz\u00e1g fenntarthat\u00f3 k\u00f6lts\u00e9gvet\u00e9si stabilit\u00e1s\u00e1nak elismer\u00e9s\u00e9t jelentette. Mindez er\u0151s\u00edtette a befektet\u0151i, v\u00e1llalkoz\u00f3i bizalmat &#8211; h\u00fazta al\u00e1 a KT eln\u00f6ke.<br \/>\nKov\u00e1cs \u00c1rp\u00e1d hangs\u00falyozta: az \u00e1llamh\u00e1ztart\u00e1s ad\u00f3ss\u00e1gszolg\u00e1lati terhei sz\u00e1zmilli\u00e1rd forintos nagys\u00e1grendben cs\u00f6kkentek. Mindebben szerepet j\u00e1tszott a gazdas\u00e1gi folyamatok m\u00e1sodik f\u00e9l\u00e9vi, a v\u00e1rakoz\u00e1sn\u00e1l kedvez\u0151bb alakul\u00e1sa, a kiad\u00e1sok fegyelme, a bev\u00e9telek n\u00f6vel\u00e9s\u00e9re ir\u00e1nyul\u00f3 p\u00f3tl\u00f3lagos int\u00e9zked\u00e9scsomag \u00e9s az 500 milli\u00e1rd forintos tartal\u00e9k fel nem haszn\u00e1l\u00e1sa. 2013 \u00edgy j\u00f3 alapot teremt a j\u00f6v\u0151 \u00e9vre &#8211; h\u00fazta al\u00e1 a KT eln\u00f6ke.<br \/>\n&#8222;Rem\u00e9lj\u00fck, a p\u00e1lya tart\u00e1sa kevesebb \u00e9vk\u00f6zi m\u00f3dos\u00edt\u00e1st k\u00edv\u00e1n majd. Ezek ugyanis m\u00e9g akkor is el\u0151nytelenek a k\u00f6lts\u00e9gvet\u00e9s hiteless\u00e9g\u00e9re n\u00e9zve, ha r\u00e9szben technikai jelleg\u0171ek, illetve a korm\u00e1ny vagyonpolitikai c\u00e9ljai megval\u00f3s\u00edt\u00e1s\u00e1t szolg\u00e1lj\u00e1k&#8221; &#8211; f\u0171zte hozz\u00e1 Kov\u00e1cs \u00c1rp\u00e1d.<br \/>\nKifejtette: a lakoss\u00e1gi megtakar\u00edt\u00e1sok n\u00f6vekednek, az infl\u00e1ci\u00f3 alacsony, de ma m\u00e9g a mag\u00e1nberuh\u00e1z\u00e1sok alacsony szintje, a fogyaszt\u00e1s lass\u00fa b\u0151v\u00fcl\u00e9se, a gyenge banki finansz\u00edroz\u00e1s is adotts\u00e1g.<br \/>\nR\u00e1mutatott: az \u00e1fabev\u00e9tel 2013. \u00e9vi el\u0151ir\u00e1nyzat\u00e1hoz hasonl\u00f3an a 2014. \u00e9vi is fesz\u00edtett, mik\u00f6zben az Orsz\u00e1gv\u00e9delmi Alapban el\u0151ir\u00e1nyzott tartal\u00e9k csup\u00e1n negyede az el\u0151z\u0151 \u00e9vinek. B\u00e1r ut\u00f3bbi a kisebb 2014. \u00e9vi teljes\u00edt\u00e9si kock\u00e1zatokkal magyar\u00e1zhat\u00f3, \u00e9s az el\u0151ir\u00e1nyzott 100 milli\u00e1rd forint m\u00e9g el\u00e9gs\u00e9ges lehet a becs\u00fclt bev\u00e9teli kock\u00e1zatok ellens\u00falyoz\u00e1s\u00e1ra, de ez a tartal\u00e9k csak bizonyos hat\u00e1rig ny\u00fajthat fedezetet az esetleg l\u00e9nyegesen kedvez\u0151tlenebb gazdas\u00e1gi helyzetb\u0151l ad\u00f3d\u00f3 bev\u00e9tel-elmarad\u00e1sok \u00e9s kiad\u00e1s-n\u00f6veked\u00e9sek hat\u00e1sainak ellens\u00falyoz\u00e1s\u00e1ra &#8211; elemezte a KT eln\u00f6ke.<br \/>\nKifejtette: a kiad\u00e1si oldalon a f\u0151bb szolg\u00e1ltat\u00e1si ter\u00fcleteken szer\u00e9ny m\u00e9rt\u00e9k\u0171, tized-sz\u00e1zal\u00e9kokban m\u00e9rhet\u0151 t\u00f6bbletek tal\u00e1lhat\u00f3k, \u00e9s jelent\u0151s az egyes eur\u00f3pai uni\u00f3s forr\u00e1sokb\u00f3l \u00e9s \u00e1llamh\u00e1ztart\u00e1si p\u00e9nzekb\u0151l finansz\u00edrozott beruh\u00e1z\u00e1si ter\u00fcleteken az \u00e9l\u00e9nk\u00fcl\u00e9s, emellett meghat\u00e1roz\u00f3 bels\u0151 kiad\u00e1si \u00e1trendez\u0151d\u00e9seket hoztak az \u00f6nkorm\u00e1nyzati ad\u00f3ss\u00e1g-\u00e1tv\u00e1llal\u00e1sok. Ezek hat\u00e1s\u00e1val, fedezet\u00fck biztos\u00edt\u00e1s\u00e1val a k\u00f6lts\u00e9gvet\u00e9s sz\u00e1mol, mint ahogyan azokkal a lakoss\u00e1gi tehercs\u00f6kkent\u00e9st szolg\u00e1l\u00f3 vagy szoci\u00e1lpolitikai int\u00e9zked\u00e9sekkel is, amelyek a k\u00f6lts\u00e9gvet\u00e9s bev\u00e9teli oldal\u00e1n hoznak v\u00e1ltoz\u00e1sokat, kies\u00e9seket.<br \/>\nKov\u00e1cs \u00c1rp\u00e1d jelezte: a 2014. \u00e9vi k\u00f6lts\u00e9gvet\u00e9s sz\u00e1mai szerint teh\u00e1t teljes\u00fclhetnek a Magyarorsz\u00e1g gazdas\u00e1gi stabilit\u00e1s\u00e1r\u00f3l sz\u00f3l\u00f3 t\u00f6rv\u00e9nyben foglalt el\u0151\u00edr\u00e1sok. Ha a k\u00f6lts\u00e9gvet\u00e9si \u00e9s a versenygazdas\u00e1g m\u0171k\u00f6d\u00e9se, teljes\u00edtm\u00e9nye, az infl\u00e1ci\u00f3 m\u00e9rt\u00e9ke a tervek szerint alakul, akkor megvannak a felt\u00e9telei a hi\u00e1nyc\u00e9l tart\u00e1s\u00e1nak \u00e9s a GDP ar\u00e1ny\u00e1ban kifejezett \u00e1llamad\u00f3ss\u00e1g &#8211; szer\u00e9ny m\u00e9rt\u00e9k\u0171 &#8211; cs\u00f6kken\u00e9s\u00e9nek &#8211; hangs\u00falyozta a KT eln\u00f6ke.<br \/>\nFelh\u00edvta a figyelmet arra: a\u00a0\u00a0kit\u0171z\u00f6tt c\u00e9lok fesz\u00edtetts\u00e9g\u00e9t azonban j\u00f3l mutatja, hogy a hi\u00e1nyc\u00e9l tized sz\u00e1zal\u00e9kponttal marad el az Eur\u00f3pai Uni\u00f3 el\u0151\u00edr\u00e1saiban m\u00e9g elfogadhat\u00f3 szintt\u0151l, az ad\u00f3ss\u00e1gmutat\u00f3 javul\u00e1sa pedig mintegy f\u00e9l sz\u00e1zal\u00e9kpont. A sz\u00e1m\u00edtottn\u00e1l l\u00e9nyegesen alacsonyabb infl\u00e1ci\u00f3 vagy a korm\u00e1nyzati szektorba sorolt egy\u00e9b szervezetek ad\u00f3ss\u00e1g\u00e1nak a becs\u00fcltn\u00e9l nagyobb \u00e9rt\u00e9ke a v\u00e1llalt felt\u00e9telek k\u00f6z\u00f6tt a hi\u00e1nyc\u00e9l tart\u00e1sa, illetve az ad\u00f3ss\u00e1gszab\u00e1ly teljes\u00fcl\u00e9se szempontj\u00e1b\u00f3l kock\u00e1zatot jelent &#8211; mutatott r\u00e1 Kov\u00e1cs \u00c1rp\u00e1d.<br \/>\nAz eln\u00f6k arr\u00f3l is sz\u00f3lt, hogy a hi\u00e1nyc\u00e9l teljes\u00fcl\u00e9se, az \u00e1llamad\u00f3ss\u00e1g-szab\u00e1ly \u00e9rv\u00e9nyes\u00fcl\u00e9se ez\u00e1ltal felt\u00e9telezi, hogy a k\u00f6lts\u00e9gvet\u00e9s alapj\u00e1t k\u00e9pez\u0151 makrogazdas\u00e1gi p\u00e1lya teljes\u00fcl\u00e9s\u00e9nek k\u00fcls\u0151 \u00e9s bels\u0151 felt\u00e9telei nem v\u00e1ltoznak. Megmarad az exportpiacokon a megindult konjunkt\u00fara, javul az orsz\u00e1g meg\u00edt\u00e9l\u00e9se, er\u0151s\u00f6dik a befektet\u0151i bizalom, \u00e9s az alacsonyabb kamatfel\u00e1r r\u00e9v\u00e9n olcs\u00f3bb\u00e1 v\u00e1lik a k\u00f6lts\u00e9gvet\u00e9s finansz\u00edroz\u00e1sa, ellen lehet \u00e1llni k\u00fcl\u00f6nb\u00f6z\u0151 b\u00e9rnyom\u00e1soknak &#8211; elemezte.<br \/>\nHozz\u00e1tette: &#8222;ha messzebbre tekint\u00fcnk, akkor ahhoz, hogy ne csak 2014-re legyen val\u00f3s\u00e1g a k\u00f6rnyez\u0151 orsz\u00e1gok\u00e9val hossz\u00fa id\u0151 ut\u00e1n el\u0151sz\u00f6r azonos, k\u00e9tsz\u00e1zal\u00e9kos vagy ann\u00e1l is jobb n\u00f6veked\u00e9si v\u00e1rakoz\u00e1s, a gazdas\u00e1g potenci\u00e1lis n\u00f6veked\u00e9si adotts\u00e1gainak \u00e9s versenyk\u00e9pess\u00e9g\u00e9nek er\u0151teljesebb n\u00f6vel\u00e9s\u00e9re van sz\u00fcks\u00e9g&#8221;.(MTI)<\/p>\n","protected":false},"excerpt":{"rendered":"<p>Az \u00e9vek \u00f3ta stabil \u00e1llamh\u00e1ztart\u00e1si poz\u00edci\u00f3k is hozz\u00e1j\u00e1rultak ahhoz, hogy 2013 \u0151sz\u00e9n megteremt\u0151dtek a gazdas\u00e1gi n\u00f6veked\u00e9s felt\u00e9telei. A nemzetk\u00f6zi konjunkt\u00fara \u00e9l\u00e9nk\u00fcl\u00e9se, a belf\u00f6ldi kereslet v\u00e1rhat\u00f3 b\u0151v\u00fcl\u00e9se alapj\u00e1n re\u00e1lis a korm\u00e1ny k\u00e9tsz\u00e1zal\u00e9kos n\u00f6veked\u00e9si el\u0151rejelz\u00e9se a j\u00f6v\u0151 \u00e9vre &#8211; mondta Kov\u00e1cs \u00c1rp\u00e1d, a K\u00f6lts\u00e9gvet\u00e9si Tan\u00e1cs eln\u00f6ke az MTI-nek adott \u00e9v v\u00e9gi nyilatkozat\u00e1ban.<\/p>\n","protected":false},"author":1,"featured_media":0,"comment_status":"open","ping_status":"closed","sticky":false,"template":"","format":"standard","meta":[],"categories":[18],"tags":[],"_links":{"self":[{"href":"https:\/\/gazdasagportal.hu\/index.php\/wp-json\/wp\/v2\/posts\/24112"}],"collection":[{"href":"https:\/\/gazdasagportal.hu\/index.php\/wp-json\/wp\/v2\/posts"}],"about":[{"href":"https:\/\/gazdasagportal.hu\/index.php\/wp-json\/wp\/v2\/types\/post"}],"author":[{"embeddable":true,"href":"https:\/\/gazdasagportal.hu\/index.php\/wp-json\/wp\/v2\/users\/1"}],"replies":[{"embeddable":true,"href":"https:\/\/gazdasagportal.hu\/index.php\/wp-json\/wp\/v2\/comments?post=24112"}],"version-history":[{"count":1,"href":"https:\/\/gazdasagportal.hu\/index.php\/wp-json\/wp\/v2\/posts\/24112\/revisions"}],"predecessor-version":[{"id":24113,"href":"https:\/\/gazdasagportal.hu\/index.php\/wp-json\/wp\/v2\/posts\/24112\/revisions\/24113"}],"wp:attachment":[{"href":"https:\/\/gazdasagportal.hu\/index.php\/wp-json\/wp\/v2\/media?parent=24112"}],"wp:term":[{"taxonomy":"category","embeddable":true,"href":"https:\/\/gazdasagportal.hu\/index.php\/wp-json\/wp\/v2\/categories?post=24112"},{"taxonomy":"post_tag","embeddable":true,"href":"https:\/\/gazdasagportal.hu\/index.php\/wp-json\/wp\/v2\/tags?post=24112"}],"curies":[{"name":"wp","href":"https:\/\/api.w.org\/{rel}","templated":true}]}}