{"id":24110,"date":"2013-12-30T17:46:22","date_gmt":"2013-12-30T16:46:22","guid":{"rendered":"http:\/\/stockportal.hu\/?p=24110"},"modified":"2013-12-30T13:47:15","modified_gmt":"2013-12-30T12:47:15","slug":"adocsalasi-vad-a-fougyeszseg-elutasitotta-a-hazkutatas-miatt-benyujtott-panaszt","status":"publish","type":"post","link":"https:\/\/gazdasagportal.hu\/index.php\/adocsalasi-vad-a-fougyeszseg-elutasitotta-a-hazkutatas-miatt-benyujtott-panaszt\/","title":{"rendered":"Ad\u00f3csal\u00e1si v\u00e1d &#8211; A f\u0151\u00fcgy\u00e9szs\u00e9g elutas\u00edtotta a h\u00e1zkutat\u00e1s miatt beny\u00fajtott panaszt"},"content":{"rendered":"<p><strong>A F\u0151v\u00e1rosi F\u0151\u00fcgy\u00e9szs\u00e9g elutas\u00edtotta a Horv\u00e1th Andr\u00e1s volt ad\u00f3hivatali dolgoz\u00f3n\u00e1l tartott h\u00e1zkutat\u00e1s \u00e9s lefoglal\u00e1st elrendel\u0151 hat\u00e1rozat ellen bejelentett panaszt.<!--more--><\/strong><\/p>\n<p>A f\u0151\u00fcgy\u00e9szs\u00e9g h\u00e9tf\u0151i, az MTI-hez eljuttatott k\u00f6zlem\u00e9ny\u00e9ben azt \u00edrta: a d\u00f6nt\u00e9s indoka az, hogy a Nemzeti Ad\u00f3- \u00e9s V\u00e1mhivatal (NAV) feljelent\u00e9s\u00e9re indult \u00fcgyben meg\u00e1llap\u00edthat\u00f3 b\u0171ncselekm\u00e9ny gyan\u00faja, a lefoglalt dolgok pedig bizony\u00edt\u00e9kot k\u00e9pezhetnek, ez\u00e9rt a h\u00e1zkutat\u00e1s \u00e9s a lefoglal\u00e1s t\u00f6rv\u00e9nyes \u00e9s megalapozott volt.<br \/>\nUgyanakkor a F\u0151v\u00e1rosi F\u0151\u00fcgy\u00e9szs\u00e9g \u00e1ll\u00e1spontja szerint a NAV feljelent\u00e9se alapj\u00e1n sem szem\u00e9lyes adattal vissza\u00e9l\u00e9s, sem hivatali vissza\u00e9l\u00e9s b\u0171ntette nem volt meg\u00e1llap\u00edthat\u00f3, hanem &#8211; a nyomoz\u00f3hat\u00f3s\u00e1g min\u0151s\u00edt\u00e9s\u00e9t\u0151l elt\u00e9r\u0151en &#8211; inform\u00e1ci\u00f3s rendszer vagy adat megs\u00e9rt\u00e9se v\u00e9ts\u00e9g\u00e9nek gyan\u00faj\u00e1t kelti. Mint \u00edrt\u00e1k: a jelenleg rendelkez\u00e9sre \u00e1ll\u00f3 adatok alapj\u00e1n a gyan\u00fa kiz\u00e1r\u00f3lag arra vonatkozik, hogy a feljelentett &#8211; az ad\u00f3hat\u00f3s\u00e1g munkat\u00e1rsak\u00e9nt &#8211; jogosulatlanul gy\u0171jt\u00f6tt, illetve t\u00e1rolt olyan adatokat, amelyek semmilyen form\u00e1ban nem kapcsol\u00f3dtak a munkak\u00f6r\u00e9hez.<br \/>\nAz \u00fcgyben a nyomoz\u00e1st a K\u00e9szenl\u00e9ti Rend\u0151rs\u00e9g Nemzeti Nyomoz\u00f3 Iroda Korrupci\u00f3 \u00e9s Gazdas\u00e1gi B\u0171n\u00f6z\u00e9s Elleni F\u0151oszt\u00e1lya folytatja le &#8211; olvashat\u00f3 az \u00fcgy\u00e9szs\u00e9g k\u00f6zlem\u00e9ny\u00e9ben.<br \/>\nBagoly Bettina, a F\u0151v\u00e1rosi F\u0151\u00fcgy\u00e9szs\u00e9g sz\u00f3viv\u0151je az MTI k\u00e9rd\u00e9s\u00e9re azt mondta, az \u00fcgy\u00e9szs\u00e9g kifejezte azt az \u00e1ll\u00e1spontj\u00e1t a nyomoz\u00f3hat\u00f3s\u00e1gnak, hogy c\u00e9lszer\u0171bb lett volna a h\u00e1zkutat\u00e1st \u00e9s a lefoglal\u00e1st a Horv\u00e1th Andr\u00e1s feljelent\u00e9se alapj\u00e1n indult alap\u00fcgyben v\u00e9grehajtani, ez azonban nem teszi t\u00f6rv\u00e9nys\u00e9rt\u0151v\u00e9 a n\u00e1la tett h\u00e1zkutat\u00e1st \u00e9s lefoglal\u00e1st, mivel a NAV feljelent\u00e9se alapj\u00e1n ez indokolt volt.<br \/>\nHorv\u00e1th Andr\u00e1s kor\u00e1bbi ad\u00f3hivatali dolgoz\u00f3 november elej\u00e9n tartott sajt\u00f3t\u00e1j\u00e9koztat\u00f3j\u00e1n besz\u00e9lt arr\u00f3l, hogy nagyobb hazai c\u00e9gek \u00e9s multik \u00e9vente t\u00f6bb mint ezermilli\u00e1rd forint \u00e9rt\u00e9kben csalnak ad\u00f3t, amihez korm\u00e1nyzati k\u00f6r\u00f6k t\u00e1mogat\u00e1s\u00e1val az ad\u00f3hat\u00f3s\u00e1g is assziszt\u00e1l.<br \/>\nA NAV visszautas\u00edtotta a v\u00e1dat, \u00e9s r\u00e1galmaz\u00e1s miatt feljelent\u00e9st tett volt munkat\u00e1rsa ellen. Ez alapj\u00e1n a K\u00e9szenl\u00e9ti Rend\u0151rs\u00e9g Nemzeti Nyomoz\u00f3 Iroda december 11-\u00e9n nyomoz\u00e1st rendelt el vissza\u00e9l\u00e9s szem\u00e9lyes adattal \u00e9s hivatali vissza\u00e9l\u00e9s b\u0171ntett elk\u00f6vet\u00e9s\u00e9nek gyan\u00faja miatt. Az elj\u00e1r\u00e1s keret\u00e9ben december 19-\u00e9n h\u00e1zkutat\u00e1st tartottak Horv\u00e1th Andr\u00e1sn\u00e1l. Az Origo aznapi cikk\u00e9ben azt \u00edrta: a rend\u0151r\u00f6k elvitt\u00e9k Horv\u00e1th Andr\u00e1s sz\u00e1m\u00edt\u00f3g\u00e9p\u00e9nek merevlemez\u00e9t \u00e9s sz\u00e1mos iratot. Horv\u00e1th Andr\u00e1s az ATV Egyenes besz\u00e9d c\u00edm\u0171 m\u0171sor\u00e1ban azt mondta: nem k\u00e9sz\u00edtett m\u00e1solatot, mindent odaadott a nyomoz\u00f3knak. Hozz\u00e1tette: a h\u00e1zkutat\u00e1s sor\u00e1n szembes\u00fclt azzal, hogy h\u00e1rom b\u0171ncselekm\u00e9ny &#8211; szem\u00e9lyes adattal val\u00f3 vissza\u00e9l\u00e9s, r\u00e1galmaz\u00e1s \u00e9s hivatali vissza\u00e9l\u00e9s &#8211; \u00fcgy\u00e9ben nyomoznak ellene.(MTI)<\/p>\n","protected":false},"excerpt":{"rendered":"<p>A F\u0151v\u00e1rosi F\u0151\u00fcgy\u00e9szs\u00e9g elutas\u00edtotta a Horv\u00e1th Andr\u00e1s volt ad\u00f3hivatali dolgoz\u00f3n\u00e1l tartott h\u00e1zkutat\u00e1s \u00e9s lefoglal\u00e1st elrendel\u0151 hat\u00e1rozat ellen bejelentett panaszt.<\/p>\n","protected":false},"author":1,"featured_media":0,"comment_status":"open","ping_status":"closed","sticky":false,"template":"","format":"standard","meta":[],"categories":[18],"tags":[],"_links":{"self":[{"href":"https:\/\/gazdasagportal.hu\/index.php\/wp-json\/wp\/v2\/posts\/24110"}],"collection":[{"href":"https:\/\/gazdasagportal.hu\/index.php\/wp-json\/wp\/v2\/posts"}],"about":[{"href":"https:\/\/gazdasagportal.hu\/index.php\/wp-json\/wp\/v2\/types\/post"}],"author":[{"embeddable":true,"href":"https:\/\/gazdasagportal.hu\/index.php\/wp-json\/wp\/v2\/users\/1"}],"replies":[{"embeddable":true,"href":"https:\/\/gazdasagportal.hu\/index.php\/wp-json\/wp\/v2\/comments?post=24110"}],"version-history":[{"count":1,"href":"https:\/\/gazdasagportal.hu\/index.php\/wp-json\/wp\/v2\/posts\/24110\/revisions"}],"predecessor-version":[{"id":24111,"href":"https:\/\/gazdasagportal.hu\/index.php\/wp-json\/wp\/v2\/posts\/24110\/revisions\/24111"}],"wp:attachment":[{"href":"https:\/\/gazdasagportal.hu\/index.php\/wp-json\/wp\/v2\/media?parent=24110"}],"wp:term":[{"taxonomy":"category","embeddable":true,"href":"https:\/\/gazdasagportal.hu\/index.php\/wp-json\/wp\/v2\/categories?post=24110"},{"taxonomy":"post_tag","embeddable":true,"href":"https:\/\/gazdasagportal.hu\/index.php\/wp-json\/wp\/v2\/tags?post=24110"}],"curies":[{"name":"wp","href":"https:\/\/api.w.org\/{rel}","templated":true}]}}